{"id":5398,"date":"2010-04-02T07:48:48","date_gmt":"2010-04-02T06:48:48","guid":{"rendered":"http:\/\/www.au-pays-des-merveilles.com\/blog\/?p=5398"},"modified":"2019-03-22T17:17:39","modified_gmt":"2019-03-22T15:17:39","slug":"pour-le-goter-la-tarte-aux-fraises","status":"publish","type":"post","link":"https:\/\/www.au-pays-des-merveilles.com\/blog\/2010\/04\/02\/pour-le-goter-la-tarte-aux-fraises\/","title":{"rendered":"Pour le go&ucirc;ter : la tarte aux fraises"},"content":{"rendered":"<p><a href=\"https:\/\/www.au-pays-des-merveilles.com\/blog\/wp-content\/uploads\/2010\/03\/IMG_9066.jpg\"><img loading=\"lazy\" decoding=\"async\" style=\"display: block; float: none; margin-left: auto; margin-right: auto; border: 0px;\" title=\"IMG_9066\" src=\"https:\/\/www.au-pays-des-merveilles.com\/blog\/wp-content\/uploads\/2010\/03\/IMG_9066_thumb.jpg\" border=\"0\" alt=\"IMG_9066\" width=\"604\" height=\"404\" \/><\/a><\/p>\n<p>Je vais vous faire une r\u00e9v\u00e9lation, c\u2019est la premi\u00e8re fois que je me tente \u00e0 faire une tarte aux fraises ! Je ne sais pas pourquoi, j\u2019ai toujours pens\u00e9 que la tarte aux fraises \u00e9tait bien plus fastidieuse \u00e0 faire qu\u2019une tarte aux pommes. Je me suis tromp\u00e9e ! Il est bien plus long d\u2019\u00e9plucher et de couper les pommes que de s\u2019amuser \u00e0 nettoyer les fraises et faire une cr\u00e8me p\u00e2tissi\u00e8re !<\/p>\n<p>Pour la recette, je suis toujours fid\u00e8le \u00e0 Marmiton. Je l\u2019ai trouv\u00e9 \u00e0 \u201c<a rel=\"nofollow\" rel=\"nofollow noopener noreferrer\" href=\"http:\/\/www.marmiton.org\/Recettes\/Recette_tarte-aux-fraises-facile_16846.aspx\" target=\"_blank\">recette de tarte aux fraises facile<\/a>\u201d. Et effectivement, elle \u00e9tait tr\u00e8s facile ! En revanche, j\u2019ai rajout\u00e9 une difficult\u00e9 puisque, comme je vous l\u2019ai dit, j\u2019ai fait une cr\u00e8me p\u00e2tissi\u00e8re. Mais l\u00e0 aussi c\u2019\u00e9tait un jeu d\u2019enfant, je l\u2019ai faite au micro-ondes. Aucun doute, je la recommencerai ! En 5 min, vous avez un tr\u00e8s bon appareil pour votre tarte. Je l\u2019ai trouv\u00e9 \u00e9galement sur <a rel=\"nofollow\" rel=\"nofollow noopener noreferrer\" href=\"http:\/\/www.marmiton.org\/Recettes\/Recette_creme-patissiere-au-micro-ondes_30764.aspx\" target=\"_blank\">le site des gourmands<\/a> !<\/p>\n<p>Elle \u00e9tait tr\u00e8s bonne. Seulement, j\u2019ai trouv\u00e9 la p\u00e2te trop croustillante \u00e0 mon go\u00fbt et \u00e7a je le remarque \u00e0 chaque fois que je fais cuire ma p\u00e2te \u00e0 blanc. A chaque fois, la p\u00e2te est trop dure. Est ce la texture de la p\u00e2te qui fait \u00e7a ? (c\u2019\u00e9tait une p\u00e2te bris\u00e9e). Alors si vous avez des astuces pour rendre la p\u00e2te plus moelleuse lorsqu\u2019on la cuit \u00e0 blanc, je suis preneuse ! Merki !<\/p>\n<p>Je vous rassure, elle se mange quand m\u00eame tr\u00e8s bien ! <img src=\"https:\/\/www.au-pays-des-merveilles.com\/blog\/wp-includes\/images\/smilies\/3.gif\" alt=\";)\" class=\"wp-smiley\" style=\"height: 1em; max-height: 1em;\" \/><\/p>\n<p><a href=\"https:\/\/www.au-pays-des-merveilles.com\/blog\/wp-content\/uploads\/2010\/03\/IMG_9069.jpg\"><img loading=\"lazy\" decoding=\"async\" style=\"display: block; float: none; margin-left: auto; margin-right: auto; border: 0px;\" title=\"IMG_9069\" src=\"https:\/\/www.au-pays-des-merveilles.com\/blog\/wp-content\/uploads\/2010\/03\/IMG_9069_thumb.jpg\" border=\"0\" alt=\"IMG_9069\" width=\"644\" height=\"431\" \/><\/a><\/p>\n","protected":false},"excerpt":{"rendered":"<p>Je vais vous faire une r\u00e9v\u00e9lation, c\u2019est la premi\u00e8re fois que je me tente \u00e0 faire une tarte aux fraises ! Je ne sais pas pourquoi, j\u2019ai toujours pens\u00e9 que la tarte aux fraises \u00e9tait bien plus fastidieuse \u00e0 faire qu\u2019une tarte aux pommes. Je me suis tromp\u00e9e ! Il est bien plus long d\u2019\u00e9plucher<\/p>\n","protected":false},"author":1,"featured_media":0,"comment_status":"open","ping_status":"open","sticky":false,"template":"","format":"standard","meta":{"footnotes":""},"categories":[10,34],"tags":[],"class_list":["post-5398","post","type-post","status-publish","format-standard","hentry","category-cook-book","category-pour-le-gouter"],"_links":{"self":[{"href":"https:\/\/www.au-pays-des-merveilles.com\/blog\/wp-json\/wp\/v2\/posts\/5398","targetHints":{"allow":["GET"]}}],"collection":[{"href":"https:\/\/www.au-pays-des-merveilles.com\/blog\/wp-json\/wp\/v2\/posts"}],"about":[{"href":"https:\/\/www.au-pays-des-merveilles.com\/blog\/wp-json\/wp\/v2\/types\/post"}],"author":[{"embeddable":true,"href":"https:\/\/www.au-pays-des-merveilles.com\/blog\/wp-json\/wp\/v2\/users\/1"}],"replies":[{"embeddable":true,"href":"https:\/\/www.au-pays-des-merveilles.com\/blog\/wp-json\/wp\/v2\/comments?post=5398"}],"version-history":[{"count":0,"href":"https:\/\/www.au-pays-des-merveilles.com\/blog\/wp-json\/wp\/v2\/posts\/5398\/revisions"}],"wp:attachment":[{"href":"https:\/\/www.au-pays-des-merveilles.com\/blog\/wp-json\/wp\/v2\/media?parent=5398"}],"wp:term":[{"taxonomy":"category","embeddable":true,"href":"https:\/\/www.au-pays-des-merveilles.com\/blog\/wp-json\/wp\/v2\/categories?post=5398"},{"taxonomy":"post_tag","embeddable":true,"href":"https:\/\/www.au-pays-des-merveilles.com\/blog\/wp-json\/wp\/v2\/tags?post=5398"}],"curies":[{"name":"wp","href":"https:\/\/api.w.org\/{rel}","templated":true}]}}