{"id":5417,"date":"2010-04-05T07:00:28","date_gmt":"2010-04-05T05:00:28","guid":{"rendered":"http:\/\/www.au-pays-des-merveilles.com\/blog\/?p=5417"},"modified":"2019-03-22T17:17:39","modified_gmt":"2019-03-22T15:17:39","slug":"mon-nouveau-parfum-sign-ulric-de-varens-concours","status":"publish","type":"post","link":"https:\/\/www.au-pays-des-merveilles.com\/blog\/2010\/04\/05\/mon-nouveau-parfum-sign-ulric-de-varens-concours\/","title":{"rendered":"Mon nouveau parfum sign&eacute; Ulric de Varens {concours}"},"content":{"rendered":"<p>Je vous avoue que je ne connaissais pas la marque <a rel=\"nofollow\" rel=\"nofollow noopener noreferrer\" href=\"http:\/\/www.ulric-de-varens.com\" target=\"_blank\">Ulric de Varens<\/a> il y a encore tr\u00e8s peu de temps. J\u2019avais vu des boutiques s\u2019ouvrir dans certains shopping centers sans vraiment m\u2019y int\u00e9resser plus que \u00e7a. Et finalement, quand j\u2019ai d\u00e9couvert les fragrances <a rel=\"nofollow\" href=\"http:\/\/www.ulric-de-varens.com\/\">Varens<\/a> Essentiel, je regrette de ne pas \u00eatre entrer plus t\u00f4t dans ces parfumeries. En plus, plus aucune excuse pour ne pas en mettre puisque les flacons <a rel=\"nofollow\" href=\"http:\/\/www.ulric-de-varens.com\/\">Varens<\/a> Essentiel co\u00fbte la modique somme de 13,50 \u20ac pour le 25 ml et 18,50 \u20ac pour le 50 ml.<\/p>\n<p><a href=\"https:\/\/www.au-pays-des-merveilles.com\/blog\/wp-content\/uploads\/2010\/04\/NEROLIDIVIN50MLJPEG.jpg\"><img loading=\"lazy\" decoding=\"async\" style=\"display: inline; border: 0px;\" title=\"NEROLI DIVIN 50 ML JPEG\" src=\"https:\/\/www.au-pays-des-merveilles.com\/blog\/wp-content\/uploads\/2010\/04\/NEROLIDIVIN50MLJPEG_thumb.jpg\" border=\"0\" alt=\"NEROLI DIVIN 50 ML JPEG\" width=\"160\" height=\"240\" \/><\/a> Moi je suis fan des 5 nouveaux parfums de la collection <a rel=\"nofollow\" href=\"http:\/\/www.ulric-de-varens.com\/\">Varens<\/a> Essentiel et notamment \u201c<span style=\"color: #ff8000;\">Neroli Divin<\/span>\u201d \u00e0 la fleur d\u2019oranger : cocktail d\u2019orange, citron, pamplemousse, rhubarbe en notes de t\u00eate, fleur d\u2019oranger et jasmin en notes douces et en fond des effluves musqu\u00e9s et sucr\u00e9s avec la vanille et le caramel. Parfait pour cet \u00e9t\u00e9 !<\/p>\n<p>4 autres th\u00e8mes viennent compl\u00e9ter la collection et nous plongent dans la douce atmosph\u00e8re des ambiances baign\u00e9es de soleil o\u00f9 les effluves bois\u00e9es et \u00e9pic\u00e9es se marient au notes poudr\u00e9es des fleurs.<\/p>\n<p><a href=\"https:\/\/www.au-pays-des-merveilles.com\/blog\/wp-content\/uploads\/2010\/04\/SANTALINTENSE50MLJPEG.jpg\"><img loading=\"lazy\" decoding=\"async\" style=\"display: inline; border: 0px;\" title=\"SANTAL INTENSE 50 ML JPEG\" src=\"https:\/\/www.au-pays-des-merveilles.com\/blog\/wp-content\/uploads\/2010\/04\/SANTALINTENSE50MLJPEG_thumb.jpg\" border=\"0\" alt=\"SANTAL INTENSE 50 ML JPEG\" width=\"160\" height=\"240\" \/><\/a> &#8211; <span style=\"color: #ff8040;\">Santal Intense<\/span> : Chaud et intense, le santal se laisse sublimer par les \u00e9pices vibrantes et la vanille langoureuse pour d\u00e9couvrir un voyage enchanteur.<\/p>\n<p>Bois\u00e9 Santal Oriental Vanille.<\/p>\n<p><a href=\"https:\/\/www.au-pays-des-merveilles.com\/blog\/wp-content\/uploads\/2010\/04\/IRISROMANTIQUE50MLJPEG.jpg\"><img loading=\"lazy\" decoding=\"async\" style=\"display: inline; border: 0px;\" title=\"IRIS ROMANTIQUE 50 ML JPEG\" src=\"https:\/\/www.au-pays-des-merveilles.com\/blog\/wp-content\/uploads\/2010\/04\/IRISROMANTIQUE50MLJPEG_thumb.jpg\" border=\"0\" alt=\"IRIS ROMANTIQUE 50 ML JPEG\" width=\"160\" height=\"240\" \/><\/a> &#8211; <span style=\"color: #8000ff;\">Iris Romantique<\/span> : Comme une somptueuse d\u00e9claration, l&rsquo;iris s&rsquo;illumine devant la rose et la sensualit\u00e9 des bois dans le souffle caressant du santal. Cette fragrance est une invitation \u00e0 un songe voluptueux.<\/p>\n<p>Fleuri Oriental Musqu\u00e9.<\/p>\n<p><a href=\"https:\/\/www.au-pays-des-merveilles.com\/blog\/wp-content\/uploads\/2010\/04\/AMBREMYSTERIEUX50MLJPEG.jpg\"><img loading=\"lazy\" decoding=\"async\" style=\"display: inline; border: 0px;\" title=\"AMBRE MYSTERIEUX 50 ML JPEG\" src=\"https:\/\/www.au-pays-des-merveilles.com\/blog\/wp-content\/uploads\/2010\/04\/AMBREMYSTERIEUX50MLJPEG_thumb.jpg\" border=\"0\" alt=\"AMBRE MYSTERIEUX 50 ML JPEG\" width=\"160\" height=\"240\" \/><\/a> &#8211; <span style=\"color: #ff8040;\">Ambre Myst\u00e9rieux<\/span> : La bergamote joue harmonieusement avec le bois de rose. L&rsquo;ambre se pare d&rsquo;un d\u00e9licat bouquet de jasmin et de rose pour se laisser caresser par la douce f\u00e8ve tonka.<\/p>\n<p>Oriental Poudr\u00e9 Musqu\u00e9.<\/p>\n<p><a href=\"https:\/\/www.au-pays-des-merveilles.com\/blog\/wp-content\/uploads\/2010\/04\/MUSCPROVOCANT50MLJPEG.jpg\"><img loading=\"lazy\" decoding=\"async\" style=\"display: inline; border: 0px;\" title=\"MUSC PROVOCANT 50 ML JPEG\" src=\"https:\/\/www.au-pays-des-merveilles.com\/blog\/wp-content\/uploads\/2010\/04\/MUSCPROVOCANT50MLJPEG_thumb.jpg\" border=\"0\" alt=\"MUSC PROVOCANT 50 ML JPEG\" width=\"160\" height=\"240\" \/><\/a> &#8211; <span style=\"color: #804000;\">Musc Provocant<\/span> : L&rsquo;ylang et la bergamote viennent provoquer la f\u00e9minit\u00e9 d\u00e9voil\u00e9e de l&rsquo;iris et la sensualit\u00e9 du musc pour mieux d\u00e9couvrir le patchouli pr\u00e9cieux et charnel. Oriental Musc.<\/p>\n<p style=\"text-align: right;\"><em>Vous connaissiez <a rel=\"nofollow\" href=\"http:\/\/www.ulric-de-varens.com\/\">cette marque<\/a> ?<\/em><\/p>\n<h1 style=\"text-align: center;\"><span style=\"color: #8080ff;\">** Concours **<\/span><\/h1>\n<p>Allez un petit concours pour bien commencer le printemps. <strong>Je vous offre 2 parfums <a rel=\"nofollow\" href=\"http:\/\/www.ulric-de-varens.com\/\">Ulric de Varens<\/a> de votre choix <\/strong>sur les 4 : Santal Intense ou Iris Romantique ou Ambre Myst\u00e9rieux ou Musc Provocant. Pour cela, je vais copier ma coupine <a rel=\"nofollow\" rel=\"nofollow noopener noreferrer\" href=\"http:\/\/chroniqueblonde.blogspot.com\/\" target=\"_blank\">Marie<\/a> quant \u00e0 l\u2019organisation du concours.<\/p>\n<p>Vous me laissez un <strong>commentaire<\/strong> en m\u2019indiquant votre choix.<\/p>\n<p>Le commentaire<strong> n\u00b0 24<\/strong> pourra choisir entre les 4 parfums.<\/p>\n<p>Le commentaire <strong>n\u00b0 65<\/strong> pourra choisir entre les 3 parfums restants.<\/p>\n<p>Vous avez droit de participer plusieurs fois jusqu\u2019\u00e0<strong> 3 participations maxi par personne<\/strong>.<\/p>\n<p>Je mod\u00e8re les commentaires et je les d\u00e9voilerai au fur et \u00e0 mesure, histoire de garder le suspens ! <img src=\"https:\/\/www.au-pays-des-merveilles.com\/blog\/wp-includes\/images\/smilies\/3.gif\" alt=\";)\" class=\"wp-smiley\" style=\"height: 1em; max-height: 1em;\" \/><\/p>\n<p style=\"text-align: center;\"><em>Bonne chance !<\/em><\/p>\n<p style=\"text-align: center;\">\n<p style=\"text-align: left;\"><em><span style=\"color: #3366ff;\"><span style=\"text-decoration: underline;\">Edit de 17h39<\/span> : Dartagnan 306 remporte le premier parfum \u00e0 choisir entre les 4 (Santal Intense ou Iris Romantique ou Ambre Myst\u00e9rieux ou Musc Provocant). J&rsquo;attends ton mail cher Dartagnan (via le formulaire contact) ! Bravo ! <\/span><\/em><\/p>\n<\/p>\n<p>Edit du 08\/04\/2010 : Bravo Farfadette (http:\/\/geekeriesdefarfadette.com\/) ! Tu as gagn\u00e9 le deuxi\u00e8me parfum &#8230; tu peux choisir entre Santal Intense, Iris Romantique ou Musc Provocant. J&rsquo;attends ton mail !<\/p>\n<p>Merci \u00e0 tous pour vos participations !<br \/>\nD&rsquo;autres concours arrivent ! promis ! <img src=\"https:\/\/www.au-pays-des-merveilles.com\/blog\/wp-includes\/images\/smilies\/3.gif\" alt=\";)\" class=\"wp-smiley\" style=\"height: 1em; max-height: 1em;\" \/><\/p>\n","protected":false},"excerpt":{"rendered":"<p>Je vous avoue que je ne connaissais pas la marque Ulric de Varens il y a encore tr\u00e8s peu de temps. J\u2019avais vu des boutiques s\u2019ouvrir dans certains shopping centers sans vraiment m\u2019y int\u00e9resser plus que \u00e7a. Et finalement, quand j\u2019ai d\u00e9couvert les fragrances Varens Essentiel, je regrette de ne pas \u00eatre entrer plus t\u00f4t<\/p>\n","protected":false},"author":1,"featured_media":0,"comment_status":"open","ping_status":"open","sticky":false,"template":"","format":"standard","meta":{"footnotes":""},"categories":[6,25],"tags":[],"class_list":["post-5417","post","type-post","status-publish","format-standard","hentry","category-beautiful-girl","category-concours"],"_links":{"self":[{"href":"https:\/\/www.au-pays-des-merveilles.com\/blog\/wp-json\/wp\/v2\/posts\/5417","targetHints":{"allow":["GET"]}}],"collection":[{"href":"https:\/\/www.au-pays-des-merveilles.com\/blog\/wp-json\/wp\/v2\/posts"}],"about":[{"href":"https:\/\/www.au-pays-des-merveilles.com\/blog\/wp-json\/wp\/v2\/types\/post"}],"author":[{"embeddable":true,"href":"https:\/\/www.au-pays-des-merveilles.com\/blog\/wp-json\/wp\/v2\/users\/1"}],"replies":[{"embeddable":true,"href":"https:\/\/www.au-pays-des-merveilles.com\/blog\/wp-json\/wp\/v2\/comments?post=5417"}],"version-history":[{"count":0,"href":"https:\/\/www.au-pays-des-merveilles.com\/blog\/wp-json\/wp\/v2\/posts\/5417\/revisions"}],"wp:attachment":[{"href":"https:\/\/www.au-pays-des-merveilles.com\/blog\/wp-json\/wp\/v2\/media?parent=5417"}],"wp:term":[{"taxonomy":"category","embeddable":true,"href":"https:\/\/www.au-pays-des-merveilles.com\/blog\/wp-json\/wp\/v2\/categories?post=5417"},{"taxonomy":"post_tag","embeddable":true,"href":"https:\/\/www.au-pays-des-merveilles.com\/blog\/wp-json\/wp\/v2\/tags?post=5417"}],"curies":[{"name":"wp","href":"https:\/\/api.w.org\/{rel}","templated":true}]}}