{"id":5690,"date":"2010-05-26T06:40:47","date_gmt":"2010-05-26T04:40:47","guid":{"rendered":"http:\/\/www.au-pays-des-merveilles.com\/blog\/?p=5690"},"modified":"2019-03-22T17:17:37","modified_gmt":"2019-03-22T15:17:37","slug":"robe-de-marie-pierre-lematre","status":"publish","type":"post","link":"https:\/\/www.au-pays-des-merveilles.com\/blog\/2010\/05\/26\/robe-de-marie-pierre-lematre\/","title":{"rendered":"\u00ab\u00a0Robe de mari\u00e9\u00a0\u00bb de Pierre Lema\u00eetre"},"content":{"rendered":"<p><a href=\"https:\/\/www.au-pays-des-merveilles.com\/blog\/wp-content\/uploads\/2010\/05\/image14.png\"><img loading=\"lazy\" decoding=\"async\" style=\"display: inline; margin-left: 0px; margin-right: 0px; border: 0px;\" title=\"image\" src=\"https:\/\/www.au-pays-des-merveilles.com\/blog\/wp-content\/uploads\/2010\/05\/image_thumb13.png\" border=\"0\" alt=\"image\" width=\"260\" height=\"398\" align=\"left\" \/><\/a> Nul n&rsquo;est \u00e0 l&rsquo;abri de la folie. Oh que non ! Moi plus \u00e7a va et plus je me demande si c\u2019est moi qui suis folle ou si ce sont certaines personnes qui ne sont pas normales ! Du coup, je m\u2019en remets \u00e0 la lecture qui parle de folie ! Tr\u00eave de plaisanteries, pour une fois, je me suis mise au thriller. Je n\u2019\u00e9tais pas une fan du genre, trouillarde que je suis, mais je peux vous dire qu\u2019apr\u00e8s avoir lu ce livre, j\u2019ai vite remis mon opinion en question. Je suis tomb\u00e9e sur ce livre en fl\u00e2nant sur le site <a rel=\"nofollow\" rel=\"nofollow noopener noreferrer\" href=\"http:\/\/www.livredepoche.com\/\" target=\"_blank\">Le Livre de Poche<\/a> et celui-ci \u00e9tait une nouveaut\u00e9.<\/p>\n<p>C\u2019est l\u2019histoire de Sophie, une jeune femme qui m\u00e8ne une existence paisible, et qui commence \u00e0 sombrer lentement dans la d\u00e9mence : mille petits signes inqui\u00e9tants s&rsquo;accumulent puis tout s&rsquo;acc\u00e9l\u00e8re. Est-elle responsable de la mort de sa belle-m\u00e8re, de celle de son mari infirme ? Peu \u00e0 peu, elle se retrouve impliqu\u00e9e dans plusieurs meurtres dont, curieusement, elle n&rsquo;a aucun souvenir. Alors, d\u00e9sesp\u00e9r\u00e9e mais lucide, elle organise sa fuite; elle va changer de nom, de vie, se marier, mais son douloureux pass\u00e9 la rattrape&#8230; Les ombres de Hitchcock et de Brian de Palma planent sur ce thriller diabolique.<\/p>\n<p>Que de<strong> suspense<\/strong> ! j\u2019\u00e9tais tenue en haleine du d\u00e9but \u00e0 la fin. Je voyais ce livre tout de suite transpos\u00e9 en film ! J\u2019ai ador\u00e9. Les chapitres sont <strong>courts<\/strong>, l\u2019\u00e9criture est <strong>fluide<\/strong>, un vrai bonheur de lecture. Seul petit b\u00e9mol : je trouvais que l\u2019auteur \u00e9tait <strong>trop rapide parfois<\/strong> dans le d\u00e9roulement des actions. Je retournais lire quelques lignes plus haut pour voir si je n\u2019avais pas loup\u00e9 un truc et en fait non. Ca peut \u00eatre un peu destabilisant. Il y avait des sc\u00e8nes aussi qui semblaient un peu <strong>invraisemblables<\/strong> (je ne vous dirais pas quand sinon je vais vous p\u00e9ter le livre mais si vous l\u2019avez lu, je serais ravie d\u2019en discuter avec vous !) mais bon peut \u00eatre pas infaisables non plus !<\/p>\n<p>N\u00e9anmoins, j\u2019ai \u00e9t\u00e9 <strong>captiv\u00e9e<\/strong> par l\u2019intrigue. Je l\u2019aurais presque lu <strong>d\u2019une seule traite<\/strong> si mes trajets en RER avaient \u00e9t\u00e9 plus longs ! <img src=\"https:\/\/www.au-pays-des-merveilles.com\/blog\/wp-includes\/images\/smilies\/3.gif\" alt=\";)\" class=\"wp-smiley\" style=\"height: 1em; max-height: 1em;\" \/><\/p>\n<p><strong>A d\u00e9couvrir d\u2019urgence !<\/strong> <em>J\u2019ai h\u00e2te de lire son prochain thriller !<\/em><\/p>\n<p><span style=\"text-decoration: underline;\">Conclusion <\/span>: EXCELLENT \u2013 <span style=\"color: #ff8080;\">TRES BIEN <\/span>\u2013 BIEN \u2013 PASSABLE \u2013 NUL<\/p>\n","protected":false},"excerpt":{"rendered":"<p>Nul n&rsquo;est \u00e0 l&rsquo;abri de la folie. Oh que non ! Moi plus \u00e7a va et plus je me demande si c\u2019est moi qui suis folle ou si ce sont certaines personnes qui ne sont pas normales ! Du coup, je m\u2019en remets \u00e0 la lecture qui parle de folie ! Tr\u00eave de plaisanteries, pour<\/p>\n","protected":false},"author":1,"featured_media":0,"comment_status":"open","ping_status":"open","sticky":false,"template":"","format":"standard","meta":{"footnotes":""},"categories":[5],"tags":[61],"class_list":["post-5690","post","type-post","status-publish","format-standard","hentry","category-cinema-musique-livres","tag-livre"],"_links":{"self":[{"href":"https:\/\/www.au-pays-des-merveilles.com\/blog\/wp-json\/wp\/v2\/posts\/5690","targetHints":{"allow":["GET"]}}],"collection":[{"href":"https:\/\/www.au-pays-des-merveilles.com\/blog\/wp-json\/wp\/v2\/posts"}],"about":[{"href":"https:\/\/www.au-pays-des-merveilles.com\/blog\/wp-json\/wp\/v2\/types\/post"}],"author":[{"embeddable":true,"href":"https:\/\/www.au-pays-des-merveilles.com\/blog\/wp-json\/wp\/v2\/users\/1"}],"replies":[{"embeddable":true,"href":"https:\/\/www.au-pays-des-merveilles.com\/blog\/wp-json\/wp\/v2\/comments?post=5690"}],"version-history":[{"count":0,"href":"https:\/\/www.au-pays-des-merveilles.com\/blog\/wp-json\/wp\/v2\/posts\/5690\/revisions"}],"wp:attachment":[{"href":"https:\/\/www.au-pays-des-merveilles.com\/blog\/wp-json\/wp\/v2\/media?parent=5690"}],"wp:term":[{"taxonomy":"category","embeddable":true,"href":"https:\/\/www.au-pays-des-merveilles.com\/blog\/wp-json\/wp\/v2\/categories?post=5690"},{"taxonomy":"post_tag","embeddable":true,"href":"https:\/\/www.au-pays-des-merveilles.com\/blog\/wp-json\/wp\/v2\/tags?post=5690"}],"curies":[{"name":"wp","href":"https:\/\/api.w.org\/{rel}","templated":true}]}}