{"id":5796,"date":"2010-06-04T00:17:14","date_gmt":"2010-06-03T22:17:14","guid":{"rendered":"http:\/\/www.au-pays-des-merveilles.com\/blog\/?p=5796"},"modified":"2019-03-22T17:17:37","modified_gmt":"2019-03-22T15:17:37","slug":"teint-divin-caudalie","status":"publish","type":"post","link":"https:\/\/www.au-pays-des-merveilles.com\/blog\/2010\/06\/04\/teint-divin-caudalie\/","title":{"rendered":"Comment obtenir un teint divin ?!"},"content":{"rendered":"<p><a href=\"https:\/\/www.au-pays-des-merveilles.com\/blog\/wp-content\/uploads\/2010\/05\/image38.png\"><img loading=\"lazy\" decoding=\"async\" style=\"display: inline; margin-left: 0px; margin-right: 0px; border: 0px;\" title=\"image\" src=\"https:\/\/www.au-pays-des-merveilles.com\/blog\/wp-content\/uploads\/2010\/05\/image_thumb37.png\" border=\"0\" alt=\"image\" width=\"129\" height=\"480\" align=\"right\" \/><\/a> On aime toutes (et tous) avoir bonne mine, de jolies couleurs et \u00eatre bronz\u00e9es. Seulement voil\u00e0, je ne suis du genre \u00e0 l\u00e9zarder au soleil pendant des heures et de toute fa\u00e7on il ne m\u2019aime pas ! Avant d\u2019avoir le teint h\u00e2l\u00e9, je passe par diff\u00e9rentes phases comme celle de rouge tomate qui dure particuli\u00e8rement longtemps \u00e0 mon grand d\u00e9sespoir ! Alors pour me r\u00e9concilier avec le soleil, <a rel=\"nofollow\" rel=\"nofollow noopener noreferrer\" href=\"http:\/\/www.caudalie.com\/\" target=\"_blank\">Caudalie<\/a> a trouv\u00e9 les produits qui font de mon teint un teint divin ! <img src=\"https:\/\/www.au-pays-des-merveilles.com\/blog\/wp-includes\/images\/smilies\/3.gif\" alt=\";)\" class=\"wp-smiley\" style=\"height: 1em; max-height: 1em;\" \/><\/p>\n<p><a href=\"https:\/\/www.au-pays-des-merveilles.com\/blog\/wp-content\/uploads\/2010\/05\/image39.png\"><img loading=\"lazy\" decoding=\"async\" style=\"display: inline; margin-left: 0px; margin-right: 0px; border: 0px;\" title=\"image\" src=\"https:\/\/www.au-pays-des-merveilles.com\/blog\/wp-content\/uploads\/2010\/05\/image_thumb38.png\" border=\"0\" alt=\"image\" width=\"240\" height=\"186\" align=\"left\" \/><\/a> Au d\u00e9but du mois de mai, j\u2019ai pu participer, avec d\u2019autres blogueuses, \u00e0 la pr\u00e9sentation chez Caudalie de leur gamme soleil et programme solaire. J\u2019ai eu d\u2019ailleurs la chance de rencontrer Mathilde Thomas, femme de Bertrand Thomas, cr\u00e9ateurs de la marque. Ils ont d\u00e9velopp\u00e9 le programme Soleil Divin \u00e0 base de polyph\u00e9nols super anti-oxydants, de filtres r\u00e9volutionnaires UVA et UVB, de Vinolevure hydratante et fortifiante. Soleil Divin c\u2019est 0% de parab\u00e8nes et 100 % de protection de l\u2019ADN cellulaire.<\/p>\n<p>Leur cosm-\u00e9thique : 0% parab\u00e8nes, ph\u00e9noxy\u00e9thanol, huiles min\u00e9rales, ingr\u00e9dients d&rsquo;origine animale\u2026 Contre les tests sur les animaux. Non com\u00e9dog\u00e8ne. Parfum 100% naturel.<\/p>\n<p><a href=\"https:\/\/www.au-pays-des-merveilles.com\/blog\/wp-content\/uploads\/2010\/05\/image40.png\"><img loading=\"lazy\" decoding=\"async\" style=\"display: inline; margin-left: 0px; margin-right: 0px; border: 0px;\" title=\"image\" src=\"https:\/\/www.au-pays-des-merveilles.com\/blog\/wp-content\/uploads\/2010\/05\/image_thumb39.png\" border=\"0\" alt=\"image\" width=\"73\" height=\"240\" align=\"left\" \/><\/a> J\u2019applique donc les bons conseils de Caudalie ! Tout d\u2019abord, j\u2019utilise THE produit culte matin et soir : <strong>le s\u00e9rum \u00e9clat anti-taches Vinoperfect<\/strong>. Ce s\u00e9rum lact\u00e9 offre une action anti-taches sans pr\u00e9c\u00e9dent, prouv\u00e9e scientifiquement d\u00e8s 4 semaines. Il corrige les taches existantes, pr\u00e9vient leur apparition et sublime l\u2019\u00e9clat du teint. Anti-oxydant, il prot\u00e8ge la peau de mani\u00e8re exceptionnelle contre les radicaux libres. Le teint redevient uniforme et lumineux. La peau retrouve son \u00e9clat originel. Je l\u2019utilise tout le temps avant l\u2019application de ma cr\u00e8me de jour ou de nuit.<\/p>\n<p><a href=\"https:\/\/www.au-pays-des-merveilles.com\/blog\/wp-content\/uploads\/2010\/05\/image41.png\"><img loading=\"lazy\" decoding=\"async\" style=\"display: inline; margin-left: 0px; margin-right: 0px; border: 0px;\" title=\"image\" src=\"https:\/\/www.au-pays-des-merveilles.com\/blog\/wp-content\/uploads\/2010\/05\/image_thumb40.png\" border=\"0\" alt=\"image\" width=\"73\" height=\"240\" align=\"right\" \/><\/a> Ensuite, j\u2019applique <strong>la cr\u00e8me teint\u00e9e Teint Divin pour peaux claires<\/strong>. Alors comme elle est encore un peu trop teint\u00e9e pour moi, je la m\u00e9lange avec mon soin de jour habituel. Cette cr\u00e8me fondante hydrate, unifie et illumine le teint pour un effet bonne mine imm\u00e9diat et ultra naturel. Riche en actifs v\u00e9g\u00e9taux et anti-oxydants, elle pr\u00e9serve la jeunesse de la peau. Elle est compos\u00e9e de Polyph\u00e9nols de p\u00e9pins de raisin brevet\u00e9s, nacres cuivr\u00e9es et pigments r\u00e9flecteurs de lumi\u00e8re, beurre de karit\u00e9, squalane d\u2019olive, sodium hyaluronate, glyc\u00e9rine v\u00e9g\u00e9tale, huiles essentielles de rose, de n\u00e9roli, de jasmin, d\u2019ylang-ylang, de cassis\u2026<\/p>\n<p><a href=\"https:\/\/www.au-pays-des-merveilles.com\/blog\/wp-content\/uploads\/2010\/05\/image42.png\"><img loading=\"lazy\" decoding=\"async\" style=\"display: inline; margin-left: 0px; margin-right: 0px; border: 0px;\" title=\"image\" src=\"https:\/\/www.au-pays-des-merveilles.com\/blog\/wp-content\/uploads\/2010\/05\/image_thumb41.png\" border=\"0\" alt=\"image\" width=\"73\" height=\"240\" align=\"left\" \/><\/a> Pour un h\u00e2le progressif et naturel, j\u2019utilise <strong>le Soin Autobronzant H\u00e2le Progressif Teint Divin<\/strong>. Ce soin r\u00e9veille l\u2019\u00e9clat du teint et l\u2019habille d\u2019un h\u00e2le progressif, uniforme et ultra naturel. Riche en actifs antioxydants, il pr\u00e9serve la jeunesse de la peau. Sa texture l\u00e9g\u00e8re et non collante s\u2019applique facilement sans laisser de traces. La peau est sublim\u00e9e.<\/p>\n<p>On applique la cr\u00e8me uniform\u00e9ment sur le visage pr\u00e9alablement nettoy\u00e9. Et \u00e9videmment on se lave bien les mains apr\u00e8s application.<\/p>\n<p>J\u2019utilise toujours ces soins apr\u00e8s l\u2019application du s\u00e9rum \u00e9clat.<\/p>\n<p><a href=\"https:\/\/www.au-pays-des-merveilles.com\/blog\/wp-content\/uploads\/2010\/05\/image43.png\"><img loading=\"lazy\" decoding=\"async\" style=\"display: inline; margin-left: 0px; margin-right: 0px; border: 0px;\" title=\"image\" src=\"https:\/\/www.au-pays-des-merveilles.com\/blog\/wp-content\/uploads\/2010\/05\/image_thumb42.png\" border=\"0\" alt=\"image\" width=\"73\" height=\"240\" align=\"right\" \/><\/a> Et cet \u00e9t\u00e9, que ce soit en ville ou sur la plage, quand il y aura du soleil quoi (!), j\u2019appliquerai <strong>le soin solaire visage anti-\u00e2ge IP 50<\/strong> parce qu\u2019il faut bien \u00e7a comme indice pour bien prot\u00e9ger sa peau et limiter les d\u00e9g\u00e2ts ! Sp\u00e9cialement formul\u00e9e pour les premi\u00e8res expositions et les ensoleillements extr\u00eames, cette cr\u00e8me assure un bronzage haute protection : large spectre UVA\/UVB, anti-\u00e2ge et ADN cellulaire. Sa texture fondante offre \u00e0 la peau un fini mat transparent et non collant. Id\u00e9alement hydrat\u00e9e et fortifi\u00e9e, la peau r\u00e9v\u00e8le un bronzage lumineux et uniforme. Il est destin\u00e9 pour toutes les peaux, m\u00eame les plus fragiles, et pour les conditions d\u2019ensoleillement extr\u00eame.<\/p>\n<p>Avant chaque exposition, on applique g\u00e9n\u00e9reusement et uniform\u00e9ment. On \u00e9vite le contour des yeux et on renouvelle l\u2019application toutes les 2 heures et apr\u00e8s chaque baignade. L\u00e0 c\u2019est pareil, on applique le S\u00e9rum Vinoperfect avant la cr\u00e8me solaire pour pr\u00e9venir l&rsquo;apparition des taches et avoir un bronzage uniforme et durable.<\/p>\n<p>Si avec tout \u00e7a le soleil ne m\u2019aime pas, je ne r\u00e9ponds plus de rien ! <img src=\"https:\/\/www.au-pays-des-merveilles.com\/blog\/wp-includes\/images\/smilies\/3.gif\" alt=\";)\" class=\"wp-smiley\" style=\"height: 1em; max-height: 1em;\" \/><\/p>\n<p><em>Merci \u00e0 <a rel=\"nofollow\" rel=\"nofollow noopener noreferrer\" href=\"http:\/\/www.caudalie.com\/\" target=\"_blank\">Caudalie<\/a> pour cette jolie soir\u00e9e ensoleill\u00e9e !<\/em><\/p>\n","protected":false},"excerpt":{"rendered":"<p>On aime toutes (et tous) avoir bonne mine, de jolies couleurs et \u00eatre bronz\u00e9es. Seulement voil\u00e0, je ne suis du genre \u00e0 l\u00e9zarder au soleil pendant des heures et de toute fa\u00e7on il ne m\u2019aime pas ! Avant d\u2019avoir le teint h\u00e2l\u00e9, je passe par diff\u00e9rentes phases comme celle de rouge tomate qui dure particuli\u00e8rement<\/p>\n","protected":false},"author":1,"featured_media":0,"comment_status":"open","ping_status":"open","sticky":false,"template":"","format":"standard","meta":{"footnotes":""},"categories":[6,20],"tags":[49,65,71],"class_list":["post-5796","post","type-post","status-publish","format-standard","hentry","category-beautiful-girl","category-buzz","tag-beaute","tag-caudalie","tag-ete"],"_links":{"self":[{"href":"https:\/\/www.au-pays-des-merveilles.com\/blog\/wp-json\/wp\/v2\/posts\/5796","targetHints":{"allow":["GET"]}}],"collection":[{"href":"https:\/\/www.au-pays-des-merveilles.com\/blog\/wp-json\/wp\/v2\/posts"}],"about":[{"href":"https:\/\/www.au-pays-des-merveilles.com\/blog\/wp-json\/wp\/v2\/types\/post"}],"author":[{"embeddable":true,"href":"https:\/\/www.au-pays-des-merveilles.com\/blog\/wp-json\/wp\/v2\/users\/1"}],"replies":[{"embeddable":true,"href":"https:\/\/www.au-pays-des-merveilles.com\/blog\/wp-json\/wp\/v2\/comments?post=5796"}],"version-history":[{"count":0,"href":"https:\/\/www.au-pays-des-merveilles.com\/blog\/wp-json\/wp\/v2\/posts\/5796\/revisions"}],"wp:attachment":[{"href":"https:\/\/www.au-pays-des-merveilles.com\/blog\/wp-json\/wp\/v2\/media?parent=5796"}],"wp:term":[{"taxonomy":"category","embeddable":true,"href":"https:\/\/www.au-pays-des-merveilles.com\/blog\/wp-json\/wp\/v2\/categories?post=5796"},{"taxonomy":"post_tag","embeddable":true,"href":"https:\/\/www.au-pays-des-merveilles.com\/blog\/wp-json\/wp\/v2\/tags?post=5796"}],"curies":[{"name":"wp","href":"https:\/\/api.w.org\/{rel}","templated":true}]}}