{"id":583,"date":"2008-04-19T08:01:18","date_gmt":"2008-04-19T06:01:18","guid":{"rendered":"http:\/\/www.au-pays-des-merveilles.com\/blog\/?p=583"},"modified":"2019-03-22T17:17:51","modified_gmt":"2019-03-22T15:17:51","slug":"les-randonneurs-a-saint-tropez","status":"publish","type":"post","link":"https:\/\/www.au-pays-des-merveilles.com\/blog\/2008\/04\/19\/les-randonneurs-a-saint-tropez\/","title":{"rendered":"Les Randonneurs \u00e0 Saint Tropez"},"content":{"rendered":"<p><span style=\"text-decoration: underline;\"><a href=\"https:\/\/www.au-pays-des-merveilles.com\/blog\/wp-content\/uploads\/2008\/04\/18889591-w434-h-q80.jpg\"><img loading=\"lazy\" decoding=\"async\" style=\"border-right: 0px; border-top: 0px; border-left: 0px; border-bottom: 0px\" src=\"https:\/\/www.au-pays-des-merveilles.com\/blog\/wp-content\/uploads\/2008\/04\/18889591-w434-h-q80-thumb.jpg\" border=\"0\" alt=\"18889591_w434_h_q80\" width=\"224\" height=\"297\" align=\"left\" \/><\/a> Synopsis<\/span> : <em>Nous avons quitt\u00e9 Cora, Nadine, Mathieu et son fr\u00e8re Louis, ceux que nous appelons dor\u00e9navant \u00a0\u00bb Les randonneurs \u00ab\u00a0, il y a dix ans en Corse.<br \/>\nAujourd&rsquo;hui, ils ont la quarantaine.<br \/>\nIls sont toujours tr\u00e8s li\u00e9s et ont d\u00e9cid\u00e9 de repartir une nouvelle fois en vacances ensemble, juste tous les quatre, comme avant.<br \/>\nLa randonn\u00e9e, il faut bien l&rsquo;avouer, \u00e7a n&rsquo;\u00e9tait pas vraiment leur truc. Mais \u00e0 l&rsquo;\u00e9poque, c&rsquo;\u00e9tait la mode des vacances sportives. Alors, ils avaient essay\u00e9.<br \/>\nCet \u00e9t\u00e9, c&rsquo;est d\u00e9cid\u00e9, ce sera Saint-Tropez. Apr\u00e8s tout, qui n&rsquo;y va pas une fois dans sa vie ?<br \/>\nMais c&rsquo;\u00e9tait sans compter qu&rsquo;\u00e0 Saint-Tropez, tout peut arriver. M\u00eame retrouver Eric, leur guide sur le GR20 Corse. Celui qu&rsquo;ils s&rsquo;\u00e9taient jur\u00e9s de ne plus jamais fr\u00e9quenter&#8230;<br \/>\nSauf qu&rsquo;Eric a \u00e9volu\u00e9 ; il a m\u00eame beaucoup chang\u00e9.<br \/>\nEt il a des arguments de poids pour endosser \u00e0 nouveau le r\u00f4le du guide&#8230;<\/em><\/p>\n<p><span style=\"text-decoration: underline;\">Mon avis<\/span> : et bien comment te dire ?!! c&rsquo;est une grosse daube ! <img src=\"https:\/\/www.au-pays-des-merveilles.com\/blog\/wp-includes\/images\/smilies\/4.gif\" alt=\":D\" class=\"wp-smiley\" style=\"height: 1em; max-height: 1em;\" \/> voil\u00e0 ! je crois qu&rsquo;il n&rsquo;y a pas grand chose \u00e0 dire de plus. Disons qu&rsquo;on peut tr\u00e8s bien attendre que \u00e7a sorte pour la t\u00e9l\u00e9vision parce que m\u00eame en DVD \u00e7a vaut pas le coup de le louer !! Ok on rigole de temps en temps gr\u00e2ce aux vannes de Poolvoerde et au dynamisme de Karin Viard. Mais alors c&rsquo;est d&rsquo;un ennui ! On a l&rsquo;impression que c&rsquo;est un remake des \u00ab\u00a0Bronz\u00e9s 3\u00a0\u00bb ! Il n&rsquo;y a pas de sc\u00e9nario. On se demande pourquoi ils ont voulu faire une suite, aucun rapport avec le premier film qui, lui, pourtant, \u00e9tait divertissant. Il y a des longueurs, on s&rsquo;attend \u00e0 une grosse vanne ou \u00e0 ce qu&rsquo;il se passe un truc mais non, on reste sur notre faim &#8230; Et la fin, ben y&rsquo;en a pas non plus &#8230; Aucun int\u00e9r\u00eat !<\/p>\n<p>Conclusion : <strong>NUL !<\/strong><\/p>\n<p align=\"center\"><strong>******<\/strong><\/p>\n<p align=\"center\"><span style=\"text-decoration: underline;\">Petit bonheur du jour<\/span> : j&rsquo;ai support\u00e9 mes nouvelles chaussures (talons hauts je pr\u00e9cise ! <img src=\"https:\/\/www.au-pays-des-merveilles.com\/blog\/wp-includes\/images\/smilies\/3.gif\" alt=\";)\" class=\"wp-smiley\" style=\"height: 1em; max-height: 1em;\" \/> ) toute la journ\u00e9e ! et en plus me suis m\u00eame pas vautr\u00e9e !!<\/p>\n<p align=\"center\"><em>Et puis sinon cet apr\u00e8s midi, j&rsquo;ai h\u00e2te de retrouver mes coupinettes pour un atelier cosm\u00e9to ! ^^ (compte-rendu ASAP !)<\/em><\/p>\n<p align=\"center\"><em>Have a good week-end ! <\/em><\/p>\n","protected":false},"excerpt":{"rendered":"<p>Synopsis : Nous avons quitt\u00e9 Cora, Nadine, Mathieu et son fr\u00e8re Louis, ceux que nous appelons dor\u00e9navant \u00a0\u00bb Les randonneurs \u00ab\u00a0, il y a dix ans en Corse. Aujourd&rsquo;hui, ils ont la quarantaine. Ils sont toujours tr\u00e8s li\u00e9s et ont d\u00e9cid\u00e9 de repartir une nouvelle fois en vacances ensemble, juste tous les quatre, comme avant.<\/p>\n","protected":false},"author":1,"featured_media":0,"comment_status":"open","ping_status":"open","sticky":false,"template":"","format":"standard","meta":{"footnotes":""},"categories":[5],"tags":[],"class_list":["post-583","post","type-post","status-publish","format-standard","hentry","category-cinema-musique-livres"],"_links":{"self":[{"href":"https:\/\/www.au-pays-des-merveilles.com\/blog\/wp-json\/wp\/v2\/posts\/583","targetHints":{"allow":["GET"]}}],"collection":[{"href":"https:\/\/www.au-pays-des-merveilles.com\/blog\/wp-json\/wp\/v2\/posts"}],"about":[{"href":"https:\/\/www.au-pays-des-merveilles.com\/blog\/wp-json\/wp\/v2\/types\/post"}],"author":[{"embeddable":true,"href":"https:\/\/www.au-pays-des-merveilles.com\/blog\/wp-json\/wp\/v2\/users\/1"}],"replies":[{"embeddable":true,"href":"https:\/\/www.au-pays-des-merveilles.com\/blog\/wp-json\/wp\/v2\/comments?post=583"}],"version-history":[{"count":0,"href":"https:\/\/www.au-pays-des-merveilles.com\/blog\/wp-json\/wp\/v2\/posts\/583\/revisions"}],"wp:attachment":[{"href":"https:\/\/www.au-pays-des-merveilles.com\/blog\/wp-json\/wp\/v2\/media?parent=583"}],"wp:term":[{"taxonomy":"category","embeddable":true,"href":"https:\/\/www.au-pays-des-merveilles.com\/blog\/wp-json\/wp\/v2\/categories?post=583"},{"taxonomy":"post_tag","embeddable":true,"href":"https:\/\/www.au-pays-des-merveilles.com\/blog\/wp-json\/wp\/v2\/tags?post=583"}],"curies":[{"name":"wp","href":"https:\/\/api.w.org\/{rel}","templated":true}]}}