{"id":5997,"date":"2010-06-23T09:57:18","date_gmt":"2010-06-23T07:57:18","guid":{"rendered":"http:\/\/www.au-pays-des-merveilles.com\/blog\/?p=5997"},"modified":"2019-03-22T17:17:36","modified_gmt":"2019-03-22T15:17:36","slug":"variez-les-plaisirs-avec-les-nouvelles-tartes-marie","status":"publish","type":"post","link":"https:\/\/www.au-pays-des-merveilles.com\/blog\/2010\/06\/23\/variez-les-plaisirs-avec-les-nouvelles-tartes-marie\/","title":{"rendered":"Variez les plaisirs avec les nouvelles tartes Marie"},"content":{"rendered":"<p><a rel=\"nofollow\" href=\"http:\/\/marie.fr\/\"><img loading=\"lazy\" decoding=\"async\" style=\"display: block; float: none; margin-left: auto; margin-right: auto; border: 0px;\" title=\"Streamer 150x33.indd\" src=\"https:\/\/www.au-pays-des-merveilles.com\/blog\/wp-content\/uploads\/2010\/06\/Streamer150x33.jpg\" border=\"0\" alt=\"Streamer 150x33.indd\" width=\"540\" height=\"119\" \/><\/a><\/p>\n<p>C\u2019est chouette la vie \u00e0 deux ! sauf que maintenant il faut faire la cuisine tous les jours pour faire plaisir \u00e0 son homme, parce que vivre d\u2019amour et d\u2019eau fraiche \u00e7a n\u2019existe que dans les livres Harlequin ! Et il arrive que parfois (<em>m\u00eame pas mal de fois<\/em>) je rentre tard et donc je n\u2019ai pas forc\u00e9ment le temps de pr\u00e9parer le d\u00e9licieux r\u00f4ti accompagn\u00e9 de sa farandole de pommes de terre, voyez ?! J\u2019ai alors recours aux plats tous faits. Oui enfin bon, pas le cassoulet en boite non plus (<em>comme Pascal dans l\u2019Amour est dans le pr\u00e9 <\/em>!!) mais plut\u00f4t des pizzas (<em>adieu le r\u00e9gime<\/em>), des feuillet\u00e9s, des quiches, ou des tartes aux l\u00e9gumes (<em>\u00e7a me donne meilleure conscience \u00e9trangement<\/em> !).<\/p>\n<p>C\u2019est bien bon sauf que g\u00e9n\u00e9ralement ces tartes toutes pr\u00eates sont un peu \u201cstouffagua\u201d comme je dis souvent (<em>\u00e9touffantes quoi<\/em> !) avec une p\u00e2te trop pr\u00e9sente, un go\u00fbt uniforme et un manque de nouveaut\u00e9.<\/p>\n<p><a href=\"https:\/\/www.au-pays-des-merveilles.com\/blog\/wp-content\/uploads\/2010\/06\/3.jpg\"><img loading=\"lazy\" decoding=\"async\" style=\"display: inline; margin-left: 0px; margin-right: 0px; border: 0px;\" title=\"136399_B_232118\" src=\"https:\/\/www.au-pays-des-merveilles.com\/blog\/wp-content\/uploads\/2010\/06\/3_thumb.jpg\" border=\"0\" alt=\"136399_B_232118\" width=\"220\" height=\"244\" align=\"left\" \/><\/a> <a rel=\"nofollow\" rel=\"nofollow noopener noreferrer\" href=\"http:\/\/marie.fr\" target=\"_blank\">Marie<\/a> invente une nouvelle g\u00e9n\u00e9ration de tartes : des tartes fines et feuillet\u00e9es qui changent des quiches classiques. Elles sont sans appareil (c&rsquo;est-\u00e0-dire sans m\u00e9lange cr\u00e8me + \u0153uf), sans bord et donnent la part belle \u00e0 des ingr\u00e9dients stars. Elles associent des ingr\u00e9dients simples et sont destin\u00e9es \u00e0 des repas quotidiens pour 2. Leurs atouts :<\/p>\n<p>\u00b7 une <strong>p\u00e2te feuillet\u00e9e <\/strong>a\u00e9r\u00e9e, croustillante et dor\u00e9e, de forme rectangulaire pour plus de modernit\u00e9<\/p>\n<p>\u00b7 une <strong>compot\u00e9e de l\u00e9gumes tr\u00e8s cuisin\u00e9e<\/strong>, par exemple compot\u00e9e d\u2019oignons caram\u00e9lis\u00e9s au miel, fondue de poireaux \u00e0 la cr\u00e8me fra\u00eeche\u2026<\/p>\n<p>\u00b7 des <strong>ingr\u00e9dients tr\u00e8s gourmands d\u00e9pos\u00e9s soigneusement <\/strong>sur la compot\u00e9e par exemple du lard, du fromage de ch\u00e8vre, du saumon, ou du chorizo,<\/p>\n<p><a href=\"https:\/\/www.au-pays-des-merveilles.com\/blog\/wp-content\/uploads\/2010\/06\/Tarte.jpg\"><img loading=\"lazy\" decoding=\"async\" style=\"display: inline; margin-left: 0px; margin-right: 0px; border: 0px;\" title=\"136400_B_232119\" src=\"https:\/\/www.au-pays-des-merveilles.com\/blog\/wp-content\/uploads\/2010\/06\/Tarte_thumb.jpg\" border=\"0\" alt=\"136400_B_232119\" width=\"220\" height=\"244\" align=\"right\" \/><\/a> Apr\u00e8s la tarte aux trois fromages et la tarte oignons &amp; lardons, <a rel=\"nofollow\" rel=\"nofollow noopener noreferrer\" href=\"http:\/\/marie.fr\" target=\"_blank\">Marie<\/a> innove en sortant\u00a0 l<strong>a tarte feuillet\u00e9e ch\u00e8vre lard &amp; compot\u00e9e d\u2019oignons<\/strong> (une recette simple et g\u00e9n\u00e9reuse aux saveurs sublim\u00e9es par une touche l\u00e9g\u00e8re de miel pour une association de saveurs d\u00e9licates), l<strong>a tarte feuillet\u00e9e saumon &amp; fondue de poireaux<\/strong> (une recette cuisin\u00e9e avec de beaux morceaux de saumon, une fondue de poireaux onctueuse \u00e0 la cr\u00e8me et une touche de \u00ab Savora \u00bb pour relever les saveurs) et l<strong>a tarte feuillet\u00e9e chorizo &amp; piperade de l\u00e9gumes<\/strong> ( le chorizo, ingr\u00e9dient dans l\u2019air du temps, marie ses saveurs cors\u00e9es \u00e0 une compot\u00e9e de l\u00e9gumes m\u00e9diterran\u00e9ens confits et cuisin\u00e9s). Miam miam !<\/p>\n<p>Et ben moi je peux vous dire qu\u2019avec ces nouvelles saveurs, j\u2019ai pas fini d\u2019en manger des tartes !! Ca fait combien en points Wet Wet \u00e7a d\u2019ailleurs ?! <img src=\"https:\/\/www.au-pays-des-merveilles.com\/blog\/wp-includes\/images\/smilies\/3.gif\" alt=\";)\" class=\"wp-smiley\" style=\"height: 1em; max-height: 1em;\" \/><\/p>\n<p><a href=\"https:\/\/www.au-pays-des-merveilles.com\/blog\/wp-content\/uploads\/2010\/06\/image22.png\"><img loading=\"lazy\" decoding=\"async\" style=\"display: inline; margin-left: 0px; margin-right: 0px; border: 0px;\" title=\"image\" src=\"https:\/\/www.au-pays-des-merveilles.com\/blog\/wp-content\/uploads\/2010\/06\/image_thumb22.png\" border=\"0\" alt=\"image\" width=\"200\" height=\"185\" align=\"left\" \/><\/a> Et sinon, pour rappel, il vous reste 2 jours pour envoyer vos d\u00e9licieuses recettes \u00e0\u00a0 <a href=\"mailto:marie@cditcecrit.com\">marie@cditcecrit.com<\/a> afin de gagner <a href=\"https:\/\/www.au-pays-des-merveilles.com\/blog\/2010\/05\/22\/concours-pates-a-tarte-naturelles-marie\/\" target=\"_blank\" rel=\"noopener noreferrer\">le concours des p\u00e2tes \u00e0 tarte Marie 100 % naturelles<\/a>. M\u00eame que <a rel=\"nofollow noopener noreferrer\" href=\"http:\/\/www.ideestoutesfaites.com\/marie\/2010\/06\/lespace-mobalpa-partenaire-du-concours-ma-tarte-au-naturel-avec-marie.html?utm_source=feedburner&amp;utm_medium=feed&amp;utm_campaign=Feed%3A+typepad%2F1216927877s2124%2Fmarie+%28Marie%29\" target=\"_blank\" class=\"broken_link\">MOBALPA<\/a> s\u2019associe au <strong>concours<\/strong> en offrant aux 3 gagnants un cours de cuisine d\u2019une valeur de 100\u20ac valable jusqu\u2019au 31 d\u00e9cembre 2010.<\/p>\n<p>Allez ch\u00e8r(e)s lecteur(trice)s, faites moi honneur please !! <img src=\"https:\/\/www.au-pays-des-merveilles.com\/blog\/wp-includes\/images\/smilies\/1.gif\" alt=\":)\" class=\"wp-smiley\" style=\"height: 1em; max-height: 1em;\" \/><\/p>\n<p>Bon app\u00e9tit biens\u00fbr !<\/p>\n","protected":false},"excerpt":{"rendered":"<p>C\u2019est chouette la vie \u00e0 deux ! sauf que maintenant il faut faire la cuisine tous les jours pour faire plaisir \u00e0 son homme, parce que vivre d\u2019amour et d\u2019eau fraiche \u00e7a n\u2019existe que dans les livres Harlequin ! Et il arrive que parfois (m\u00eame pas mal de fois) je rentre tard et donc je<\/p>\n","protected":false},"author":1,"featured_media":0,"comment_status":"open","ping_status":"open","sticky":false,"template":"","format":"standard","meta":{"footnotes":""},"categories":[20,10],"tags":[47,48,109],"class_list":["post-5997","post","type-post","status-publish","format-standard","hentry","category-buzz","category-cook-book","tag-cuisine","tag-marie","tag-tartes"],"_links":{"self":[{"href":"https:\/\/www.au-pays-des-merveilles.com\/blog\/wp-json\/wp\/v2\/posts\/5997","targetHints":{"allow":["GET"]}}],"collection":[{"href":"https:\/\/www.au-pays-des-merveilles.com\/blog\/wp-json\/wp\/v2\/posts"}],"about":[{"href":"https:\/\/www.au-pays-des-merveilles.com\/blog\/wp-json\/wp\/v2\/types\/post"}],"author":[{"embeddable":true,"href":"https:\/\/www.au-pays-des-merveilles.com\/blog\/wp-json\/wp\/v2\/users\/1"}],"replies":[{"embeddable":true,"href":"https:\/\/www.au-pays-des-merveilles.com\/blog\/wp-json\/wp\/v2\/comments?post=5997"}],"version-history":[{"count":0,"href":"https:\/\/www.au-pays-des-merveilles.com\/blog\/wp-json\/wp\/v2\/posts\/5997\/revisions"}],"wp:attachment":[{"href":"https:\/\/www.au-pays-des-merveilles.com\/blog\/wp-json\/wp\/v2\/media?parent=5997"}],"wp:term":[{"taxonomy":"category","embeddable":true,"href":"https:\/\/www.au-pays-des-merveilles.com\/blog\/wp-json\/wp\/v2\/categories?post=5997"},{"taxonomy":"post_tag","embeddable":true,"href":"https:\/\/www.au-pays-des-merveilles.com\/blog\/wp-json\/wp\/v2\/tags?post=5997"}],"curies":[{"name":"wp","href":"https:\/\/api.w.org\/{rel}","templated":true}]}}