{"id":6014,"date":"2010-06-24T09:27:36","date_gmt":"2010-06-24T07:27:36","guid":{"rendered":"http:\/\/www.au-pays-des-merveilles.com\/blog\/?p=6014"},"modified":"2019-03-22T17:17:36","modified_gmt":"2019-03-22T15:17:36","slug":"sous-le-soleil-de-provence-dans-ma-douche","status":"publish","type":"post","link":"https:\/\/www.au-pays-des-merveilles.com\/blog\/2010\/06\/24\/sous-le-soleil-de-provence-dans-ma-douche\/","title":{"rendered":"Sous le soleil de Provence &#8230; dans ma douche !"},"content":{"rendered":"<p>Ralalalala (cri de d\u00e9sespoir !!) si seulement je pouvais avancer le temps et me retrouver direct en Ao\u00fbt je le ferais ! Ce sera le moment de charger la voiture, de se manger des kms, de passer le short et les tongs et de retourner sous le soleil de Provence.<\/p>\n<p>En attendant, pas le choix, on retourne au boulot et on serre les dents ! Alors histoire de me croire d\u00e9j\u00e0 en vacances, j\u2019utilise depuis quelques jours la nouvelle gamme du Petit Marseillais : les cueillettes fruit\u00e9es. Oui on fait ce qu\u2019on peut !!<\/p>\n<p><a href=\"https:\/\/www.au-pays-des-merveilles.com\/blog\/wp-content\/uploads\/2010\/06\/image23.png\"><img loading=\"lazy\" decoding=\"async\" style=\"display: block; float: none; margin-left: auto; margin-right: auto; border: 0px;\" title=\"image\" src=\"https:\/\/www.au-pays-des-merveilles.com\/blog\/wp-content\/uploads\/2010\/06\/image_thumb23.png\" border=\"0\" alt=\"image\" width=\"454\" height=\"304\" \/><\/a><\/p>\n<p>La gamme se compose de 5 gels douches aux m\u00e9langes originaux de senteurs puisque Le Petit Marseillais a mari\u00e9 des fruits gourmands du Sud qu\u2019il connait bien (abricot, framboise, orange, melon et pomme) \u00e0 des ingr\u00e9dients insolites aux notes aromatiques, fleuries ou acidul\u00e9es (basilic, pivoine, coing, past\u00e8que, rhubarbe). :<\/p>\n<p><a href=\"https:\/\/www.au-pays-des-merveilles.com\/blog\/wp-content\/uploads\/2010\/06\/image24.png\"><img loading=\"lazy\" decoding=\"async\" style=\"display: inline; margin-left: 0px; margin-right: 0px; border: 0px;\" title=\"image\" src=\"https:\/\/www.au-pays-des-merveilles.com\/blog\/wp-content\/uploads\/2010\/06\/image_thumb24.png\" border=\"0\" alt=\"image\" width=\"100\" height=\"100\" align=\"left\" \/><\/a> &#8211; <strong><span style=\"color: #ff8040;\">Abricot et Basilic<\/span><\/strong> : pas commun comme parfum qui associe les notes gourmandes et d\u00e9licieuses de l\u2019abricot \u00e0 la fra\u00eecheur v\u00e9g\u00e9tale du basilic, deux rencontres avec le soleil. Je suis fan de tout ce qui est \u00e0 l\u2019abricot, inutile de dire que c\u2019est celui que j\u2019aime bien m\u2019en tartiner ! <img src=\"https:\/\/www.au-pays-des-merveilles.com\/blog\/wp-includes\/images\/smilies\/3.gif\" alt=\";)\" class=\"wp-smiley\" style=\"height: 1em; max-height: 1em;\" \/><\/p>\n<p><a href=\"https:\/\/www.au-pays-des-merveilles.com\/blog\/wp-content\/uploads\/2010\/06\/image25.png\"><img loading=\"lazy\" decoding=\"async\" style=\"display: inline; margin-left: 0px; margin-right: 0px; border: 0px;\" title=\"image\" src=\"https:\/\/www.au-pays-des-merveilles.com\/blog\/wp-content\/uploads\/2010\/06\/image_thumb25.png\" border=\"0\" alt=\"image\" width=\"100\" height=\"100\" align=\"right\" \/><\/a> &#8211; <strong><span style=\"color: #ff0080;\">Framboise et Pivoine<\/span><\/strong> : les notes florales tr\u00e8s printani\u00e8res de rose et de pivoine forment un bouquet tr\u00e8s naturel, \u00e9gay\u00e9 d\u2019une touche p\u00e9tillante et gourmande de framboise et cassis. Tr\u00e8s douce, sa texture cr\u00e8me laisse la peau hydrat\u00e9e et nourrie.<\/p>\n<p><a href=\"https:\/\/www.au-pays-des-merveilles.com\/blog\/wp-content\/uploads\/2010\/06\/image26.png\"><img loading=\"lazy\" decoding=\"async\" style=\"display: inline; margin-left: 0px; margin-right: 0px; border: 0px;\" title=\"image\" src=\"https:\/\/www.au-pays-des-merveilles.com\/blog\/wp-content\/uploads\/2010\/06\/image_thumb26.png\" border=\"0\" alt=\"image\" width=\"100\" height=\"100\" align=\"left\" \/><\/a> &#8211; <span style=\"color: #ff8000;\"><strong>Orange et Coing<\/strong><\/span> : ce gel douche lib\u00e8re les notes fruit\u00e9es, gourmandes et pulpeuses de la p\u00e2te de coing, rehauss\u00e9es par une touche fra\u00eeche d\u2019agrumes. Un parfum authentique et chaleureux, \u00e0 l\u2019image des traditionnelles f\u00eates de No\u00ebl qui ne sont pas loin, un r\u00e9el d\u00e9lice d\u2019hiver! Sa texture gel lave en douceur pour une peau rafra\u00eechie et hydrat\u00e9e.<\/p>\n<p><a href=\"https:\/\/www.au-pays-des-merveilles.com\/blog\/wp-content\/uploads\/2010\/06\/image27.png\"><img loading=\"lazy\" decoding=\"async\" style=\"display: inline; margin-left: 0px; margin-right: 0px; border: 0px;\" title=\"image\" src=\"https:\/\/www.au-pays-des-merveilles.com\/blog\/wp-content\/uploads\/2010\/06\/image_thumb27.png\" border=\"0\" alt=\"image\" width=\"100\" height=\"100\" align=\"right\" \/><\/a> &#8211; <span style=\"color: #ff8080;\"><strong>Melon et Past\u00e8que<\/strong><\/span> : V\u00e9ritable \u00e9vocation du soleil et des beaux jours pour ce duo frais et fruit\u00e9 ! Ca sent vraiment le Sud \u2026 le melon c\u2019est l\u2019\u00e9t\u00e9, normal !<\/p>\n<p><a href=\"https:\/\/www.au-pays-des-merveilles.com\/blog\/wp-content\/uploads\/2010\/06\/image28.png\"><img loading=\"lazy\" decoding=\"async\" style=\"display: inline; margin-left: 0px; margin-right: 0px; border: 0px;\" title=\"image\" src=\"https:\/\/www.au-pays-des-merveilles.com\/blog\/wp-content\/uploads\/2010\/06\/image_thumb28.png\" border=\"0\" alt=\"image\" width=\"100\" height=\"100\" align=\"left\" \/><\/a> &#8211; <span style=\"color: #00ff40;\"><strong>Pomme et Rhubarbe<\/strong><\/span> : l\u00e0 c\u2019est ambiance d\u2019automne pour cette douche Pomme Rhubarbe aux accents fruit\u00e9s verts et croquants ! Inspir\u00e9 de ce duo \u00e9tonnant, le parfum de ce gel douche associe les notes fruit\u00e9es douces de la pomme au parfum p\u00e9tillant et acidul\u00e9 de la rhubarbe : un vrai r\u00e9gal pour \u00e9veiller les sens !<\/p>\n<p><em>Prix : 2,60 \u20ac<\/em><\/p>\n<p><a href=\"https:\/\/www.au-pays-des-merveilles.com\/blog\/wp-content\/uploads\/2010\/06\/image29.png\"><img loading=\"lazy\" decoding=\"async\" style=\"display: inline; margin-left: 0px; margin-right: 0px; border: 0px;\" title=\"image\" src=\"https:\/\/www.au-pays-des-merveilles.com\/blog\/wp-content\/uploads\/2010\/06\/image_thumb29.png\" border=\"0\" alt=\"image\" width=\"226\" height=\"201\" align=\"left\" \/><\/a> La nouvelle formule des douches \u00ab\u00a0Cueillettes Fruit\u00e9es\u00a0\u00bb, sans paraben, a \u00e9t\u00e9 d\u00e9velopp\u00e9e afin de se limiter aux ingr\u00e9dients essentiels au plaisir de la douche. Ces gels douche au pH neutre pour la peau respectent et lavent votre peau en douceur.<\/p>\n<p>Des parfums gourmands et frais, une mousse abondante et g\u00e9n\u00e9reuse, fermez les yeux, vous \u00eates en Provence ! ^^<\/p>\n<p>Vous connaissiez cette gamme ?<\/p>\n<p><em>Merci Vianova Spheeris pour ce petit voyage sous la douche !<\/em><\/p>\n","protected":false},"excerpt":{"rendered":"<p>Ralalalala (cri de d\u00e9sespoir !!) si seulement je pouvais avancer le temps et me retrouver direct en Ao\u00fbt je le ferais ! Ce sera le moment de charger la voiture, de se manger des kms, de passer le short et les tongs et de retourner sous le soleil de Provence. En attendant, pas le choix,<\/p>\n","protected":false},"author":1,"featured_media":0,"comment_status":"open","ping_status":"open","sticky":false,"template":"","format":"standard","meta":{"footnotes":""},"categories":[6,20],"tags":[82,110],"class_list":["post-6014","post","type-post","status-publish","format-standard","hentry","category-beautiful-girl","category-buzz","tag-gel-douche","tag-le-petit-marseillais"],"_links":{"self":[{"href":"https:\/\/www.au-pays-des-merveilles.com\/blog\/wp-json\/wp\/v2\/posts\/6014","targetHints":{"allow":["GET"]}}],"collection":[{"href":"https:\/\/www.au-pays-des-merveilles.com\/blog\/wp-json\/wp\/v2\/posts"}],"about":[{"href":"https:\/\/www.au-pays-des-merveilles.com\/blog\/wp-json\/wp\/v2\/types\/post"}],"author":[{"embeddable":true,"href":"https:\/\/www.au-pays-des-merveilles.com\/blog\/wp-json\/wp\/v2\/users\/1"}],"replies":[{"embeddable":true,"href":"https:\/\/www.au-pays-des-merveilles.com\/blog\/wp-json\/wp\/v2\/comments?post=6014"}],"version-history":[{"count":0,"href":"https:\/\/www.au-pays-des-merveilles.com\/blog\/wp-json\/wp\/v2\/posts\/6014\/revisions"}],"wp:attachment":[{"href":"https:\/\/www.au-pays-des-merveilles.com\/blog\/wp-json\/wp\/v2\/media?parent=6014"}],"wp:term":[{"taxonomy":"category","embeddable":true,"href":"https:\/\/www.au-pays-des-merveilles.com\/blog\/wp-json\/wp\/v2\/categories?post=6014"},{"taxonomy":"post_tag","embeddable":true,"href":"https:\/\/www.au-pays-des-merveilles.com\/blog\/wp-json\/wp\/v2\/tags?post=6014"}],"curies":[{"name":"wp","href":"https:\/\/api.w.org\/{rel}","templated":true}]}}