{"id":6184,"date":"2010-07-06T00:22:00","date_gmt":"2010-07-05T22:22:00","guid":{"rendered":"http:\/\/www.au-pays-des-merveilles.com\/blog\/?p=6184"},"modified":"2019-03-22T17:17:35","modified_gmt":"2019-03-22T15:17:35","slug":"roger-et-gallet","status":"publish","type":"post","link":"https:\/\/www.au-pays-des-merveilles.com\/blog\/2010\/07\/06\/roger-et-gallet\/","title":{"rendered":"Avec Roger &#038; Gallet, je sens bon le frais ! {concours}"},"content":{"rendered":"<p><a href=\"https:\/\/www.au-pays-des-merveilles.com\/blog\/wp-content\/uploads\/2010\/07\/accueilRG.jpg\"><img loading=\"lazy\" decoding=\"async\" style=\"display: block; float: none; margin-left: auto; margin-right: auto; border: 0px;\" title=\"accueil RG\" src=\"https:\/\/www.au-pays-des-merveilles.com\/blog\/wp-content\/uploads\/2010\/07\/accueilRG_thumb.jpg\" border=\"0\" alt=\"accueil RG\" width=\"440\" height=\"312\" \/><\/a><\/p>\n<p>Quand on me parlait de <a rel=\"nofollow noopener noreferrer\" href=\"http:\/\/www.roger-gallet.com\/accueil.php?lang=fr\" target=\"_blank\" class=\"broken_link\">Roger &amp; Gallet<\/a>, j\u2019avais cette image vieillotte de l\u2019eau de cologne pour mamy ou encore des petites boites rondes et color\u00e9es des savons. En m\u00eame temps, cette marque est loin d\u2019\u00eatre jeune puisque <a rel=\"nofollow noopener noreferrer\" href=\"http:\/\/www.roger-gallet.com\/accueil.php?lang=fr\" target=\"_blank\" class=\"broken_link\">Roger &amp; Gallet<\/a> est parfumeur depuis 1862, et \u00e9tait le fournisseur officiel de l\u2019empereur Napol\u00e9on 1er. Mais \u00e7a ne l\u2019emp\u00eache pas de rester moderne pour autant puisqu\u2019aujourd\u2019hui, la marque propose une collection de fragrances d\u00e9licates pour se rafra\u00eechir, se tonifier, se sentir bien au quotidien.<\/p>\n<p>Six eaux parfum\u00e9es sont propos\u00e9es pour cet \u00e9t\u00e9, en \u00e9dition limit\u00e9e :<\/p>\n<p><a href=\"https:\/\/www.au-pays-des-merveilles.com\/blog\/wp-content\/uploads\/2010\/07\/gammevapo.jpg\"><img loading=\"lazy\" decoding=\"async\" style=\"display: block; float: none; margin-left: auto; margin-right: auto; border: 0px;\" title=\"gamme vapo\" src=\"https:\/\/www.au-pays-des-merveilles.com\/blog\/wp-content\/uploads\/2010\/07\/gammevapo_thumb.jpg\" border=\"0\" alt=\"gamme vapo\" width=\"600\" height=\"232\" \/><\/a><\/p>\n<p>&#8211; <span style=\"color: #ff8040;\"><strong>Bois d\u2019orange,<\/strong> tonifiant<\/span> : La fra\u00eecheur caressante de la fleur d\u2019oranger et des bois tendres. <em>Un voyage olfactif dans les jardins andalous de l\u2019Alhambra<br \/>\n<\/em>&#8211; <span style=\"color: #ff00ff;\"><strong>Rose,<\/strong> relaxant<\/span> : La secr\u00e8te et enchanteresse sensualit\u00e9 de la plus belle des fleurs. <em>Le raffinement exquis d\u2019une fleur merveilleuse du Bengale<br \/>\n<\/em>&#8211; <span style=\"color: #00ff00;\"><strong>Th\u00e9 Vert<\/strong>, apaisant<\/span> : Une eau d\u00e9licate de fleurs et de feuilles de th\u00e9. <em>La majest\u00e9 caressante du Mont Fuji au petit matin<\/em><\/p>\n<p>&#8211; <span style=\"color: #008080;\"><strong>C\u00e9drat,<\/strong> \u00e9nergisant<\/span> : Une onde \u00e9nergisante \u00e0 base d\u2019agrumes. <em>Le r\u00e9veil au soleil \u2026 dans un jardin de Calabre<br \/>\n<\/em>&#8211; <span style=\"color: #ff80c0;\"><strong>Shiso,<\/strong> \u00e9nergisant <\/span>: Un souffle l\u00e9ger, apaisant, doux et fleuri.\u00a0 <em>La s\u00e9r\u00e9nit\u00e9 pr\u00e9cieuse des jardins de Kyoto. <\/em><a href=\"https:\/\/www.au-pays-des-merveilles.com\/blog\/wp-content\/uploads\/2010\/07\/kitAP.jpg\"><img loading=\"lazy\" decoding=\"async\" style=\"display: inline; margin-left: 0px; margin-right: 0px; border: 0px;\" title=\"kit AP\" src=\"https:\/\/www.au-pays-des-merveilles.com\/blog\/wp-content\/uploads\/2010\/07\/kitAP_thumb.jpg\" border=\"0\" alt=\"kit AP\" width=\"338\" height=\"341\" align=\"left\" \/><\/a><em>Prix : 15,60 \u20ac les 30 ml<\/em><\/p>\n<p>et enfin, <span style=\"color: #408080;\"><strong>Amande Persane<\/strong><\/span>, ma pr\u00e9f\u00e9r\u00e9e, qui est propos\u00e9e en coffret pour le voyage avec le <strong>Gel bain douche<\/strong> qui est enrichi \u00e0 l\u2019extrait de grenade reconnue pour sa richesse en sucre et en compos\u00e9s anti-oxydants, il nettoie en douceur et en respectant l\u2018\u00e9quilibre naturel de la peau. Pour un confort optimal, un agent complexant les ions calcaires et de l\u2019huile d\u2019amande sont incorpor\u00e9s pour limiter le dess\u00e8chement<br \/>\ncutan\u00e9 et maintenir le film hydrolipidique de surface. Il y a \u00e9galement le<strong> Lait hydratant pour le corps<\/strong> : Une texture polysensorielle, fluide et a\u00e9rienne qui fond imm\u00e9diatement sur la peau et la nourrit durablement. Association de lait d\u2019amande, actif reconnu pour ses propri\u00e9t\u00e9s adoucissantes et apaisantes, et de pro-vitamine B5, pour maintenir le film hydrolipidique de surface. Et enfin, le<strong> Savon parfum\u00e9<\/strong> qui est fabriqu\u00e9 selon la m\u00e9thode traditionnelle \u00ab au chaudron \u00bb. La technique dite de \u00ab parfumage au coeur du savon \u00bb consiste \u00e0 incorporer le coeur parfum\u00e9 renfermant des huiles essentielles naturelles \u00e0 la p\u00e2te d\u00e9j\u00e0 refroidie, permettant de pr\u00e9server le parfum intact et d\u2019en restituer l\u2019authenticit\u00e9 jusqu\u2019au dernier jour d\u2019utilisation. Base compos\u00e9e \u00e0 partir d\u2019huiles pures 100% v\u00e9g\u00e9tales, pour respecter l\u2019\u00e9quilibre naturel de l\u2019\u00e9piderme. Sa mousse onctueuse contribue \u00e0 maintenir l\u2019int\u00e9grit\u00e9 de la barri\u00e8re cutan\u00e9e.<\/p>\n<p><em>Prix : 7,90 \u20ac le coffret.<\/em><\/p>\n<p><a href=\"https:\/\/www.au-pays-des-merveilles.com\/blog\/wp-content\/uploads\/2010\/07\/HSbdO.jpg\"><img loading=\"lazy\" decoding=\"async\" style=\"display: inline; margin-left: 0px; margin-right: 0px; border: 0px;\" title=\"HSbdO\" src=\"https:\/\/www.au-pays-des-merveilles.com\/blog\/wp-content\/uploads\/2010\/07\/HSbdO_thumb.jpg\" border=\"0\" alt=\"HSbdO\" width=\"340\" height=\"272\" align=\"right\" \/><\/a> Mais surtout, l\u00e0 o\u00f9 <a rel=\"nofollow noopener noreferrer\" href=\"http:\/\/www.roger-gallet.com\/accueil.php?lang=fr\" target=\"_blank\" class=\"broken_link\">Roger &amp; Gallet<\/a> innove, c\u2019est avec leur d\u00e9licieuse \u201c<strong><span style=\"color: #ff8040;\">Huile Sublime Bois d\u2019Orange<\/span><\/strong>\u201d avec ses accords hesp\u00e9rid\u00e9 bois\u00e9 solaire compos\u00e9 d\u2019huiles essentielles d\u2019agrumes m\u00e9diterran\u00e9ens (mandarine, orange, petit-grain bigarade), de fleur d\u2019oranger, de jasmin et de c\u00e8dre de l\u2019Atlas.<\/p>\n<p>Elle nourrit, adoucit, tonifie la peau et les cheveux gr\u00e2ce aux bienfaits d\u2019une concentration de 6 huiles v\u00e9g\u00e9tales actives :<br \/>\n&#8211; huile d\u2019argan, qui pr\u00e9serve du dess\u00e8chement<br \/>\n&#8211; huile d\u2019amande douce, qui adoucit la peau<br \/>\n&#8211; huile de cam\u00e9lia, qui redonne souplesse et \u00e9lasticit\u00e9<br \/>\n&#8211; huile de macadamia, qui nourrit l\u2019\u00e9piderme<br \/>\n&#8211; huile d\u2019onagre, qui prot\u00e8ge la peau<br \/>\n&#8211; huile de s\u00e9same, un puissant \u00e9mollient<br \/>\nSa formule est \u00e9galement enrichie en vitamine E, reconnue pour ses propri\u00e9t\u00e9s anti-oxydantes, et en huile essentielle d\u2019orange tonifiante. <em>Test\u00e9e dermatologiquement, sans silicone, non com\u00e9dog\u00e8ne, l\u2019huile sublime Bois d\u2019orange convient aux peaux s\u00e8ches et sensibles.<\/em><\/p>\n<p>Je m\u2019en sers particuli\u00e8rement sur le corps et les cheveux qui sont tous doux apr\u00e8s application et sentent d\u00e9licieusement bon ! en revanche, sur le visage j\u2019\u00e9vite car ayant d\u00e9j\u00e0 une peau mixte, on va \u00e9viter les huiles !<\/p>\n<p><em>Prix : 21,80 \u20ac les 100 ml<\/em><\/p>\n<h2 style=\"text-align: center;\"><span style=\"color: #cc99ff;\">~\u00a0 Concours\u00a0 ~<\/span><\/h2>\n<p><span style=\"color: #cc99ff;\"><br \/>\n<\/span><\/p>\n<p><a href=\"https:\/\/www.au-pays-des-merveilles.com\/blog\/wp-content\/uploads\/2010\/07\/RGold.jpg\"><img loading=\"lazy\" decoding=\"async\" style=\"display: inline; margin-left: 0px; margin-right: 0px; border: 0px;\" title=\"ROGER19C.TIF\" src=\"https:\/\/www.au-pays-des-merveilles.com\/blog\/wp-content\/uploads\/2010\/07\/RGold_thumb.jpg\" border=\"0\" alt=\"ROGER19C.TIF\" width=\"102\" height=\"189\" align=\"left\" \/><\/a> J\u2019ai la chance de vous offrir une <strong>Huile Sublime Bois d\u2019Orange <a rel=\"nofollow noopener noreferrer\" href=\"http:\/\/www.roger-gallet.com\/accueil.php?lang=fr\" target=\"_blank\" class=\"broken_link\">Roger &amp; Gallet<\/a><\/strong>. Pour la gagner, un petit <strong>commentaire<\/strong> et je tirerais au sort. Vous avez jusqu\u2019\u00e0 <strong>vendredi (09 juillet 2010), 20h<\/strong> pour participer.<\/p>\n<p style=\"text-align: right;\"><em>Merci <a rel=\"nofollow noopener noreferrer\" href=\"http:\/\/www.roger-gallet.com\/accueil.php?lang=fr\" target=\"_blank\" class=\"broken_link\">Roger &amp; Gallet<\/a> ! et merci encore Kalioshka ! ^^<\/em><\/p>\n","protected":false},"excerpt":{"rendered":"<p>Quand on me parlait de Roger &amp; Gallet, j\u2019avais cette image vieillotte de l\u2019eau de cologne pour mamy ou encore des petites boites rondes et color\u00e9es des savons. En m\u00eame temps, cette marque est loin d\u2019\u00eatre jeune puisque Roger &amp; Gallet est parfumeur depuis 1862, et \u00e9tait le fournisseur officiel de l\u2019empereur Napol\u00e9on 1er. Mais<\/p>\n","protected":false},"author":1,"featured_media":0,"comment_status":"open","ping_status":"open","sticky":false,"template":"","format":"standard","meta":{"footnotes":""},"categories":[6,20,25],"tags":[49,45,136],"class_list":["post-6184","post","type-post","status-publish","format-standard","hentry","category-beautiful-girl","category-buzz","category-concours","tag-beaute","tag-parfum","tag-roger-gallet"],"_links":{"self":[{"href":"https:\/\/www.au-pays-des-merveilles.com\/blog\/wp-json\/wp\/v2\/posts\/6184","targetHints":{"allow":["GET"]}}],"collection":[{"href":"https:\/\/www.au-pays-des-merveilles.com\/blog\/wp-json\/wp\/v2\/posts"}],"about":[{"href":"https:\/\/www.au-pays-des-merveilles.com\/blog\/wp-json\/wp\/v2\/types\/post"}],"author":[{"embeddable":true,"href":"https:\/\/www.au-pays-des-merveilles.com\/blog\/wp-json\/wp\/v2\/users\/1"}],"replies":[{"embeddable":true,"href":"https:\/\/www.au-pays-des-merveilles.com\/blog\/wp-json\/wp\/v2\/comments?post=6184"}],"version-history":[{"count":0,"href":"https:\/\/www.au-pays-des-merveilles.com\/blog\/wp-json\/wp\/v2\/posts\/6184\/revisions"}],"wp:attachment":[{"href":"https:\/\/www.au-pays-des-merveilles.com\/blog\/wp-json\/wp\/v2\/media?parent=6184"}],"wp:term":[{"taxonomy":"category","embeddable":true,"href":"https:\/\/www.au-pays-des-merveilles.com\/blog\/wp-json\/wp\/v2\/categories?post=6184"},{"taxonomy":"post_tag","embeddable":true,"href":"https:\/\/www.au-pays-des-merveilles.com\/blog\/wp-json\/wp\/v2\/tags?post=6184"}],"curies":[{"name":"wp","href":"https:\/\/api.w.org\/{rel}","templated":true}]}}