{"id":6569,"date":"2010-09-06T06:57:27","date_gmt":"2010-09-06T04:57:27","guid":{"rendered":"http:\/\/www.au-pays-des-merveilles.com\/blog\/?p=6569"},"modified":"2019-03-22T17:17:33","modified_gmt":"2019-03-22T15:17:33","slug":"jai-teste-les-solaires-avene","status":"publish","type":"post","link":"https:\/\/www.au-pays-des-merveilles.com\/blog\/2010\/09\/06\/jai-teste-les-solaires-avene\/","title":{"rendered":"J&rsquo;ai test\u00e9 les solaires AVENE"},"content":{"rendered":"<p><a href=\"https:\/\/www.au-pays-des-merveilles.com\/blog\/wp-content\/uploads\/2010\/08\/IMG_9490.jpg\"><img loading=\"lazy\" decoding=\"async\" style=\"background-image: none; margin: 15px auto; padding-left: 0px; padding-right: 0px; display: block; float: none; padding-top: 0px; border: 0px;\" title=\"IMG_9490\" src=\"https:\/\/www.au-pays-des-merveilles.com\/blog\/wp-content\/uploads\/2010\/08\/IMG_9490_thumb.jpg\" border=\"0\" alt=\"IMG_9490\" width=\"324\" height=\"484\" \/><\/a><\/p>\n<p>Apr\u00e8s de tr\u00e8s bons solaires, je suis pass\u00e9e \u00e0 une autre gamme pendant mes vacances et j\u2019avoue que mon avis est plus contrast\u00e9 pour ces produits. Je parle des solaires AVENE. Pourtant, AVENE c\u2019est vraiment MA marque r\u00e9f\u00e9rence anti-allergies que j\u2019utilise tous les jours pour le d\u00e9maquillant, le tonique, la cr\u00e8me \u2026 mais l\u00e0 pour les solaires, c\u2019est moins bien. Je m\u2019explique ! J\u2019ai utilis\u00e9 :<\/p>\n<p>** <strong>le spray Tr\u00e8s Haute Protection SPF 50 + pour le corps<\/strong> et **<strong> la cr\u00e8me Tr\u00e8s Haute Protection SPF 50 + pour le visage :<\/strong><\/p>\n<p><a href=\"https:\/\/www.au-pays-des-merveilles.com\/blog\/wp-content\/uploads\/2010\/08\/image.png\"><img loading=\"lazy\" decoding=\"async\" style=\"background-image: none; margin: 15px auto; padding-left: 0px; padding-right: 0px; display: block; float: none; padding-top: 0px; border: 0px;\" title=\"image\" src=\"https:\/\/www.au-pays-des-merveilles.com\/blog\/wp-content\/uploads\/2010\/08\/image_thumb.png\" border=\"0\" alt=\"image\" width=\"380\" height=\"234\" \/><\/a><\/p>\n<p><span style=\"text-decoration: underline;\"><strong><span style=\"color: #809ec2;\">Mon avis<\/span><\/strong><\/span> :<\/p>\n<p><strong>Les +<\/strong> : bonne protection (heureusement !), pas de marques,\u00a0 parfum doux et flacon pompe pour le visage pratique.<\/p>\n<p><strong>Les \u2013<\/strong> : s\u2019\u00e9tale mal ; ne r\u00e9siste pas tellement que \u00e7a \u00e0 l\u2019eau ; de plus c\u2019est un peu trop gras \u00e0 tel point que lorsque j\u2019ai voulu reprendre la bouteille, elle m\u2019a gliss\u00e9 des mains, j\u2019ai bataill\u00e9 pour appuyer sur la pompe, \u00e7a glissait ! pas terrible du tout donc. Je suis d\u00e9\u00e7ue.<\/p>\n<p><span style=\"color: #809ec2;\"><span style=\"text-decoration: underline;\"><strong>Conclusion<\/strong><\/span> <\/span>: &#x2665;&#x2665;&#x2665; Je ne suis pas conquise par cette ligne de solaires. J\u2019ai pr\u00e9f\u00e9r\u00e9 (et de loin) mon pr\u00e9c\u00e9dent test. Dommage !<\/p>\n<p style=\"text-align: right;\"><em><a rel=\"nofollow\" rel=\"nofollow noopener noreferrer\" href=\"http:\/\/www.pierre-fabre.com\/\" target=\"_blank\">Merci Pierre Fabre !<\/a><\/em><\/p>\n","protected":false},"excerpt":{"rendered":"<p>Apr\u00e8s de tr\u00e8s bons solaires, je suis pass\u00e9e \u00e0 une autre gamme pendant mes vacances et j\u2019avoue que mon avis est plus contrast\u00e9 pour ces produits. Je parle des solaires AVENE. Pourtant, AVENE c\u2019est vraiment MA marque r\u00e9f\u00e9rence anti-allergies que j\u2019utilise tous les jours pour le d\u00e9maquillant, le tonique, la cr\u00e8me \u2026 mais l\u00e0 pour<\/p>\n","protected":false},"author":1,"featured_media":0,"comment_status":"open","ping_status":"open","sticky":false,"template":"","format":"standard","meta":{"footnotes":""},"categories":[6],"tags":[169,71,93,155],"class_list":["post-6569","post","type-post","status-publish","format-standard","hentry","category-beautiful-girl","tag-avene","tag-ete","tag-solaires","tag-soleil"],"_links":{"self":[{"href":"https:\/\/www.au-pays-des-merveilles.com\/blog\/wp-json\/wp\/v2\/posts\/6569","targetHints":{"allow":["GET"]}}],"collection":[{"href":"https:\/\/www.au-pays-des-merveilles.com\/blog\/wp-json\/wp\/v2\/posts"}],"about":[{"href":"https:\/\/www.au-pays-des-merveilles.com\/blog\/wp-json\/wp\/v2\/types\/post"}],"author":[{"embeddable":true,"href":"https:\/\/www.au-pays-des-merveilles.com\/blog\/wp-json\/wp\/v2\/users\/1"}],"replies":[{"embeddable":true,"href":"https:\/\/www.au-pays-des-merveilles.com\/blog\/wp-json\/wp\/v2\/comments?post=6569"}],"version-history":[{"count":0,"href":"https:\/\/www.au-pays-des-merveilles.com\/blog\/wp-json\/wp\/v2\/posts\/6569\/revisions"}],"wp:attachment":[{"href":"https:\/\/www.au-pays-des-merveilles.com\/blog\/wp-json\/wp\/v2\/media?parent=6569"}],"wp:term":[{"taxonomy":"category","embeddable":true,"href":"https:\/\/www.au-pays-des-merveilles.com\/blog\/wp-json\/wp\/v2\/categories?post=6569"},{"taxonomy":"post_tag","embeddable":true,"href":"https:\/\/www.au-pays-des-merveilles.com\/blog\/wp-json\/wp\/v2\/tags?post=6569"}],"curies":[{"name":"wp","href":"https:\/\/api.w.org\/{rel}","templated":true}]}}