{"id":6585,"date":"2010-09-07T06:25:07","date_gmt":"2010-09-07T04:25:07","guid":{"rendered":"http:\/\/www.au-pays-des-merveilles.com\/blog\/?p=6585"},"modified":"2019-03-22T17:17:33","modified_gmt":"2019-03-22T15:17:33","slug":"apres-soleil-furterer","status":"publish","type":"post","link":"https:\/\/www.au-pays-des-merveilles.com\/blog\/2010\/09\/07\/apres-soleil-furterer\/","title":{"rendered":"Cet \u00e9t\u00e9, j&rsquo;ai sauv\u00e9 mes cheveux avec FURTERER"},"content":{"rendered":"<p><a href=\"https:\/\/www.au-pays-des-merveilles.com\/blog\/wp-content\/uploads\/2010\/08\/IMG_9511.jpg\"><img loading=\"lazy\" decoding=\"async\" style=\"margin: 15px auto; padding-left: 0px; padding-right: 0px; display: block; float: none; padding-top: 0px; border: 0px;\" title=\"IMG_9511\" src=\"https:\/\/www.au-pays-des-merveilles.com\/blog\/wp-content\/uploads\/2010\/08\/IMG_9511_thumb.jpg\" border=\"0\" alt=\"IMG_9511\" width=\"644\" height=\"431\" \/><\/a><\/p>\n<p>Il n\u2019y a pas que la peau qu\u2019il faut prot\u00e9ger l&rsquo;\u00e9t\u00e9, il y a aussi les cheveux. Soleil, mer et lavages \u00e0 r\u00e9p\u00e9titions, je ne vais pas vous l\u2019apprendre, les cheveux morflent surtout s\u2019ils sont m\u00e9ch\u00e9s ou color\u00e9s. Si le mal est d\u00e9j\u00e0 fait, no soucy, j\u2019ai la solution : la gamme apr\u00e8s-soleil FURTERER.<\/p>\n<p>** <strong>le masque r\u00e9parateur apr\u00e8s-soleil FURTERER<\/strong> :<\/p>\n<blockquote><p>Enrichi en beurre de palmieret phospholipides d&rsquo;origine naturelle, le Masque r\u00e9parateur apr\u00e8s-soleil nourrit, restructure et r\u00e9pare en profondeur les cheveux sensibilis\u00e9s (mer, soleil, piscine).<br \/>\nSa texture riche et gourmande laisse les cheveux parfaitement nourris, r\u00e9par\u00e9s, soyeux.<\/p><\/blockquote>\n<p>** <strong>la brume hydratante apr\u00e8s-soleil FURTERER<\/strong> :<\/p>\n<blockquote><p>A appliquer sur cheveux humides, la Brume hydratante est le geste plaisir de r\u00e9paration express apr\u00e8s-soleil sans rin\u00e7age.<br \/>\nEnrichie en beurre de Palmier, elle compense les effets dess\u00e9chants du soleil, de l\u2019eau de mer et du chlore.<br \/>\nLa chevelure, instantan\u00e9ment d\u00e9m\u00eal\u00e9e, est sublim\u00e9e : elle retrouve douceur, brillance et soyeux.<\/p><\/blockquote>\n<p><span style=\"text-decoration: underline;\"><span style=\"color: #809ec2;\">Mon avis<\/span><\/span> : le masque sent bon l\u2019\u00e9t\u00e9 ! Apr\u00e8s l\u2019application, les cheveux sont tr\u00e8s doux, ils sont beaucoup plus faciles \u00e0 coiffer, le brushing est facilit\u00e9. Mais attention \u00e0 ne pas en mettre trop, sinon vos cheveux seront tous mous !<\/p>\n<p>Concernant la brume, le parfum est doux. Il d\u00e9m\u00eale bien les cheveux. En revanche, c\u2019est pareil pour ce produit, il ne faut pas avoir la main lourde sinon les cheveux regraissent vite.<\/p>\n<p>Toujours est il que ma chevelure \u00e9tait bien hydrat\u00e9e, m\u00eame la coiffeuse, \u00e0 la fin des vacances, m\u2019a fait la r\u00e9flexion ! Je vous conseille vivement de vous prot\u00e9ger les cheveux m\u00eame pendant la plage avec les solaires capillaires. D\u2019ailleurs, la coiffeuse (toujours elle !), m\u2019a conseill\u00e9 un produit avant shampoo qui est terrible (il est pas nouveau hein mais impec\u2019 !), je vous en parle tr\u00e8s bient\u00f4t !<\/p>\n<p><span style=\"text-decoration: underline;\"><span style=\"color: #809ec2;\">Conclusion<\/span><\/span> : &#x2665;&#x2665;&#x2665;&#x2665;<\/p>\n<p><em>Merci Ren\u00e9 !<\/em><\/p>\n","protected":false},"excerpt":{"rendered":"<p>Il n\u2019y a pas que la peau qu\u2019il faut prot\u00e9ger l&rsquo;\u00e9t\u00e9, il y a aussi les cheveux. Soleil, mer et lavages \u00e0 r\u00e9p\u00e9titions, je ne vais pas vous l\u2019apprendre, les cheveux morflent surtout s\u2019ils sont m\u00e9ch\u00e9s ou color\u00e9s. Si le mal est d\u00e9j\u00e0 fait, no soucy, j\u2019ai la solution : la gamme apr\u00e8s-soleil FURTERER. **<\/p>\n","protected":false},"author":1,"featured_media":0,"comment_status":"open","ping_status":"open","sticky":false,"template":"","format":"standard","meta":{"footnotes":""},"categories":[6],"tags":[73,71,171,93,155],"class_list":["post-6585","post","type-post","status-publish","format-standard","hentry","category-beautiful-girl","tag-cheveux","tag-ete","tag-furterer","tag-solaires","tag-soleil"],"_links":{"self":[{"href":"https:\/\/www.au-pays-des-merveilles.com\/blog\/wp-json\/wp\/v2\/posts\/6585","targetHints":{"allow":["GET"]}}],"collection":[{"href":"https:\/\/www.au-pays-des-merveilles.com\/blog\/wp-json\/wp\/v2\/posts"}],"about":[{"href":"https:\/\/www.au-pays-des-merveilles.com\/blog\/wp-json\/wp\/v2\/types\/post"}],"author":[{"embeddable":true,"href":"https:\/\/www.au-pays-des-merveilles.com\/blog\/wp-json\/wp\/v2\/users\/1"}],"replies":[{"embeddable":true,"href":"https:\/\/www.au-pays-des-merveilles.com\/blog\/wp-json\/wp\/v2\/comments?post=6585"}],"version-history":[{"count":0,"href":"https:\/\/www.au-pays-des-merveilles.com\/blog\/wp-json\/wp\/v2\/posts\/6585\/revisions"}],"wp:attachment":[{"href":"https:\/\/www.au-pays-des-merveilles.com\/blog\/wp-json\/wp\/v2\/media?parent=6585"}],"wp:term":[{"taxonomy":"category","embeddable":true,"href":"https:\/\/www.au-pays-des-merveilles.com\/blog\/wp-json\/wp\/v2\/categories?post=6585"},{"taxonomy":"post_tag","embeddable":true,"href":"https:\/\/www.au-pays-des-merveilles.com\/blog\/wp-json\/wp\/v2\/tags?post=6585"}],"curies":[{"name":"wp","href":"https:\/\/api.w.org\/{rel}","templated":true}]}}