{"id":6663,"date":"2010-09-10T07:57:35","date_gmt":"2010-09-10T05:57:35","guid":{"rendered":"http:\/\/www.au-pays-des-merveilles.com\/blog\/?p=6663"},"modified":"2019-03-22T17:17:33","modified_gmt":"2019-03-22T15:17:33","slug":"test-solaires-vichy","status":"publish","type":"post","link":"https:\/\/www.au-pays-des-merveilles.com\/blog\/2010\/09\/10\/test-solaires-vichy\/","title":{"rendered":"Les solaires Vichy partis en Croatie !"},"content":{"rendered":"<p style=\"text-align: center;\"><a href=\"https:\/\/www.au-pays-des-merveilles.com\/blog\/wp-content\/uploads\/2010\/09\/IMG_0463.jpg\"><img loading=\"lazy\" decoding=\"async\" class=\"aligncenter\" style=\"background-image: none; margin: 15px auto; padding-left: 0px; padding-right: 0px; display: block; float: none; padding-top: 0px; border: 0px;\" title=\"IMG_0463\" src=\"https:\/\/www.au-pays-des-merveilles.com\/blog\/wp-content\/uploads\/2010\/09\/IMG_0463_thumb.jpg\" border=\"0\" alt=\"IMG_0463\" width=\"640\" height=\"427\" \/><\/a><\/p>\n<p style=\"text-align: justify;\">On termine cette semaine \u201ctests solaires\u201d avec la gamme Capital Soleil de <a rel=\"nofollow\" rel=\"nofollow noopener noreferrer\" href=\"http:\/\/www.vichyconsult.fr\/\" target=\"_blank\">VICHY<\/a>. Alors avec tout ce que j\u2019avais \u00e0 tester, j\u2019ai propos\u00e9 \u00e0 ma belle-soeur de m\u2019aider et de faire le test de ces produits pendant ses vacances en Croatie, un pays o\u00f9 le soleil est au rendez-vous !<\/p>\n<blockquote style=\"text-align: justify;\"><p>Depuis plus de 15 ans, Vichy assure une protection anti-UVA et anti-UVB optimale pour prot\u00e9ger le capital solaire de la peau. Pour prot\u00e9ger la peau jusqu\u2019aux cellules souches, Vichy a \u00e9labor\u00e9 un nouvelle g\u00e9n\u00e9ration de formules solaires associant des filtres anti UV de r\u00e9f\u00e9rence \u00e0 un actif antioxydant d\u2019origine naturelle, capable de prot\u00e9ger la peau jusqu\u2019aux cellules souches :<br \/>\n&#8211; <strong>Mexoryl \u00ae SX-XL<\/strong>, filtres brevet\u00e9s, capables de prot\u00e9ger l\u2019ADN des cellules \u00e9pidermiques.<br \/>\n&#8211; La <strong>DHC<\/strong>, innovation exclusive Vichy, puissant actif antioxydant qui assure une protection cellulaire globale contre les attaques oxydantes des UV.<br \/>\nLa peau est prot\u00e9g\u00e9e contre le vieillissement cutan\u00e9 et les t\u00e2ches solaires.<\/p><\/blockquote>\n<p style=\"text-align: justify;\">Elle \u2026 non ! \u2026 Ils (mon fr\u00e8re a test\u00e9 aussi !) ont utilis\u00e9 :<\/p>\n<p style=\"text-align: justify;\">** <strong>Capital Soleil Corps SPF 25<\/strong> de <a rel=\"nofollow\" rel=\"nofollow noopener noreferrer\" href=\"http:\/\/www.vichyconsult.fr\/\" target=\"_blank\">Vichy<\/a> : c\u2019est un lait-gel sans paraben, anti-t\u00e2ches solaires. Il aide \u00e0 obtenir un h\u00e2le lumineux. Il est hypoallerg\u00e9nique, et convient aux peaux sensibles.<\/p>\n<p style=\"text-align: justify;\">** <strong>Capital Soleil Visage SPF 50+, tr\u00e8s haute protection et SPF 25 protection m\u00e9dium<\/strong> de <a rel=\"nofollow\" rel=\"nofollow noopener noreferrer\" href=\"http:\/\/www.vichyconsult.fr\/\" target=\"_blank\">Vichy<\/a> : c\u2019est une cr\u00e8me pour le visage \u00e0 SPF plus \u00e9lev\u00e9 qui, comme la cr\u00e8me pour le corps, est sans paraben, anti-t\u00e2ches solaires.\u00a0 Il est hypoallerg\u00e9nique, et convient aux peaux sensibles.<\/p>\n<p style=\"text-align: justify;\"><strong><span style=\"color: #809ec2;\"><span style=\"text-decoration: underline;\">Leur avis<\/span><\/span><\/strong> :<\/p>\n<p style=\"text-align: justify;\"><strong><span style=\"text-decoration: underline;\">Les +<\/span><\/strong> : <em>elle a une peau plus mate que la mienne donc elle a pu utiliser sans probl\u00e8me la protection 25<\/em>. Ils ont trouv\u00e9 qu\u2019elle s\u2019\u00e9talait tr\u00e8s bien, la texture est douce et agr\u00e9able et qu\u2019elle sentait tr\u00e8s bon. Les produits ne sont pas gras et p\u00e9n\u00e8trent bien dans la peau. Elle est surtout tr\u00e8s efficace puisqu\u2019ils n\u2019ont pas eu de coups de soleil croates durant leurs vacances !<\/p>\n<p style=\"text-align: justify;\"><strong><span style=\"text-decoration: underline;\">Les \u2013<\/span><\/strong> : RAS ! ils n\u2019en ont pas trouv\u00e9 !<\/p>\n<p style=\"text-align: justify;\"><strong><span style=\"text-decoration: underline;\"><span style=\"color: #809ec2;\">Conclusion :<\/span><\/span><\/strong> &#x2665;&#x2665;&#x2665;&#x2665;&#x2665;\u00a0 ils ont \u00e9t\u00e9 s\u00e9duits par ces solaires et les recommanderaient sans aucun doute !<\/p>\n<p style=\"text-align: right;\"><em>Merci <a rel=\"nofollow\" rel=\"nofollow noopener noreferrer\" href=\"http:\/\/kalioshka.com\/\" target=\"_blank\">Kalioshka<\/a> !<\/em><\/p>\n","protected":false},"excerpt":{"rendered":"<p>On termine cette semaine \u201ctests solaires\u201d avec la gamme Capital Soleil de VICHY. Alors avec tout ce que j\u2019avais \u00e0 tester, j\u2019ai propos\u00e9 \u00e0 ma belle-soeur de m\u2019aider et de faire le test de ces produits pendant ses vacances en Croatie, un pays o\u00f9 le soleil est au rendez-vous ! Depuis plus de 15 ans,<\/p>\n","protected":false},"author":1,"featured_media":0,"comment_status":"open","ping_status":"open","sticky":false,"template":"","format":"standard","meta":{"footnotes":""},"categories":[6,20],"tags":[71,93,155,177],"class_list":["post-6663","post","type-post","status-publish","format-standard","hentry","category-beautiful-girl","category-buzz","tag-ete","tag-solaires","tag-soleil","tag-vichy"],"_links":{"self":[{"href":"https:\/\/www.au-pays-des-merveilles.com\/blog\/wp-json\/wp\/v2\/posts\/6663","targetHints":{"allow":["GET"]}}],"collection":[{"href":"https:\/\/www.au-pays-des-merveilles.com\/blog\/wp-json\/wp\/v2\/posts"}],"about":[{"href":"https:\/\/www.au-pays-des-merveilles.com\/blog\/wp-json\/wp\/v2\/types\/post"}],"author":[{"embeddable":true,"href":"https:\/\/www.au-pays-des-merveilles.com\/blog\/wp-json\/wp\/v2\/users\/1"}],"replies":[{"embeddable":true,"href":"https:\/\/www.au-pays-des-merveilles.com\/blog\/wp-json\/wp\/v2\/comments?post=6663"}],"version-history":[{"count":0,"href":"https:\/\/www.au-pays-des-merveilles.com\/blog\/wp-json\/wp\/v2\/posts\/6663\/revisions"}],"wp:attachment":[{"href":"https:\/\/www.au-pays-des-merveilles.com\/blog\/wp-json\/wp\/v2\/media?parent=6663"}],"wp:term":[{"taxonomy":"category","embeddable":true,"href":"https:\/\/www.au-pays-des-merveilles.com\/blog\/wp-json\/wp\/v2\/categories?post=6663"},{"taxonomy":"post_tag","embeddable":true,"href":"https:\/\/www.au-pays-des-merveilles.com\/blog\/wp-json\/wp\/v2\/tags?post=6663"}],"curies":[{"name":"wp","href":"https:\/\/api.w.org\/{rel}","templated":true}]}}