{"id":6685,"date":"2010-09-15T08:02:48","date_gmt":"2010-09-15T06:02:48","guid":{"rendered":"http:\/\/www.au-pays-des-merveilles.com\/blog\/?p=6685"},"modified":"2019-03-22T17:17:33","modified_gmt":"2019-03-22T15:17:33","slug":"patyka","status":"publish","type":"post","link":"https:\/\/www.au-pays-des-merveilles.com\/blog\/2010\/09\/15\/patyka\/","title":{"rendered":"PATYKA a invent\u00e9 pour moi la beaut\u00e9 remarquable"},"content":{"rendered":"<p style=\"text-align: justify;\">Il y a plus d\u2019un mois, j\u2019ai fait la connaissance d\u2019une remarquable marque de beaut\u00e9. Une marque parisienne, fruit d\u2019ann\u00e9es de recherche et d\u2019un travail de tous les jours, qui me rend belle. Cette marque singuli\u00e8re et exclusive est <a rel=\"nofollow\" rel=\"nofollow noopener noreferrer\" href=\"http:\/\/www.patyka.com\" target=\"_blank\">PATYKA<\/a>.<\/p>\n<p><a rel=\"nofollow\" rel=\"nofollow noopener noreferrer\" href=\"http:\/\/www.patyka.com\" target=\"_blank\"><img loading=\"lazy\" decoding=\"async\" style=\"background-image: none; margin: 15px auto; padding-left: 0px; padding-right: 0px; display: block; float: none; padding-top: 0px; border: 0px;\" title=\"logo_patyka\" src=\"https:\/\/www.au-pays-des-merveilles.com\/blog\/wp-content\/uploads\/2010\/09\/logo_patyka.jpg\" border=\"0\" alt=\"logo_patyka\" width=\"240\" height=\"118\" \/><\/a><\/p>\n<p style=\"text-align: justify;\">Depuis des ann\u00e9es, les \u201cBeauty Trotters\u201d parcourent le monde et notamment l\u2019Europe Centrale afin de d\u00e9couvrir des centaines de plantes rares, des formules oubli\u00e9es ou jalousement gard\u00e9es. Une s\u00e9letion des formules les plus pr\u00e9cieuses est en permanence retravaill\u00e9e, adapt\u00e9e et optimis\u00e9e dans un but unique : r\u00e9v\u00e9ler la beaut\u00e9 de chaque femme gr\u00e2ce \u00e0 un juste \u00e9quilibre entre plaisir, innovation et efficacit\u00e9. Aujourd\u2019hui, gr\u00e2ce \u00e0 pr\u00e8s de mille points de distribution <a rel=\"nofollow\" rel=\"nofollow noopener noreferrer\" href=\"http:\/\/www.patyka.com\" target=\"_blank\">PATYKA<\/a> dans le monde, les femmes b\u00e9n\u00e9ficient d\u2019un savoir faire original et de formules uniques. D\u2019ailleurs, la boutique <a rel=\"nofollow\" rel=\"nofollow noopener noreferrer\" href=\"http:\/\/www.patyka.com\" target=\"_blank\">PATYKA<\/a> en plein coeur du quartier du marais en a fait une marque profond\u00e9ment li\u00e9e \u00e0 Paris. La marque s\u2019est laiss\u00e9e envout\u00e9e par l\u2019imaginaire de la \u201cparisienne\u201d : beaut\u00e9, charme et sensualit\u00e9 \u00e9voquent cette femme unique. Elle inspire toutes les femmes qui sont toutes des parisiennes ! <a rel=\"nofollow\" rel=\"nofollow noopener noreferrer\" href=\"http:\/\/www.patyka.com\" target=\"_blank\">PATYKA<\/a> cr\u00e9e des produits pour chaque moment et chacune de nos envies.<\/p>\n<p><a href=\"https:\/\/www.au-pays-des-merveilles.com\/blog\/wp-content\/uploads\/2010\/09\/image1.png\"><img loading=\"lazy\" decoding=\"async\" style=\"background-image: none; margin: 15px auto; padding-left: 0px; padding-right: 0px; display: block; float: none; padding-top: 0px; border: 0px;\" title=\"image\" src=\"https:\/\/www.au-pays-des-merveilles.com\/blog\/wp-content\/uploads\/2010\/09\/image_thumb.png\" border=\"0\" alt=\"image\" width=\"240\" height=\"210\" \/><\/a><\/p>\n<p style=\"text-align: justify;\">J\u2019ai eu la chance de tester quelques produits des gammes Biokaliftin et Absolis, suite \u00e0 un diagnostic de peau personnalis\u00e9. Apr\u00e8s plus d\u2019un mois d\u2019utilisation, je vais pouvoir vous dire que j\u2019en pense.<\/p>\n<p><!--more--><\/p>\n<p style=\"text-align: center;\">***********<\/p>\n<p style=\"text-align: center;\"><a href=\"https:\/\/www.au-pays-des-merveilles.com\/blog\/wp-content\/uploads\/2010\/09\/ptyka.jpg\"><img loading=\"lazy\" decoding=\"async\" style=\"background-image: none; margin: 15px 0px; padding-left: 0px; padding-right: 0px; display: inline; padding-top: 0px; border: 0px;\" title=\"ptyka\" src=\"https:\/\/www.au-pays-des-merveilles.com\/blog\/wp-content\/uploads\/2010\/09\/ptyka_thumb.jpg\" border=\"0\" alt=\"ptyka\" width=\"240\" height=\"127\" \/><\/a><\/p>\n<p style=\"text-align: justify;\">Dans la gamme <strong>Biokaliftin<\/strong>, la ligne anti-\u00e2ge de <a rel=\"nofollow\" rel=\"nofollow noopener noreferrer\" href=\"http:\/\/www.patyka.com\" target=\"_blank\">PATYKA<\/a>, j\u2019ai test\u00e9 :<\/p>\n<p style=\"text-align: justify;\">** <strong><span style=\"text-decoration: underline;\">le masque gommant Eclat<\/span><\/strong> (<em>99,55 % du total des ingr\u00e9dients sont d\u2019origine naturelle et 71,40 % du total des ingr\u00e9dients sont issus de l\u2019agriculture biologique<\/em>) qui accomplit 2 actions compl\u00e9mentaires : l\u2019action \u00e9molliente et hydratante et l\u2019action r\u00e9g\u00e9n\u00e9ratrice. {59 \u20ac les 50 ml}<\/p>\n<p style=\"text-align: justify;\"><a href=\"https:\/\/www.au-pays-des-merveilles.com\/blog\/wp-content\/uploads\/2010\/09\/image2.png\"><img loading=\"lazy\" decoding=\"async\" style=\"background-image: none; padding-left: 0px; padding-right: 0px; display: inline; padding-top: 0px; border: 0px;\" title=\"image\" src=\"https:\/\/www.au-pays-des-merveilles.com\/blog\/wp-content\/uploads\/2010\/09\/image_thumb1.png\" border=\"0\" alt=\"image\" width=\"100\" height=\"100\" \/><\/a><span style=\"color: #809ec2;\">Ce que j\u2019en pense<\/span> : j\u2019aime beaucoup tout ce qui est masque parce que quelqu\u2019il soit, il rend toujours la peau nette et fraiche. Celui ci est diff\u00e9rent car il s\u2019enl\u00e8ve par le d\u00e9maquillant donc on a vraiment l\u2019impression d\u2019\u00eatre hyper hydrat\u00e9e. Il contient des petits grains (s\u00e9same, jojoba et avocat) qui affinent le grain de la peau. Celle-ci est plus lumineuse. Ce que j\u2019aime moins c\u2019est que justement on ne passe pas d\u2019eau apr\u00e8s l\u2019application et c\u2019est peut \u00eatre, pour le coup, un peu trop hydratant pour moi. il faut s\u2019y reprendre \u00e0 plusieurs fois pour l\u2019enlever. Je passe alors une lotion pour bien nettoyer le visage.<\/p>\n<p style=\"text-align: justify;\">** <strong><span style=\"text-decoration: underline;\">le d\u00e9maquillant intense<\/span><\/strong> (<em>99,67 % du total des ingr\u00e9dients sont d\u2019origine naturelle et 84,78 % du total des ingr\u00e9dients sont issus de l\u2019agriculture biologique<\/em>) qui \u00e9limine en douceur tous les maquillages , il a un effet apaisant, tonifiant et hydratant. {29 \u20ac les 100 ml}<\/p>\n<p style=\"text-align: justify;\"><a href=\"https:\/\/www.au-pays-des-merveilles.com\/blog\/wp-content\/uploads\/2010\/09\/image3.png\"><img loading=\"lazy\" decoding=\"async\" style=\"background-image: none; padding-left: 0px; padding-right: 0px; display: inline; padding-top: 0px; border: 0px;\" title=\"image\" src=\"https:\/\/www.au-pays-des-merveilles.com\/blog\/wp-content\/uploads\/2010\/09\/image_thumb2.png\" border=\"0\" alt=\"image\" width=\"200\" height=\"200\" \/><\/a><span style=\"color: #809ec2;\">Ce que j\u2019en pense<\/span> : j\u2019aime beaucoup le syst\u00e8me du packaging (un bouton pressoir)\u00a0 pour verser le d\u00e9maquillant sur son coton mais il arrive aussi qu\u2019il faille s\u2019y reprendre \u00e0 plusieurs fois pour avoir la bonne quantit\u00e9. Le d\u00e9maquillant \u00e9limine tr\u00e8s bien toutes les traces de make-up et les impuret\u00e9s. Je l\u2019utilise d\u2019ailleurs pour \u00e9liminer le masque gommant \u00e9clat. Il est tr\u00e8s doux.\u00a0 La peau est nette d\u00e8s l\u2019application. En revanche, ce que j\u2019aime moins c\u2019est qu\u2019il laisse un esp\u00e8ce de film sur le visage assez d\u00e9sagr\u00e9able. Je finis alors mon d\u00e9maquillage pour une lotion visage. Suite au d\u00e9maquillant, j\u2019applique :<\/p>\n<p style=\"text-align: justify;\">** <strong><span style=\"text-decoration: underline;\">le contour des yeux Eclat<\/span><\/strong> (<em>99,84 % du total des ingr\u00e9dients sont d\u2019origine naturelle et 66,70 % du total des ingr\u00e9dients sont issus de l\u2019agriculture biologique<\/em>) qui corrige les signes de l\u2019\u00e2ge, efface les marques de fatigue et illumine le regard. {49 \u20ac les 15 ml}<\/p>\n<p style=\"text-align: justify;\"><a href=\"https:\/\/www.au-pays-des-merveilles.com\/blog\/wp-content\/uploads\/2010\/09\/image4.png\"><img loading=\"lazy\" decoding=\"async\" style=\"background-image: none; padding-left: 0px; padding-right: 0px; display: inline; padding-top: 0px; border: 0px;\" title=\"image\" src=\"https:\/\/www.au-pays-des-merveilles.com\/blog\/wp-content\/uploads\/2010\/09\/image_thumb3.png\" border=\"0\" alt=\"image\" width=\"200\" height=\"200\" \/><\/a><span style=\"color: #809ec2;\">Ce que j\u2019en pense<\/span> : c\u2019est mon coup de coeur de cette gamme. Il est TRES efficace. Il y a quelques semaines je cherchais un rem\u00e8de contre les yeux bouffis (\u00e0 force de pleurer, les yeux morflent), j\u2019ai alors appliqu\u00e9 les conseils de <a rel=\"nofollow\" rel=\"nofollow noopener noreferrer\" href=\"http:\/\/streetluxe.fr\/\" target=\"_blank\">Dyns<\/a>, et est mis un s\u00e9rum physiologique en compresses et le contour des yeux Eclat, <a href=\"https:\/\/www.au-pays-des-merveilles.com\/blog\/2010\/08\/27\/mes-sauveurs\/\" target=\"_blank\" rel=\"noopener noreferrer\">\u00e7a fonctionne \u00e0 merveille<\/a> ! Ce contour des yeux a un effet tenseur, revitalisant, et d\u00e9froissant. Ca m\u2019a soulag\u00e9, c\u2019\u00e9tait incroyable ! Depuis, tous les soirs, je l\u2019applique et le matin je me r\u00e9veille avec un joli regard !<\/p>\n<p style=\"text-align: center;\">***********<\/p>\n<p style=\"text-align: center;\"><a href=\"https:\/\/www.au-pays-des-merveilles.com\/blog\/wp-content\/uploads\/2010\/09\/image5.png\"><img loading=\"lazy\" decoding=\"async\" style=\"background-image: none; padding-left: 0px; padding-right: 0px; display: inline; padding-top: 0px; border: 0px;\" title=\"image\" src=\"https:\/\/www.au-pays-des-merveilles.com\/blog\/wp-content\/uploads\/2010\/09\/image_thumb4.png\" border=\"0\" alt=\"image\" width=\"240\" height=\"180\" \/><\/a><\/p>\n<p style=\"text-align: justify;\">Dans la gamme <strong>Absolis<\/strong>, gamme holistique et raffin\u00e9e de soins quotidiens d\u00e9di\u00e9e \u00e0 la beaut\u00e9 du visage et du corps, j\u2019ai test\u00e9 :<\/p>\n<p style=\"text-align: justify;\">** <strong><span style=\"text-decoration: underline;\">l\u2019Huile Absolue<\/span><\/strong> (<em>100 % du total des ingr\u00e9dients sont d\u2019origine naturelle et 97,94 % du total des ingr\u00e9dients sont issus de l\u2019agriculture biologique<\/em>) qui est compos\u00e9 de 11 huiles essentielles et v\u00e9g\u00e9tales, apporte \u00e0 la peau ses vertus r\u00e9g\u00e9n\u00e9rantes nourrissantes et anti-oxydantes. {45 \u20ac les 50 ml}<\/p>\n<p style=\"text-align: justify;\"><a href=\"https:\/\/www.au-pays-des-merveilles.com\/blog\/wp-content\/uploads\/2010\/09\/image6.png\"><img loading=\"lazy\" decoding=\"async\" style=\"background-image: none; padding-left: 0px; padding-right: 0px; display: inline; padding-top: 0px; border: 0px;\" title=\"image\" src=\"https:\/\/www.au-pays-des-merveilles.com\/blog\/wp-content\/uploads\/2010\/09\/image_thumb5.png\" border=\"0\" alt=\"image\" width=\"200\" height=\"200\" \/><\/a><span style=\"color: #809ec2;\">Ce que j\u2019en pense<\/span> : cette huile est un vrai petit bijou. C\u2019est mon coup de coeur de cette gamme.\u00a0 Je n\u2019ai jamais aim\u00e9 mettre des huiles sur le visage, parce que je trouve \u00e7a trop gras et sur une peau mixte comme la mienne, c\u2019est juste pas possible. Quand on me l\u2019a offert, je me suis dit bon tant pis si \u00e7a ne va pas sur mon visage, je la garderais pour mes cheveux et mon corps. Et bien, rien de tout \u00e7a ! Je l\u2019applique TOUS LES JOURS sur mon visage ! C\u2019est une vraie merveille. Elle n\u2019est pas du tout grasse, elle p\u00e9n\u00e8tre rapidement et rend la peau extr\u00eamement douce. Je n\u2019ai pas vu de points n\u00e9gatifs, le parfum un peu fort \u00e0 l\u2019application ne me d\u00e9range pas du tout. C\u2019est vraiment un must ! Sans mentir, je trouve que ma peau est diff\u00e9rente depuis que je l\u2019utilise. Elle est terrible !<\/p>\n<p style=\"text-align: justify;\">** <strong><span style=\"text-decoration: underline;\">le lait pour le corps NEROLI<\/span><\/strong> (<em>100 % du total des ingr\u00e9dients sont d\u2019origine naturelle et 97,94 % du total des ingr\u00e9dients sont issus de l\u2019agriculture biologique<\/em>) qui enveloppe la peau d\u2019un voile hydratant. {35 \u20ac les 250 ml}<\/p>\n<p style=\"text-align: justify;\"><a href=\"https:\/\/www.au-pays-des-merveilles.com\/blog\/wp-content\/uploads\/2010\/09\/image7.png\"><img loading=\"lazy\" decoding=\"async\" style=\"background-image: none; padding-left: 0px; padding-right: 0px; display: inline; padding-top: 0px; border: 0px;\" title=\"image\" src=\"https:\/\/www.au-pays-des-merveilles.com\/blog\/wp-content\/uploads\/2010\/09\/image_thumb6.png\" border=\"0\" alt=\"image\" width=\"200\" height=\"200\" \/><\/a><span style=\"color: #809ec2;\">Ce que j\u2019en pense<\/span> : je me suis tartin\u00e9e de ce lait tout l\u2019\u00e9t\u00e9 ! J\u2019adore son doux parfum de fleur d\u2019oranger, on a l\u2019impression de sentir le g\u00e2teau. En plus de ce d\u00e9licieux parfum, la peau est toute douce et bien hydrat\u00e9e.<\/p>\n<p style=\"text-align: justify;\">Vous le voyez, dans l\u2019ensemble, j\u2019ai \u00e9t\u00e9 charm\u00e9e par ses produits. J\u2019adore leur packaging, qui en plus d\u2019\u00eatre recyclable, est vraiment original. Malheureusement, l\u2019efficacit\u00e9 a un prix et il est vrai que ces produits sont assez couteux. N\u2019emp\u00eache que s\u2019ils sont efficaces, je suis pr\u00eate \u00e0 mettre le prix. L\u2019essentiel est de choisir les bons produits et pour cela vous pouvez \u00eatre guid\u00e9s \u00e0 la fois sur leur site ou bien sur leur point de vente o\u00f9 des sp\u00e9cialistes de la marque vous accueilleront pour vous faire un diagnostique de peau personnalis\u00e9.<\/p>\n<p style=\"text-align: justify;\">En tout cas, je vais suivre de pr\u00e8s cette remarquable marque parce qu\u2019elle m\u2019a fait chang\u00e9 d\u2019avis sur les produits naturels. <a rel=\"nofollow\" rel=\"nofollow noopener noreferrer\" href=\"http:\/\/www.patyka.com\" target=\"_blank\">PATYKA<\/a>, une marque remarqu\u00e9e et remarquable qui me rend belle.<\/p>\n<p style=\"text-align: right;\"><em>Merci <\/em><a href=\"http:\/\/www.patyka.com\" target=\"_blank\" rel=\"noopener noreferrer\"><em>PATYKA<\/em><\/a><em> !<\/em><\/p>\n","protected":false},"excerpt":{"rendered":"<p>Il y a plus d\u2019un mois, j\u2019ai fait la connaissance d\u2019une remarquable marque de beaut\u00e9. Une marque parisienne, fruit d\u2019ann\u00e9es de recherche et d\u2019un travail de tous les jours, qui me rend belle. Cette marque singuli\u00e8re et exclusive est PATYKA. Depuis des ann\u00e9es, les \u201cBeauty Trotters\u201d parcourent le monde et notamment l\u2019Europe Centrale afin de<\/p>\n","protected":false},"author":1,"featured_media":0,"comment_status":"open","ping_status":"open","sticky":false,"template":"","format":"standard","meta":{"footnotes":""},"categories":[6],"tags":[49,178],"class_list":["post-6685","post","type-post","status-publish","format-standard","hentry","category-beautiful-girl","tag-beaute","tag-patyka"],"_links":{"self":[{"href":"https:\/\/www.au-pays-des-merveilles.com\/blog\/wp-json\/wp\/v2\/posts\/6685","targetHints":{"allow":["GET"]}}],"collection":[{"href":"https:\/\/www.au-pays-des-merveilles.com\/blog\/wp-json\/wp\/v2\/posts"}],"about":[{"href":"https:\/\/www.au-pays-des-merveilles.com\/blog\/wp-json\/wp\/v2\/types\/post"}],"author":[{"embeddable":true,"href":"https:\/\/www.au-pays-des-merveilles.com\/blog\/wp-json\/wp\/v2\/users\/1"}],"replies":[{"embeddable":true,"href":"https:\/\/www.au-pays-des-merveilles.com\/blog\/wp-json\/wp\/v2\/comments?post=6685"}],"version-history":[{"count":0,"href":"https:\/\/www.au-pays-des-merveilles.com\/blog\/wp-json\/wp\/v2\/posts\/6685\/revisions"}],"wp:attachment":[{"href":"https:\/\/www.au-pays-des-merveilles.com\/blog\/wp-json\/wp\/v2\/media?parent=6685"}],"wp:term":[{"taxonomy":"category","embeddable":true,"href":"https:\/\/www.au-pays-des-merveilles.com\/blog\/wp-json\/wp\/v2\/categories?post=6685"},{"taxonomy":"post_tag","embeddable":true,"href":"https:\/\/www.au-pays-des-merveilles.com\/blog\/wp-json\/wp\/v2\/tags?post=6685"}],"curies":[{"name":"wp","href":"https:\/\/api.w.org\/{rel}","templated":true}]}}