{"id":681,"date":"2008-05-21T07:00:20","date_gmt":"2008-05-21T05:00:20","guid":{"rendered":"http:\/\/www.au-pays-des-merveilles.com\/blog\/?p=681"},"modified":"2019-03-22T17:17:51","modified_gmt":"2019-03-22T15:17:51","slug":"j-66-avant-les-vacances","status":"publish","type":"post","link":"https:\/\/www.au-pays-des-merveilles.com\/blog\/2008\/05\/21\/j-66-avant-les-vacances\/","title":{"rendered":"J-66 avant les vacances !"},"content":{"rendered":"<p>&nbsp;<\/p>\n<p style=\"text-align: center;\"><img loading=\"lazy\" decoding=\"async\" class=\"aligncenter\" style=\"border: 0px;\" src=\"https:\/\/www.au-pays-des-merveilles.com\/blog\/wp-content\/uploads\/2008\/05\/sb10066868l-001-thumb.jpg\" alt=\"sb10066868l-001\" width=\"444\" height=\"297\" border=\"0\" \/><\/p>\n<p>Je vous raconte m\u00eame pas comment j&rsquo;ai h\u00e2te ! Pourquoi ? parce que je me pr\u00e9pare des super vacances (enfin j&rsquo;esp\u00e8re ! lol). Cette ann\u00e9e, j&rsquo;ai pris 4 semaines fin juillet- ao\u00fbt. <em>Trois semaines c&rsquo;est trop court pour faire la coupure avec le boulot et cinq semaines c&rsquo;est trop long &#8230; nan en fait c&rsquo;est surtout qu&rsquo;on n&rsquo;a pas le droit de prendre 5 semaines d&rsquo; affil\u00e9e !<\/em><\/p>\n<p><strong>Voici mon petit programme<\/strong> (<em>pour l&rsquo;instant, parce-que \u00e7a peut peut \u00eatre encore changer<\/em> !) :<\/p>\n<p><!--more--><\/p>\n<p><span style=\"color: #00ff00;\"><strong><span style=\"text-decoration: underline;\">1\u00e8re semaine<\/span> : la Hollande<\/strong>.<\/span><\/p>\n<p><a href=\"https:\/\/www.au-pays-des-merveilles.com\/blog\/wp-content\/uploads\/2008\/05\/sb10066941h-001.jpg\"><img loading=\"lazy\" decoding=\"async\" style=\"border: 0px;\" src=\"https:\/\/www.au-pays-des-merveilles.com\/blog\/wp-content\/uploads\/2008\/05\/sb10066941h-001-thumb.jpg\" alt=\"sb10066941h-001\" width=\"208\" height=\"260\" border=\"0\" \/><\/a> Yeaaah ! <img src=\"https:\/\/www.au-pays-des-merveilles.com\/blog\/wp-includes\/images\/smilies\/6.gif\" alt=\"(bravo)\" class=\"wp-smiley\" style=\"height: 1em; max-height: 1em;\" \/> Ay\u00e9 les vacances sont r\u00e9serv\u00e9es ! Je pars avec ma petite Julie pour une semaine entre filles dans l&rsquo;autre pays du fromage ! On a pris une chambre \u00e0 Amsterdam. Et on pr\u00e9voit de faire les petites villes aux alentours. Donc si vous avez des bonnes adresses, des conseils sur les Pays-Bas, nous sommes preneuses ! <img src=\"https:\/\/www.au-pays-des-merveilles.com\/blog\/wp-includes\/images\/smilies\/3.gif\" alt=\";)\" class=\"wp-smiley\" style=\"height: 1em; max-height: 1em;\" \/><\/p>\n<p>Merci d\u00e9j\u00e0 \u00e0 <a href=\"http:\/\/1blog2fille.canalblog.com\/\" rel=\"nofollow\">1blog2filles<\/a> qui nous ont donn\u00e9 quelques pistes ! <img src=\"https:\/\/www.au-pays-des-merveilles.com\/blog\/wp-includes\/images\/smilies\/3.gif\" alt=\";)\" class=\"wp-smiley\" style=\"height: 1em; max-height: 1em;\" \/><\/p>\n<p><strong><span style=\"color: #00ff00;\"><span style=\"text-decoration: underline;\">2\u00e8me semaine<\/span> : la Vend\u00e9e<\/span><\/strong>.<\/p>\n<p><a href=\"https:\/\/www.au-pays-des-merveilles.com\/blog\/wp-content\/uploads\/2008\/05\/75292929.jpg\"><img loading=\"lazy\" decoding=\"async\" style=\"border: 0px;\" src=\"https:\/\/www.au-pays-des-merveilles.com\/blog\/wp-content\/uploads\/2008\/05\/75292929-thumb.jpg\" alt=\"75292929\" width=\"260\" height=\"177\" border=\"0\" \/><\/a> Semaine avec mister loulou &#8230; oui on s&rsquo;est mal d\u00e9merd\u00e9 cette ann\u00e9e pour les dates, comme d&rsquo;hab ! Je le rejoins pour une semaine \u00e0 St Gil Croix de Vie pour des petites vacances en namoureux !<\/p>\n<p><strong><span style=\"color: #00ff00;\"><span style=\"text-decoration: underline;\">3\u00e8me et 4\u00e8me semaine<\/span> : la C\u00f4te d&rsquo;Azur<\/span><\/strong>.<\/p>\n<p><a href=\"https:\/\/www.au-pays-des-merveilles.com\/blog\/wp-content\/uploads\/2008\/05\/75942534.jpg\"><img loading=\"lazy\" decoding=\"async\" style=\"border: 0px;\" src=\"https:\/\/www.au-pays-des-merveilles.com\/blog\/wp-content\/uploads\/2008\/05\/75942534-thumb.jpg\" alt=\"75942534\" width=\"202\" height=\"260\" border=\"0\" \/><\/a> Ca c&rsquo;est LE gros avantage d&rsquo;avoir sa famille dans le sud ! Plages, BBQ, sea &amp; sun &#8230;<\/p>\n<p>J&rsquo;ai h\u00e2te &#8230;<\/p>\n<p>Et vous, vous connaissez d\u00e9j\u00e0 votre programme estival ? <img src=\"https:\/\/www.au-pays-des-merveilles.com\/blog\/wp-includes\/images\/smilies\/3.gif\" alt=\";)\" class=\"wp-smiley\" style=\"height: 1em; max-height: 1em;\" \/><\/p>\n<p align=\"center\">******<\/p>\n<p><span style=\"text-decoration: underline;\">Petit bonheur du jour<\/span> : un rendez-vous bien sympathique avec une soci\u00e9t\u00e9 \u00e9v\u00e9nementielle pour la pr\u00e9paration d&rsquo;une soir\u00e9e so hype ! <img src=\"https:\/\/www.au-pays-des-merveilles.com\/blog\/wp-includes\/images\/smilies\/1.gif\" alt=\":)\" class=\"wp-smiley\" style=\"height: 1em; max-height: 1em;\" \/> Vous en saurez plus tr\u00e8s vite ! Chuuuut ! <img src=\"https:\/\/www.au-pays-des-merveilles.com\/blog\/wp-includes\/images\/smilies\/3.gif\" alt=\";)\" class=\"wp-smiley\" style=\"height: 1em; max-height: 1em;\" \/><\/p>\n","protected":false},"excerpt":{"rendered":"<p>&nbsp; Je vous raconte m\u00eame pas comment j&rsquo;ai h\u00e2te ! Pourquoi ? parce que je me pr\u00e9pare des super vacances (enfin j&rsquo;esp\u00e8re ! lol). Cette ann\u00e9e, j&rsquo;ai pris 4 semaines fin juillet- ao\u00fbt. Trois semaines c&rsquo;est trop court pour faire la coupure avec le boulot et cinq semaines c&rsquo;est trop long &#8230; nan en fait<\/p>\n","protected":false},"author":1,"featured_media":0,"comment_status":"open","ping_status":"open","sticky":false,"template":"","format":"standard","meta":{"footnotes":""},"categories":[4],"tags":[],"class_list":["post-681","post","type-post","status-publish","format-standard","hentry","category-ma-vie-mon-oeuvre"],"_links":{"self":[{"href":"https:\/\/www.au-pays-des-merveilles.com\/blog\/wp-json\/wp\/v2\/posts\/681","targetHints":{"allow":["GET"]}}],"collection":[{"href":"https:\/\/www.au-pays-des-merveilles.com\/blog\/wp-json\/wp\/v2\/posts"}],"about":[{"href":"https:\/\/www.au-pays-des-merveilles.com\/blog\/wp-json\/wp\/v2\/types\/post"}],"author":[{"embeddable":true,"href":"https:\/\/www.au-pays-des-merveilles.com\/blog\/wp-json\/wp\/v2\/users\/1"}],"replies":[{"embeddable":true,"href":"https:\/\/www.au-pays-des-merveilles.com\/blog\/wp-json\/wp\/v2\/comments?post=681"}],"version-history":[{"count":0,"href":"https:\/\/www.au-pays-des-merveilles.com\/blog\/wp-json\/wp\/v2\/posts\/681\/revisions"}],"wp:attachment":[{"href":"https:\/\/www.au-pays-des-merveilles.com\/blog\/wp-json\/wp\/v2\/media?parent=681"}],"wp:term":[{"taxonomy":"category","embeddable":true,"href":"https:\/\/www.au-pays-des-merveilles.com\/blog\/wp-json\/wp\/v2\/categories?post=681"},{"taxonomy":"post_tag","embeddable":true,"href":"https:\/\/www.au-pays-des-merveilles.com\/blog\/wp-json\/wp\/v2\/tags?post=681"}],"curies":[{"name":"wp","href":"https:\/\/api.w.org\/{rel}","templated":true}]}}