{"id":695,"date":"2008-05-26T07:32:08","date_gmt":"2008-05-26T05:32:08","guid":{"rendered":"http:\/\/www.au-pays-des-merveilles.com\/blog\/?p=695"},"modified":"2019-04-28T12:19:07","modified_gmt":"2019-04-28T10:19:07","slug":"show-must-go-on","status":"publish","type":"post","link":"https:\/\/www.au-pays-des-merveilles.com\/blog\/2008\/05\/26\/show-must-go-on\/","title":{"rendered":"Show must go on &#8230;"},"content":{"rendered":"<p>Non je ne suis pas morte (<em>j&rsquo;ai pas trouv\u00e9 de corde<\/em>). La vie continue. J&rsquo;ai pas de bol mais \u00e7a, c&rsquo;est pas nouveau. Il m&rsquo;en arrive toujours une. J&rsquo;ai une vie de merde, je vais bient\u00f4t en t\u00e9moigner ici (<em>mon fr\u00e8re n&rsquo;attend que \u00e7a ! il vient de d\u00e9couvrir le site, c&rsquo;est pour \u00e7a<\/em> !) ! Mais c&rsquo;est pas grave je suis encore pleine d&rsquo;espoir : \u00ab\u00a0ONE LIFE, LIVE IT !\u00a0\u00bb telle est ma devise ! Et l\u00e0 je vous assure que je suis en train de tout faire pour me sortir de cette mouize (<em>je ne sais m\u00eame pas comment \u00e7a s&rsquo;\u00e9crit<\/em> ) \u00e0 savoir changer de boulot !!<\/p>\n<p>En tout cas, merci beaucoup beaucoup pour vos messages de soutien. Ca me fait chaud au coeur. <img src=\"https:\/\/www.au-pays-des-merveilles.com\/blog\/wp-includes\/images\/smilies\/1.gif\" alt=\":)\" class=\"wp-smiley\" style=\"height: 1em; max-height: 1em;\" \/><\/p>\n<p>Par contre, suis verte, je n&rsquo;ai pas pu participer \u00e0 la VIB Party parce qu&rsquo;\u00e9videmment, on m&rsquo;a coll\u00e9 de permanence et je suis rentr\u00e9e trop tard. J&rsquo;\u00e9tais d\u00e9gout\u00e9e, je n&rsquo;ai pas pu rencontrer mes copinettes &#8230; Ce n&rsquo;est que partie remise. Quand je vous dis que j&rsquo;ai pas de bol <img src=\"https:\/\/www.au-pays-des-merveilles.com\/blog\/wp-includes\/images\/smilies\/2.gif\" alt=\":(\" class=\"wp-smiley\" style=\"height: 1em; max-height: 1em;\" \/><\/p>\n<p>J&rsquo;esp\u00e8re que vous avez pass\u00e9 un bon week-end. Moi le th\u00e8me \u00e9tait \u00ab\u00a0remonte-moral\u00a0\u00bb et r\u00e9flexions quant \u00e0 mon avenir (bon ben \u00e7a autant vous dire que j&rsquo;ai pas fini &#8230;).<\/p>\n<p>Samedi, mes copinettes se sont charg\u00e9es de me rebooster par un petit go\u00fbter chez LADUREE.  <img src=\"https:\/\/www.au-pays-des-merveilles.com\/blog\/wp-includes\/images\/smilies\/3.gif\" alt=\";)\" class=\"wp-smiley\" style=\"height: 1em; max-height: 1em;\" \/> A la base, on \u00e9tait cens\u00e9 voir l&rsquo;expo Marie-Antoinette au Grand Palais mais une certaine personne &lsquo;que je ne citerai pas&rsquo;  <img src=\"https:\/\/www.au-pays-des-merveilles.com\/blog\/wp-includes\/images\/smilies\/3.gif\" alt=\";)\" class=\"wp-smiley\" style=\"height: 1em; max-height: 1em;\" \/>  s&rsquo;est lev\u00e9e trop tard &#8230; donc je n&rsquo;ai toujours pas vu l&rsquo;expo ! Si \u00e7a tente quelqu&rsquo;une d&rsquo;y aller un de ces 4, je l&rsquo;accompagne !<\/p>\n<p><a href=\"https:\/\/www.au-pays-des-merveilles.com\/blog\/wp-content\/uploads\/2008\/05\/teatime-page-0.jpg\"><img loading=\"lazy\" decoding=\"async\" style=\"border-right: 0px; border-top: 0px; border-left: 0px; border-bottom: 0px\" src=\"https:\/\/www.au-pays-des-merveilles.com\/blog\/wp-content\/uploads\/2008\/05\/teatime-page-0-thumb.jpg\" border=\"0\" alt=\"teatime_Page_0\" width=\"479\" height=\"325\" \/><\/a><\/p>\n<p>Merci \u00e0 Jade et son ch\u00e9richou, et \u00e0 <a rel=\"nofollow\" href=\"http:\/\/soandralya.canalblog.com\/\">Alexane<\/a> ! J&rsquo;ai pass\u00e9 un tr\u00e8s bon moment ! ^^ Bon je passerais  sur le service catastrophique de la maison, Jade s&rsquo;en est charg\u00e9e et son copain aussi ! Au prochain tea time, on change de salon, promis !<\/p>\n<p><a href=\"https:\/\/www.au-pays-des-merveilles.com\/blog\/wp-content\/uploads\/2008\/05\/2.jpg\"><img loading=\"lazy\" decoding=\"async\" style=\"border-right: 0px; border-top: 0px; border-left: 0px; border-bottom: 0px\" src=\"https:\/\/www.au-pays-des-merveilles.com\/blog\/wp-content\/uploads\/2008\/05\/2-thumb.jpg\" border=\"0\" alt=\"2\" width=\"240\" height=\"201\" align=\"right\" \/><\/a> N&#8217;emp\u00eache que leurs p\u00e2tisseries sont vraiment tr\u00e8s bonnes ! Et en ce moment, ils vendent de jolies boites de macarons, je pense que je vais me laisser tenter rien que pour la boite !<\/p>\n<p align=\"center\"><span style=\"font-family: Georgia; color: #8080ff; font-size: medium;\">** <span style=\"text-decoration: underline;\">Pause Pub<\/span> : filez vite vous inscrire au <\/span><span style=\"font-family: Georgia; color: #00ff00; font-size: medium;\">petit concours organis\u00e9 par Jade<\/span><span style=\"font-family: Georgia; color: #8080ff; font-size: medium;\"> \u00e0 l&rsquo;occasion de son 200\u00e8me post, \u00e7a vaut le coup, y&rsquo;a plein de petits cadeaux sympas !  **<\/span><\/p>\n<p align=\"center\">\n<p align=\"left\">Quant \u00e0 Dimanche, j&rsquo;avais pas envie de sortir (<em>excuse moi encore ma petite Sonia mais j&rsquo;avais pas envie de plomber votre am vu que je suis pas tr\u00e8s dr\u00f4le en ce moment<\/em>) mais mister loulou a voulu profiter du soleil &#8230; Direction Saint Germain en Laye, pour une balade au parc accompagn\u00e9e d&rsquo;une petite glace, j&rsquo;ai appr\u00e9ci\u00e9 ma sortie. Ca fait du bien de prendre l&rsquo;air !<\/p>\n<p><a href=\"https:\/\/www.au-pays-des-merveilles.com\/blog\/wp-content\/uploads\/2008\/05\/st-germain-en-laye-page-0.jpg\"><img loading=\"lazy\" decoding=\"async\" style=\"border-right: 0px; border-top: 0px; border-left: 0px; border-bottom: 0px\" src=\"https:\/\/www.au-pays-des-merveilles.com\/blog\/wp-content\/uploads\/2008\/05\/st-germain-en-laye-page-0-thumb.jpg\" border=\"0\" alt=\"st_germain_en_laye_Page_0\" width=\"460\" height=\"312\" \/><\/a><\/p>\n<p><a href=\"https:\/\/www.au-pays-des-merveilles.com\/blog\/wp-content\/uploads\/2008\/05\/dsc00064.jpg\"><img loading=\"lazy\" decoding=\"async\" style=\"border-right: 0px; border-top: 0px; border-left: 0px; border-bottom: 0px\" src=\"https:\/\/www.au-pays-des-merveilles.com\/blog\/wp-content\/uploads\/2008\/05\/dsc00064-thumb.jpg\" border=\"0\" alt=\"DSC00064\" width=\"244\" height=\"184\" align=\"left\" \/><\/a> C&rsquo;\u00e9tait l&rsquo;occas&rsquo; pour ressortir mes crocs ! Oui je ne fais aucun effort mais on est vraiment trop bien dans ces pompes c&rsquo;est le bonheur ! En revanche, le truc chiant c&rsquo;est que les cailloux et les herbes rentrent dedans !<\/p>\n<p>Je comprenais pas pourquoi les gens regardaient que mes pieds &#8230; <img src=\"https:\/\/www.au-pays-des-merveilles.com\/blog\/wp-includes\/images\/smilies\/4.gif\" alt=\":D\" class=\"wp-smiley\" style=\"height: 1em; max-height: 1em;\" \/><\/p>\n<p>Et vous, votre week-end , bien ou bien ?! <img src=\"https:\/\/www.au-pays-des-merveilles.com\/blog\/wp-includes\/images\/smilies\/1.gif\" alt=\":)\" class=\"wp-smiley\" style=\"height: 1em; max-height: 1em;\" \/><\/p>\n<p align=\"center\">******<\/p>\n<p align=\"center\"><span style=\"text-decoration: underline;\">Petit bonheur du jour<\/span> : j&rsquo;ai re\u00e7u les billets de train pour le voyage en Hollande de cet \u00e9t\u00e9 &#8230; ah, \u00e7a sent bon les vacances &#8230;<\/p>\n","protected":false},"excerpt":{"rendered":"<p>Non je ne suis pas morte (j&rsquo;ai pas trouv\u00e9 de corde). La vie continue. J&rsquo;ai pas de bol mais \u00e7a, c&rsquo;est pas nouveau. Il m&rsquo;en arrive toujours une. J&rsquo;ai une vie de merde, je vais bient\u00f4t en t\u00e9moigner ici (mon fr\u00e8re n&rsquo;attend que \u00e7a ! il vient de d\u00e9couvrir le site, c&rsquo;est pour \u00e7a !)<\/p>\n","protected":false},"author":1,"featured_media":0,"comment_status":"open","ping_status":"open","sticky":false,"template":"","format":"standard","meta":{"footnotes":""},"categories":[4,9],"tags":[],"class_list":["post-695","post","type-post","status-publish","format-standard","hentry","category-ma-vie-mon-oeuvre","category-sorties-loisirs-distractions"],"_links":{"self":[{"href":"https:\/\/www.au-pays-des-merveilles.com\/blog\/wp-json\/wp\/v2\/posts\/695","targetHints":{"allow":["GET"]}}],"collection":[{"href":"https:\/\/www.au-pays-des-merveilles.com\/blog\/wp-json\/wp\/v2\/posts"}],"about":[{"href":"https:\/\/www.au-pays-des-merveilles.com\/blog\/wp-json\/wp\/v2\/types\/post"}],"author":[{"embeddable":true,"href":"https:\/\/www.au-pays-des-merveilles.com\/blog\/wp-json\/wp\/v2\/users\/1"}],"replies":[{"embeddable":true,"href":"https:\/\/www.au-pays-des-merveilles.com\/blog\/wp-json\/wp\/v2\/comments?post=695"}],"version-history":[{"count":0,"href":"https:\/\/www.au-pays-des-merveilles.com\/blog\/wp-json\/wp\/v2\/posts\/695\/revisions"}],"wp:attachment":[{"href":"https:\/\/www.au-pays-des-merveilles.com\/blog\/wp-json\/wp\/v2\/media?parent=695"}],"wp:term":[{"taxonomy":"category","embeddable":true,"href":"https:\/\/www.au-pays-des-merveilles.com\/blog\/wp-json\/wp\/v2\/categories?post=695"},{"taxonomy":"post_tag","embeddable":true,"href":"https:\/\/www.au-pays-des-merveilles.com\/blog\/wp-json\/wp\/v2\/tags?post=695"}],"curies":[{"name":"wp","href":"https:\/\/api.w.org\/{rel}","templated":true}]}}