{"id":7047,"date":"2010-10-20T14:00:50","date_gmt":"2010-10-20T12:00:50","guid":{"rendered":"http:\/\/www.au-pays-des-merveilles.com\/blog\/?p=7047"},"modified":"2020-08-31T15:06:24","modified_gmt":"2020-08-31T14:06:24","slug":"caviar-et-truffe-bielenda","status":"publish","type":"post","link":"https:\/\/www.au-pays-des-merveilles.com\/blog\/2010\/10\/20\/caviar-et-truffe-bielenda\/","title":{"rendered":"Du caviar et de la truffe sur ma peau"},"content":{"rendered":"<p>Le week-end dernier, j\u2019ai particip\u00e9 \u00e0 un relooking make-up (<em>j\u2019aurais l\u2019occasion de vous en reparler<\/em>) et l\u2019animatrice a bien insist\u00e9 sur l\u2019importance du d\u00e9maquillage avant le maquillage. Et il est vrai que <strong>le soir<\/strong>, parfois, on r\u00e9duit l\u2019\u00e9tape d\u00e9maquillage \u00e0 son plus strict minimum. Erreur mesdames ! parce que la nuit, la peau se r\u00e9g\u00e9n\u00e8re et<strong> il ne faut pas h\u00e9siter \u00e0 mettre le paquet !<\/strong> Donc lait d\u00e9maquillant + tonique + s\u00e9rum + anti-\u00e2ge regard + cr\u00e8me de nuit compose mon rituel beaut\u00e9 du soir quotidien. Et pour la cr\u00e8me de nuit, je suis g\u00e2t\u00e9e puisque j\u2019utilise depuis quelques semaines maintenant l\u2019excellente cr\u00e8me de nuit \u201cGood Night Skin\u201d au <strong>Caviar<\/strong> et \u00e0 la <strong>Truffe blanche de BIELENDA.<\/strong><\/p>\n<div style=\"text-align: justify;\">Cr\u00e9\u00e9e en 1990 en Europe de l\u2019Ouest, <span><strong>Bielenda<\/strong><\/span> est une marque reconnue dans les pays o\u00f9 elle est lanc\u00e9e depuis. La  marque se distingue par l\u2019utilisation de produits naturels, de haute  qualit\u00e9, alli\u00e9s aux derni\u00e8res innovations techniques et technologiques  en mati\u00e8res de cosm\u00e9tologie.<\/div>\n<div style=\"text-align: justify;\">Cette ligne innovante et unique, proposer par le laboratoire <em>Bielenda<\/em>,\u00a0 sort de la recherche des laboratoires de la marque, certifi\u00e9e <strong>ISO 9001 <\/strong>par <strong>T\u00dcV CERT.<\/strong><\/div>\n<p><a href=\"https:\/\/www.au-pays-des-merveilles.com\/blog\/wp-content\/uploads\/2010\/10\/3.jpg\"><img loading=\"lazy\" decoding=\"async\" style=\"background-image: none; margin: 15px 0px; padding-left: 0px; padding-right: 0px; display: inline; float: left; padding-top: 0px; border: 0px;\" title=\"3\" src=\"https:\/\/www.au-pays-des-merveilles.com\/blog\/wp-content\/uploads\/2010\/10\/3_thumb.jpg\" border=\"0\" alt=\"3\" width=\"240\" height=\"180\" align=\"left\" \/><\/a>L\u2019innovation de cette cr\u00e8me r\u00e9side dans l\u2019utilisation des principes actifs du caviar et de la truffe blanche soigneusement introduits dans une formule unique qui permet la p\u00e9n\u00e9tration profonde de la peau pour obtenir un raffermissement de la zone trait\u00e9e.\u00a0\u00a0 Elle active son processus naturel de r\u00e9novation.\u00a0\u00a0 La peau est intens\u00e9ment hydrat\u00e9e ce qui am\u00e9liore sa densit\u00e9 et son \u00e9lasticit\u00e9.\u00a0\u00a0 Elle r\u00e9duit les rides (m\u00eame les plus profondes) et am\u00e9liore les d\u00e9fenses naturelles.\u00a0\u00a0 Elle apporte l&rsquo;\u00e9nergie indispensable pour lutter contre le vieillissement pr\u00e9matur\u00e9. Le teint retrouve sa fraicheur et un \u00e9clat in\u00e9gal\u00e9, la peau est plus ferme, elle retrouve souplesse et \u00e9clat. C\u2019est grisant de se dire que l\u2019on applique du caviar et de la truffe sur le visage quand m\u00eame non ?! Surtout que pour le prix abordable de la cr\u00e8me (24,50\u20ac), il n\u2019y a pas de quoi se priver de ce petit plaisir so chic qui prend soin de notre peau ! ^^<\/p>\n<p style=\"text-align: right;\"><em><strong>+ d\u2019infos<\/strong> sur la gamme et vente en ligne sur <\/em><em>le site Bielenda<\/em><em>.<\/em><\/p>\n<p style=\"text-align: right;\"><em>Merci Natacha pour ce test !<br \/>\n<\/em><\/p>\n","protected":false},"excerpt":{"rendered":"<p>Le week-end dernier, j\u2019ai particip\u00e9 \u00e0 un relooking make-up (j\u2019aurais l\u2019occasion de vous en reparler) et l\u2019animatrice a bien insist\u00e9 sur l\u2019importance du d\u00e9maquillage avant le maquillage. Et il est vrai que le soir, parfois, on r\u00e9duit l\u2019\u00e9tape d\u00e9maquillage \u00e0 son plus strict minimum. Erreur mesdames ! parce que la nuit, la peau se r\u00e9g\u00e9n\u00e8re<\/p>\n","protected":false},"author":1,"featured_media":0,"comment_status":"open","ping_status":"open","sticky":false,"template":"","format":"standard","meta":{"footnotes":""},"categories":[6,20],"tags":[49,228,229,107,230],"class_list":["post-7047","post","type-post","status-publish","format-standard","hentry","category-beautiful-girl","category-buzz","tag-beaute","tag-bielenda","tag-caviar","tag-creme","tag-truffe"],"_links":{"self":[{"href":"https:\/\/www.au-pays-des-merveilles.com\/blog\/wp-json\/wp\/v2\/posts\/7047","targetHints":{"allow":["GET"]}}],"collection":[{"href":"https:\/\/www.au-pays-des-merveilles.com\/blog\/wp-json\/wp\/v2\/posts"}],"about":[{"href":"https:\/\/www.au-pays-des-merveilles.com\/blog\/wp-json\/wp\/v2\/types\/post"}],"author":[{"embeddable":true,"href":"https:\/\/www.au-pays-des-merveilles.com\/blog\/wp-json\/wp\/v2\/users\/1"}],"replies":[{"embeddable":true,"href":"https:\/\/www.au-pays-des-merveilles.com\/blog\/wp-json\/wp\/v2\/comments?post=7047"}],"version-history":[{"count":0,"href":"https:\/\/www.au-pays-des-merveilles.com\/blog\/wp-json\/wp\/v2\/posts\/7047\/revisions"}],"wp:attachment":[{"href":"https:\/\/www.au-pays-des-merveilles.com\/blog\/wp-json\/wp\/v2\/media?parent=7047"}],"wp:term":[{"taxonomy":"category","embeddable":true,"href":"https:\/\/www.au-pays-des-merveilles.com\/blog\/wp-json\/wp\/v2\/categories?post=7047"},{"taxonomy":"post_tag","embeddable":true,"href":"https:\/\/www.au-pays-des-merveilles.com\/blog\/wp-json\/wp\/v2\/tags?post=7047"}],"curies":[{"name":"wp","href":"https:\/\/api.w.org\/{rel}","templated":true}]}}