{"id":7052,"date":"2010-10-21T06:06:00","date_gmt":"2010-10-21T04:06:00","guid":{"rendered":"http:\/\/www.au-pays-des-merveilles.com\/blog\/?p=7052"},"modified":"2019-04-28T12:15:19","modified_gmt":"2019-04-28T10:15:19","slug":"gagnante-panier-garni-garnier-est","status":"publish","type":"post","link":"https:\/\/www.au-pays-des-merveilles.com\/blog\/2010\/10\/21\/gagnante-panier-garni-garnier-est\/","title":{"rendered":"La gagnante du panier garni Garnier est :"},"content":{"rendered":"<p><img loading=\"lazy\" decoding=\"async\" class=\"aligncenter size-full wp-image-7107\" title=\"Capture\" src=\"https:\/\/www.au-pays-des-merveilles.com\/blog\/wp-content\/uploads\/2010\/10\/Capture1.jpg\" alt=\"\" width=\"267\" height=\"240\" srcset=\"https:\/\/www.au-pays-des-merveilles.com\/blog\/wp-content\/uploads\/2010\/10\/Capture1.jpg 313w, https:\/\/www.au-pays-des-merveilles.com\/blog\/wp-content\/uploads\/2010\/10\/Capture1-300x270.jpg 300w\" sizes=\"auto, (max-width: 267px) 100vw, 267px\" \/><\/p>\n<p>Commentaire n\u00b0 64<\/p>\n<p><a href=\"https:\/\/www.au-pays-des-merveilles.com\/blog\/wp-content\/uploads\/2010\/10\/image6.png\"><img loading=\"lazy\" decoding=\"async\" style=\"background-image: none; padding-left: 0px; padding-right: 0px; display: inline; float: right; padding-top: 0px; border: 0px;\" title=\"image\" src=\"https:\/\/www.au-pays-des-merveilles.com\/blog\/wp-content\/uploads\/2010\/10\/image_thumb6.png\" border=\"0\" alt=\"image\" width=\"240\" height=\"216\" align=\"right\" \/><\/a>Bravo Oph\u00e9lie ! Envoie moi vite vite tes coordonn\u00e9es postales que je te fasse parvenir tout \u00e7a !<\/p>\n<p>Comme d\u2019hab, merci \u00e0 tou(te)s \u2026 restez connect\u00e9(e)s ! demain un petit concours et encore la semaine prochaine et encore la semaine d\u2019apr\u00e8s et encore \u2026 ouai bon bref, plein de concours en pr\u00e9vision quoi ! je vais essayer de g\u00e2ter tout le monde ! (dure mission !)\u00a0 <img src=\"https:\/\/www.au-pays-des-merveilles.com\/blog\/wp-includes\/images\/smilies\/1.gif\" alt=\":)\" class=\"wp-smiley\" style=\"height: 1em; max-height: 1em;\" \/><\/p>\n<p><em>Cr\u00e9dit photo : Getty Images<\/em><\/p>\n","protected":false},"excerpt":{"rendered":"<p>Commentaire n\u00b0 64 Bravo Oph\u00e9lie ! Envoie moi vite vite tes coordonn\u00e9es postales que je te fasse parvenir tout \u00e7a ! Comme d\u2019hab, merci \u00e0 tou(te)s \u2026 restez connect\u00e9(e)s ! demain un petit concours et encore la semaine prochaine et encore la semaine d\u2019apr\u00e8s et encore \u2026 ouai bon bref, plein de concours en pr\u00e9vision<\/p>\n","protected":false},"author":1,"featured_media":0,"comment_status":"open","ping_status":"open","sticky":false,"template":"","format":"standard","meta":{"footnotes":""},"categories":[25],"tags":[1430,220],"class_list":["post-7052","post","type-post","status-publish","format-standard","hentry","category-concours","tag-concours","tag-garnier"],"_links":{"self":[{"href":"https:\/\/www.au-pays-des-merveilles.com\/blog\/wp-json\/wp\/v2\/posts\/7052","targetHints":{"allow":["GET"]}}],"collection":[{"href":"https:\/\/www.au-pays-des-merveilles.com\/blog\/wp-json\/wp\/v2\/posts"}],"about":[{"href":"https:\/\/www.au-pays-des-merveilles.com\/blog\/wp-json\/wp\/v2\/types\/post"}],"author":[{"embeddable":true,"href":"https:\/\/www.au-pays-des-merveilles.com\/blog\/wp-json\/wp\/v2\/users\/1"}],"replies":[{"embeddable":true,"href":"https:\/\/www.au-pays-des-merveilles.com\/blog\/wp-json\/wp\/v2\/comments?post=7052"}],"version-history":[{"count":0,"href":"https:\/\/www.au-pays-des-merveilles.com\/blog\/wp-json\/wp\/v2\/posts\/7052\/revisions"}],"wp:attachment":[{"href":"https:\/\/www.au-pays-des-merveilles.com\/blog\/wp-json\/wp\/v2\/media?parent=7052"}],"wp:term":[{"taxonomy":"category","embeddable":true,"href":"https:\/\/www.au-pays-des-merveilles.com\/blog\/wp-json\/wp\/v2\/categories?post=7052"},{"taxonomy":"post_tag","embeddable":true,"href":"https:\/\/www.au-pays-des-merveilles.com\/blog\/wp-json\/wp\/v2\/tags?post=7052"}],"curies":[{"name":"wp","href":"https:\/\/api.w.org\/{rel}","templated":true}]}}