{"id":7095,"date":"2010-10-19T20:55:57","date_gmt":"2010-10-19T18:55:57","guid":{"rendered":"http:\/\/www.au-pays-des-merveilles.com\/blog\/?p=7095"},"modified":"2019-03-22T17:17:32","modified_gmt":"2019-03-22T15:17:32","slug":"invitations-salon-du-chocolat-2010","status":"publish","type":"post","link":"https:\/\/www.au-pays-des-merveilles.com\/blog\/2010\/10\/19\/invitations-salon-du-chocolat-2010\/","title":{"rendered":"Le mois du chocolat { invitations }"},"content":{"rendered":"<p style=\"text-align: justify;\">Qui peut r\u00e9sister \u00e0 un petit carr\u00e9 de chocolat fondant ?! \u2026 Mmm ?! Personne (\u00e0 part ceux qui n\u2019aiment pas \u00e9videmment ! oui j\u2019en connais !) \u2026 et au <a rel=\"nofollow\" href=\"http:\/\/www.salon-du-chocolat.com\">salon du chocolat<\/a>, vous r\u00e9sisteriez ?! Non plus ? alors \u00e7a tombe bien, j\u2019ai une petite surprise pour vous !<\/p>\n<p><img loading=\"lazy\" decoding=\"async\" class=\"aligncenter size-full wp-image-7097\" title=\"63020_473169982754_83746752754_6539294_4636578_n\" src=\"https:\/\/www.au-pays-des-merveilles.com\/blog\/wp-content\/uploads\/2010\/10\/63020_473169982754_83746752754_6539294_4636578_n.jpg\" alt=\"\" width=\"399\" height=\"367\" \/><\/p>\n<p style=\"text-align: justify;\">Le plus grand \u00e9v\u00e9nement mondial d\u00e9di\u00e9 au chocolat aura lieu du 28 octobre au 1er novembre 2010,\u00a0 \u00e0 Paris Porte de Versailles.<\/p>\n<p style=\"text-align: justify;\">Le Salon du Chocolat lance la tendance \u00ab <strong>Ethic et Choc<\/strong> \u00bb et donne \u00ab carte verte \u00bb au chocolat bon, bio et durable, \u00e0 l\u2019occasion d\u2019un salon encore plus d\u00e9sirable, plac\u00e9 sous le signe de l\u2019\u00e9quitable\u2026<\/p>\n<p style=\"text-align: justify;\">En 2010, le Salon du Chocolat devient l\u2019\u00e9v\u00e9nement des \u00ab <strong>biotiful<\/strong> \u00bb people !<\/p>\n<p style=\"text-align: justify;\">Le \u00ab green \u00bb donne le ton cette ann\u00e9e : objets fut\u00e9s, tendances design, looks beaux et bio, food trendy, produits innovants et comportements engag\u00e9s\u2026<\/p>\n<p style=\"text-align: justify;\">Aujourd\u2019hui, il est possible de consommer de tout : d\u00e9co, archi, cuisine, beaut\u00e9, mode, luxe, bijoux ou chocolat, en se faisant du bien \u00e0 soi mais \u00e9galement \u00e0 l\u2019environnement \u2026<\/p>\n<p style=\"text-align: justify;\">A cette occasion le salon s\u2019associe \u00e0 la marque <strong>my Biotiful bag<\/strong> pour une cr\u00e9ation So fashion, So ethic, So choc ! La premi\u00e8re \u00ab pochette \u00e0 tablette \u00bb de chocolat : <strong>my biotiful chocolat<\/strong>.<\/p>\n<p style=\"text-align: justify;\"><img loading=\"lazy\" decoding=\"async\" class=\"alignleft size-medium wp-image-7098\" title=\"image\" src=\"https:\/\/www.au-pays-des-merveilles.com\/blog\/wp-content\/uploads\/2010\/10\/image24-300x236.png\" alt=\"\" width=\"300\" height=\"236\" \/><\/p>\n<blockquote style=\"text-align: justify;\">\n<p style=\"text-align: justify;\">C\u2019est le it bag des fashionistas \u00e9co-responsables et accros au chocolat de la rentr\u00e9e 2010 !!!<\/p>\n<p>Un accessoire choc qui va d\u00e9complexer les \u00ab chocoaddicts \u00bb !<\/p>\n<p style=\"text-align: justify;\">Plus de cachoteries au bureau, dans la voiture ou dans le sac\u2026 Adieu tablette de chocolat cach\u00e9e dans le tiroir, p\u00e9ch\u00e9 inavouable pour lequel on craque apr\u00e8s le caf\u00e9 ou pendant une pause bien m\u00e9rit\u00e9e ! \u2026avec son look trendy et ses mensurations de r\u00eave, la pochette my biotiful chocolat peut accueillir 2 tablettes de chocolat, qu\u2019il soit noir, blanc, au lait, pralin\u00e9 ou fourr\u00e9, biologique et m\u00eame \u00e9quitable !<\/p>\n<p style=\"text-align: justify;\">Et une fois les tablettes croqu\u00e9es, la pochette gourmande se transforme en trousse \u00e0 maquillage ou en pochette de jour.<\/p>\n<p style=\"text-align: justify;\">La pochette my biotiful chocolat est fabriqu\u00e9e en coton bio certifi\u00e9 GOTS, la doublure est en polyester recycl\u00e9 certifi\u00e9 OEKO. Toutes les encres utilis\u00e9es pour l\u2019impression et les teintures du coton sont non allerg\u00e8nes et non canc\u00e9rig\u00e8nes.<\/p>\n<p>Tous le processus de fabrication de la pochette my biotiful chocolat est respectueux de l\u2019environnement.<\/p>\n<p style=\"text-align: justify;\">Une partie des b\u00e9n\u00e9fices de la vente de la pochette sera revers\u00e9e \u00e0 l\u2019association Universal Love de l\u2019Ethical Fashion Show, partenaire du d\u00e9fil\u00e9 \u00ab Ethic et Choc \u00bb du Salon du Chocolat 2010.<\/p>\n<\/blockquote>\n<p style=\"text-align: justify;\">Cette jolie pochette qui sent divinement bon le chocolat sera en vente sur le salon au prix de 25\u20ac (<em>oui parce que la plaquette H\u00e9vin qui \u00e9tait dedans il y a belle lurette qu\u2019elle n\u2019est plus !!)<\/em><\/p>\n<p style=\"text-align: justify;\"><img loading=\"lazy\" decoding=\"async\" class=\"aligncenter size-full wp-image-7099\" title=\"3\" src=\"https:\/\/www.au-pays-des-merveilles.com\/blog\/wp-content\/uploads\/2010\/10\/31.jpg\" alt=\"\" width=\"639\" height=\"143\" \/>\n<\/p>\n<h2 style=\"text-align: center;\"><span style=\"color: #9e7c7c;\"><span style=\"text-decoration: underline;\">La surprise du jour : des invitations pour le salon du chocolat \u00e0 gagner !<\/span><\/span><\/h2>\n<p style=\"text-align: justify;\">Grace \u00e0 <a rel=\"nofollow\" rel=\"nofollow noopener noreferrer\" href=\"https:\/\/www.special-t.com\/\" target=\"_blank\">Special T.<\/a> (<em>d\u00e9cid\u00e9ment elle sait nous prendre par les sentiments cette marque<\/em> !!), j\u2019ai la chance de pouvoir offrir <strong>2 invitations de 2 places<\/strong> chacune pour la soir\u00e9e d\u2019ouverture qui aura lieu le <strong><span style=\"text-decoration: underline;\">mercredi 27 octobre \u00e0 partir de 19h<\/span><\/strong>. Vous me laissez <strong>un commentaire<\/strong> ici et je ferais un tirage au sort. Vous avez jusqu\u2019\u00e0 <strong>Jeudi soir 20h<\/strong>.<\/p>\n<p style=\"text-align: justify;\"><span style=\"text-decoration: underline;\"><strong>Attention ! il y a des<\/strong> <strong>conditions !<\/strong><\/span> il me faut ABSOLUMENT les noms des gagnants pour Vendredi et les places seront \u00e0 retirer Lundi chez Publicis Modem | 133, av des Champs-Elys\u00e9es 75008 | Paris (je vous dirais comment \u00e7a se passe). Ok guys ?!<\/p>\n<p style=\"text-align: justify;\">Sinon pas d\u2019entr\u00e9es, pas de chocolats !<\/p>\n<p style=\"text-align: justify;\"><a rel=\"nofollow\" href=\"http:\/\/www.salon-du-chocolat.com\">http:\/\/www.salon-du-chocolat.com<\/a><\/p>\n<p style=\"text-align: right;\"><em>Alors qui ira gouter un petit th\u00e9 accompagn\u00e9 de d\u00e9licieux chocos ?! <\/em><\/p>\n","protected":false},"excerpt":{"rendered":"<p>Qui peut r\u00e9sister \u00e0 un petit carr\u00e9 de chocolat fondant ?! \u2026 Mmm ?! Personne (\u00e0 part ceux qui n\u2019aiment pas \u00e9videmment ! oui j\u2019en connais !) \u2026 et au salon du chocolat, vous r\u00e9sisteriez ?! Non plus ? alors \u00e7a tombe bien, j\u2019ai une petite surprise pour vous ! Le plus grand \u00e9v\u00e9nement mondial<\/p>\n","protected":false},"author":1,"featured_media":0,"comment_status":"closed","ping_status":"open","sticky":false,"template":"","format":"standard","meta":{"footnotes":""},"categories":[20,10],"tags":[72,41,1430,235,179,152],"class_list":["post-7095","post","type-post","status-publish","format-standard","hentry","category-buzz","category-cook-book","tag-bio","tag-chocolat","tag-concours","tag-salon-du-chocolat","tag-special-t","tag-the"],"_links":{"self":[{"href":"https:\/\/www.au-pays-des-merveilles.com\/blog\/wp-json\/wp\/v2\/posts\/7095","targetHints":{"allow":["GET"]}}],"collection":[{"href":"https:\/\/www.au-pays-des-merveilles.com\/blog\/wp-json\/wp\/v2\/posts"}],"about":[{"href":"https:\/\/www.au-pays-des-merveilles.com\/blog\/wp-json\/wp\/v2\/types\/post"}],"author":[{"embeddable":true,"href":"https:\/\/www.au-pays-des-merveilles.com\/blog\/wp-json\/wp\/v2\/users\/1"}],"replies":[{"embeddable":true,"href":"https:\/\/www.au-pays-des-merveilles.com\/blog\/wp-json\/wp\/v2\/comments?post=7095"}],"version-history":[{"count":0,"href":"https:\/\/www.au-pays-des-merveilles.com\/blog\/wp-json\/wp\/v2\/posts\/7095\/revisions"}],"wp:attachment":[{"href":"https:\/\/www.au-pays-des-merveilles.com\/blog\/wp-json\/wp\/v2\/media?parent=7095"}],"wp:term":[{"taxonomy":"category","embeddable":true,"href":"https:\/\/www.au-pays-des-merveilles.com\/blog\/wp-json\/wp\/v2\/categories?post=7095"},{"taxonomy":"post_tag","embeddable":true,"href":"https:\/\/www.au-pays-des-merveilles.com\/blog\/wp-json\/wp\/v2\/tags?post=7095"}],"curies":[{"name":"wp","href":"https:\/\/api.w.org\/{rel}","templated":true}]}}