{"id":71,"date":"2008-01-11T07:25:24","date_gmt":"2008-01-11T06:25:24","guid":{"rendered":"http:\/\/www.au-pays-des-merveilles.com\/blog\/?p=71"},"modified":"2019-01-14T10:56:05","modified_gmt":"2019-01-14T08:56:05","slug":"un-de-mes-rves-s-exauce","status":"publish","type":"post","link":"https:\/\/www.au-pays-des-merveilles.com\/blog\/2008\/01\/11\/un-de-mes-rves-s-exauce\/","title":{"rendered":"Un de mes r&ecirc;ves s&rsquo; exauce"},"content":{"rendered":"<p><img loading=\"lazy\" decoding=\"async\" border=\"0\" align=\"left\" width=\"244\" src=\"https:\/\/www.au-pays-des-merveilles.com\/blog\/wp-content\/uploads\/2008\/01\/200515029-002-thumb.jpg\" alt=\"200515029-002\" height=\"244\" style=\"border: 0px\" \/>\u00a0 Vous allez rire si je vous dis ce que c&rsquo;est mais bon en m\u00eame temps c&rsquo;est un tournant dans ma vie. Quelque chose qui me montre que je vieillis !!<\/p>\n<p>Quoi qu&rsquo;est ce ?! quel suspense hein &#8230; quoi que en m\u00eame temps avec la photo du chien, vous avez une piste (elle me fait trop rire cette photo !!). Ben je vous explique. Depuis mon adolescence et mes ann\u00e9es de fac, mon r\u00eave \u00e9tait de porter des lunettes. N&rsquo;importe quoi hein ! ben ouai mais je sais pas pourquoi, je trouvais que tout de suite \u00e7a faisait plus s\u00e9rieux et que \u00e7a rendait les gens plus int\u00e9ressants. C&rsquo;est d\u00e9bile mais que voulez vous quand on est jeune &#8230; Je voyais ma copine de classe qui avait sa jolie pochette et ses jolies lunettes et qui soigneusement les nettoyait avant les cours et moi rien. J&rsquo;\u00e9tais frustr\u00e9e. J&rsquo;\u00e9tais m\u00eame pr\u00eate\u00a0\u00e0 dire n&rsquo;importe quoi lors des bilans ophtalmo pour qu&rsquo;on me prescrive des lunettes !! On est con quand on est jeune (remarquez \u00e7a a pas trop chang\u00e9 mais bon &#8230;)<\/p>\n<p>Et hier soir, rendez vous chez l&rsquo;ophtalmo suite \u00e0 mes diff\u00e9rents maux de t\u00eate qui me pourrissent l&rsquo;existence. Pas de tension dans les yeux (tr\u00e8s d\u00e9sagr\u00e9able le jet d&rsquo;air dans les noeils) et vision excellente me dit le m\u00e9decin. Pfff &#8230; Mais en fait il y a un souci : c&rsquo;est au niveau de ma vision de pr\u00e8s. Je vois tr\u00e8s bien mais je me fatigue tr\u00e8s vite. Et vu que je suis sur le pc du matin au soir (m\u00eame la nuit !!) ben je fatigue encore plus vite d&rsquo;o\u00f9 mes maux de t\u00eate. Alleluia, j&rsquo;ai peut \u00eatre trouv\u00e9 d&rsquo;o\u00f9 ils venaient !! Conclusion : je suis hyperm\u00e9trope. Bon je vous l&rsquo;accorde, j&rsquo;ai pas une gros truc \u00e0 corriger mais le fait de porter des lunettes au bureau il me dit que \u00e7a va nettement am\u00e9liorer ma vue et mes coups de fatigue.<\/p>\n<p>Ay\u00e9 mon r\u00eave s&rsquo;exauce. Je vais porter des lunettes. Quand je pense que certains font tout pour ne plus en avoir, moi je suis trop contente : je vais en porter au bureau et l\u00e0 je serais s\u00e9rieuse. H\u00e9 h\u00e9 &#8230;<\/p>\n<p>Bon l\u00e0 o\u00f9 est mon probl\u00e8me c&rsquo;est d&rsquo;une le choix de l&rsquo;opticien (yen a 150000 sur Paris), deux le prix des lunettes (c&rsquo;est pas trop le moment l\u00e0 en plus &#8230; et combien me rembourse ma mutuelle i don&rsquo;t know !) et de trois le choix des lunettes (toutes simples ou originales ?) &#8230; quelle question existencielle !<\/p>\n<p>Alors je parle aux petites parisiennes : portez vous des lunettes tout le temps ou juste pour travailler ? connaissez vous un opticien de confiance et pas trop cher ? quelle est la forme de vos lunettes ? envoyez moi votre bouille avec vos lunettes !!! lol<\/p>\n<p>Nan en fait je vous pose juste ces questions parce que j&rsquo;en ai jamais eu et que je ne sais que choisir &#8230; Merci les filles ! Bon je vous laisse parce que je fatigue l\u00e0 !! Bonne journ\u00e9e ! <img src=\"https:\/\/www.au-pays-des-merveilles.com\/blog\/wp-includes\/images\/smilies\/7.gif\" alt=\"(yes)\" class=\"wp-smiley\" style=\"height: 1em; max-height: 1em;\" \/><\/p>\n","protected":false},"excerpt":{"rendered":"<p>\u00a0 Vous allez rire si je vous dis ce que c&rsquo;est mais bon en m\u00eame temps c&rsquo;est un tournant dans ma vie. Quelque chose qui me montre que je vieillis !! Quoi qu&rsquo;est ce ?! quel suspense hein &#8230; quoi que en m\u00eame temps avec la photo du chien, vous avez une piste (elle me<\/p>\n","protected":false},"author":1,"featured_media":0,"comment_status":"open","ping_status":"open","sticky":false,"template":"","format":"standard","meta":{"footnotes":""},"categories":[4],"tags":[],"class_list":["post-71","post","type-post","status-publish","format-standard","hentry","category-ma-vie-mon-oeuvre"],"_links":{"self":[{"href":"https:\/\/www.au-pays-des-merveilles.com\/blog\/wp-json\/wp\/v2\/posts\/71","targetHints":{"allow":["GET"]}}],"collection":[{"href":"https:\/\/www.au-pays-des-merveilles.com\/blog\/wp-json\/wp\/v2\/posts"}],"about":[{"href":"https:\/\/www.au-pays-des-merveilles.com\/blog\/wp-json\/wp\/v2\/types\/post"}],"author":[{"embeddable":true,"href":"https:\/\/www.au-pays-des-merveilles.com\/blog\/wp-json\/wp\/v2\/users\/1"}],"replies":[{"embeddable":true,"href":"https:\/\/www.au-pays-des-merveilles.com\/blog\/wp-json\/wp\/v2\/comments?post=71"}],"version-history":[{"count":0,"href":"https:\/\/www.au-pays-des-merveilles.com\/blog\/wp-json\/wp\/v2\/posts\/71\/revisions"}],"wp:attachment":[{"href":"https:\/\/www.au-pays-des-merveilles.com\/blog\/wp-json\/wp\/v2\/media?parent=71"}],"wp:term":[{"taxonomy":"category","embeddable":true,"href":"https:\/\/www.au-pays-des-merveilles.com\/blog\/wp-json\/wp\/v2\/categories?post=71"},{"taxonomy":"post_tag","embeddable":true,"href":"https:\/\/www.au-pays-des-merveilles.com\/blog\/wp-json\/wp\/v2\/tags?post=71"}],"curies":[{"name":"wp","href":"https:\/\/api.w.org\/{rel}","templated":true}]}}