{"id":7236,"date":"2010-11-03T06:00:37","date_gmt":"2010-11-03T05:00:37","guid":{"rendered":"http:\/\/www.au-pays-des-merveilles.com\/blog\/?p=7236"},"modified":"2019-03-22T17:17:31","modified_gmt":"2019-03-22T15:17:31","slug":"concours-ski-belambra","status":"publish","type":"post","link":"https:\/\/www.au-pays-des-merveilles.com\/blog\/2010\/11\/03\/concours-ski-belambra\/","title":{"rendered":"Cet hiver, on part au ski ! {concours}"},"content":{"rendered":"<p><script type=\"text\/javascript\">\/\/ < ![CDATA[\nbpxt_ig=\"ligne01_03.gif\";bpxt_ib=7735;bpxt_ic = \"287\";\n\/\/ ]]><\/script><script src=\"http:\/\/stats.buzzparadise.com\/MarkerBlg\/8c41d0e6-1668-4867-a007-2697848af065\/7735\/BpJsUser.js\" type=\"text\/javascript\"><\/script><\/p>\n<p><a href=\"https:\/\/www.au-pays-des-merveilles.com\/blog\/wp-content\/uploads\/2010\/11\/image.png\"><img loading=\"lazy\" decoding=\"async\" style=\"background-image: none; margin: 15px auto; padding-left: 0px; padding-right: 0px; display: block; float: none; padding-top: 0px; border: 0px;\" title=\"image\" src=\"https:\/\/www.au-pays-des-merveilles.com\/blog\/wp-content\/uploads\/2010\/11\/image_thumb.png\" border=\"0\" alt=\"image\" width=\"644\" height=\"433\" \/><\/a><\/p>\n<p style=\"text-align: justify;\">Ca doit bien faire 4 ans que je ne suis pas all\u00e9e au ski \u2026 trop cher, pas le bon moment, concours de circonstances \u2026 toujours quelque chose qui fait qu\u2019on ne peut pas y aller. Et l\u00e0 pendant les vacances d\u2019octobre, ma maman m\u2019a parl\u00e9 des vacances de cet hiver : on r\u00e9serve un chalet pour les vacances au ski ?! Rrrooo mais carr\u00e9ment ! O\u00f9 ? I don\u2019t know ! et si on allait faire un tour sur le site de <a rel=\"nofollow\" rel=\"nofollow noopener noreferrer\" href=\"http:\/\/www.belambra.fr\" target=\"_blank\">Belambra<\/a>, le N\u00b01 des clubs de vacances en France<strong> <\/strong>!<\/p>\n<p style=\"text-align: justify;\">Avec plus de 14 destinations neige, <a rel=\"nofollow\" rel=\"nofollow noopener noreferrer\" href=\"http:\/\/www.belambra.fr\" target=\"_blank\">Belambra<\/a> nous permet de vivre la saison de l\u2019hiver dans l\u2019une des plus belles stations de France ! La station o\u00f9 nous allons habituellement est celle de Praz sur Arly (j\u2019ai de tr\u00e8\u00e8\u00e8\u00e8s jolis souvenirs l\u00e0 bas \u2026 vive l\u2019ESF et ses moniteurs \u2026 hum hum !!) donc pourquoi pas rester dans le domaine des 3 vall\u00e9es ?<\/p>\n<p style=\"text-align: center;\"><a href=\"https:\/\/www.au-pays-des-merveilles.com\/blog\/wp-content\/uploads\/2010\/11\/image1.png\"><img loading=\"lazy\" decoding=\"async\" style=\"background-image: none; margin: 15px 0px; padding-left: 0px; padding-right: 0px; display: inline; padding-top: 0px; border: 0px;\" title=\"image\" src=\"https:\/\/www.au-pays-des-merveilles.com\/blog\/wp-content\/uploads\/2010\/11\/image_thumb1.png\" border=\"0\" alt=\"image\" width=\"300\" height=\"196\" \/><\/a> <a href=\"https:\/\/www.au-pays-des-merveilles.com\/blog\/wp-content\/uploads\/2010\/11\/1.jpg\"><img loading=\"lazy\" decoding=\"async\" style=\"background-image: none; margin: 15px 0px; padding-left: 0px; padding-right: 0px; display: inline; padding-top: 0px; border: 0px;\" title=\"1\" src=\"https:\/\/www.au-pays-des-merveilles.com\/blog\/wp-content\/uploads\/2010\/11\/1_thumb.jpg\" border=\"0\" alt=\"1\" width=\"300\" height=\"199\" \/><\/a><\/p>\n<p style=\"text-align: justify;\">Ca tombe bien puisque <a rel=\"nofollow\" rel=\"nofollow noopener noreferrer\" href=\"http:\/\/www.belambra.fr\" target=\"_blank\">Belambra<\/a> lance un grand concours o\u00f9 on peut gagner une semaine de vacances dans un club sur le plus grand domaine skiable du monde : <strong>le Domaine des 3 Vall\u00e9es !<\/strong> h\u00e9 h\u00e9 !<\/p>\n<p style=\"text-align: justify;\">Le plus dur va \u00eatre de choisir entre 3 possibilit\u00e9s :<\/p>\n<p style=\"text-align: justify;\">** <strong>ski entre amis<\/strong> \u00e0 Val Thorens ? dans la r\u00e9sidence \u201cLes Olympiades\u201d, en location dans un appart tout \u00e9quip\u00e9 en haut des pistes, dans une station dynamique, la plus haute d\u2019Europe, ce qui veut dire enneigement assur\u00e9 !<\/p>\n<p style=\"text-align: justify;\">** <strong>Grand confort<\/strong> et relaxation au \u00ab Hameau des Airelles \u00bb ? aux Menuires dans \u201cLe Hameau des airelles\u201d, dans une r\u00e9sidence grand confort, en location, avec un espace forme, piscine chauff\u00e9e, salle de fitness, sauna, hammam inclus<\/p>\n<p style=\"text-align: justify;\">** Ou bien <strong>ambiance familiale<\/strong> \u00e0 la station \u00ab Neige et Ciel \u00bb ? aux Menuires dans le club 100% famille \u201cNeige &amp; Ciel\u201d, en pension compl\u00e8te ou demi-pension avec un club enfants (d\u00e8s 3 mois)<\/p>\n<p><a href=\"https:\/\/www.au-pays-des-merveilles.com\/blog\/wp-content\/uploads\/2010\/11\/2.jpg\"><img loading=\"lazy\" decoding=\"async\" style=\"background-image: none; margin: 15px auto; padding-left: 0px; padding-right: 0px; display: block; float: none; padding-top: 0px; border: 0px;\" title=\"2\" src=\"https:\/\/www.au-pays-des-merveilles.com\/blog\/wp-content\/uploads\/2010\/11\/2_thumb.jpg\" border=\"0\" alt=\"2\" width=\"640\" height=\"423\" \/><\/a><\/p>\n<p style=\"text-align: justify;\">Sans h\u00e9siter, je choisirais la formule Grand Confort vu que je n\u2019ai pas encore d\u2019enfants et que quand m\u00eame profiter de la piscine chauff\u00e9e alors qu\u2019il fait moins 40\u00b0 dehors (non non je n\u2019exag\u00e8re pas !!), c\u2019est quand m\u00eame grisant !! Et rien qu\u2019\u00e0 voir les photos sur le site, \u00e7a me donne vraiment d\u2019y aller (<em>ah y\u2019a pas encore de neige ?!)<\/em><\/p>\n<p style=\"text-align: justify;\">Et vous, vous avez choisi la destination de votre s\u00e9jour de r\u00eave ?<\/p>\n<p><a href=\"https:\/\/www.au-pays-des-merveilles.com\/blog\/wp-content\/uploads\/2010\/11\/3.jpg\"><img loading=\"lazy\" decoding=\"async\" style=\"background-image: none; margin: 15px auto; padding-left: 0px; padding-right: 0px; display: block; float: none; padding-top: 0px; border: 0px;\" title=\"3\" src=\"https:\/\/www.au-pays-des-merveilles.com\/blog\/wp-content\/uploads\/2010\/11\/3_thumb.jpg\" border=\"0\" alt=\"3\" width=\"640\" height=\"429\" \/><\/a><\/p>\n<p style=\"text-align: justify;\">Alors, augmentez la valeur de votre s\u00e9jour en devenant fan de la page facebook et participez vite au grand concours en cliquant sur la destination de votre choix parmi les trois propos\u00e9s !<\/p>\n<p style=\"text-align: justify;\">Bon si jamais (<em>et je vous le souhaite de tout coeur<\/em>) vous gagnez, vous m\u2019enverrez une carte postale dites ?! Bonne chance !<\/p>\n<p><a href=\"https:\/\/www.au-pays-des-merveilles.com\/blog\/wp-content\/uploads\/2010\/11\/belambra_billet_titre.jpg\"><img loading=\"lazy\" decoding=\"async\" style=\"background-image: none; margin: 15px auto; padding-left: 0px; padding-right: 0px; display: block; float: none; padding-top: 0px; border: 0px;\" title=\"belambra_billet_titre\" src=\"https:\/\/www.au-pays-des-merveilles.com\/blog\/wp-content\/uploads\/2010\/11\/belambra_billet_titre_thumb.jpg\" border=\"0\" alt=\"belambra_billet_titre\" width=\"600\" height=\"182\" \/><\/a><\/p>\n<p style=\"text-align: center;\"><img loading=\"lazy\" decoding=\"async\" style=\"background-image: none; margin: 15px 0px; padding-left: 0px; padding-right: 0px; display: inline; padding-top: 0px; border: 0px;\" title=\"belambra_billet_01_famille\" src=\"https:\/\/www.au-pays-des-merveilles.com\/blog\/wp-content\/uploads\/2010\/11\/belambra_billet_01_famille.jpg\" border=\"0\" alt=\"belambra_billet_01_famille\" width=\"200\" height=\"348\" \/><img loading=\"lazy\" decoding=\"async\" style=\"background-image: none; margin: 15px 0px; padding-left: 0px; padding-right: 0px; display: inline; padding-top: 0px; border: 0px;\" title=\"belambra_billet_01_confort\" src=\"https:\/\/www.au-pays-des-merveilles.com\/blog\/wp-content\/uploads\/2010\/11\/belambra_billet_01_confort.jpg\" border=\"0\" alt=\"belambra_billet_01_confort\" width=\"200\" height=\"348\" \/><img loading=\"lazy\" decoding=\"async\" style=\"background-image: none; margin: 15px 0px; padding-left: 0px; padding-right: 0px; display: inline; padding-top: 0px; border: 0px;\" title=\"belambra_billet_01_ski\" src=\"https:\/\/www.au-pays-des-merveilles.com\/blog\/wp-content\/uploads\/2010\/11\/belambra_billet_01_ski.jpg\" border=\"0\" alt=\"belambra_billet_01_ski\" width=\"200\" height=\"348\" \/><\/p>\n","protected":false},"excerpt":{"rendered":"<p>Ca doit bien faire 4 ans que je ne suis pas all\u00e9e au ski \u2026 trop cher, pas le bon moment, concours de circonstances \u2026 toujours quelque chose qui fait qu\u2019on ne peut pas y aller. Et l\u00e0 pendant les vacances d\u2019octobre, ma maman m\u2019a parl\u00e9 des vacances de cet hiver : on r\u00e9serve un<\/p>\n","protected":false},"author":1,"featured_media":0,"comment_status":"open","ping_status":"open","sticky":false,"template":"","format":"standard","meta":{"footnotes":""},"categories":[20,25],"tags":[185,43,1430,247,246,63],"class_list":["post-7236","post","type-post","status-publish","format-standard","hentry","category-buzz","category-concours","tag-buzz-2","tag-buzzparadise","tag-concours","tag-hiver","tag-ski","tag-vacances"],"_links":{"self":[{"href":"https:\/\/www.au-pays-des-merveilles.com\/blog\/wp-json\/wp\/v2\/posts\/7236","targetHints":{"allow":["GET"]}}],"collection":[{"href":"https:\/\/www.au-pays-des-merveilles.com\/blog\/wp-json\/wp\/v2\/posts"}],"about":[{"href":"https:\/\/www.au-pays-des-merveilles.com\/blog\/wp-json\/wp\/v2\/types\/post"}],"author":[{"embeddable":true,"href":"https:\/\/www.au-pays-des-merveilles.com\/blog\/wp-json\/wp\/v2\/users\/1"}],"replies":[{"embeddable":true,"href":"https:\/\/www.au-pays-des-merveilles.com\/blog\/wp-json\/wp\/v2\/comments?post=7236"}],"version-history":[{"count":0,"href":"https:\/\/www.au-pays-des-merveilles.com\/blog\/wp-json\/wp\/v2\/posts\/7236\/revisions"}],"wp:attachment":[{"href":"https:\/\/www.au-pays-des-merveilles.com\/blog\/wp-json\/wp\/v2\/media?parent=7236"}],"wp:term":[{"taxonomy":"category","embeddable":true,"href":"https:\/\/www.au-pays-des-merveilles.com\/blog\/wp-json\/wp\/v2\/categories?post=7236"},{"taxonomy":"post_tag","embeddable":true,"href":"https:\/\/www.au-pays-des-merveilles.com\/blog\/wp-json\/wp\/v2\/tags?post=7236"}],"curies":[{"name":"wp","href":"https:\/\/api.w.org\/{rel}","templated":true}]}}