{"id":7243,"date":"2010-11-06T06:55:23","date_gmt":"2010-11-06T05:55:23","guid":{"rendered":"http:\/\/www.au-pays-des-merveilles.com\/blog\/?p=7243"},"modified":"2019-03-22T17:17:31","modified_gmt":"2019-03-22T15:17:31","slug":"%e2%99%a1-les-liens-du-week-end-%e2%99%a1-3","status":"publish","type":"post","link":"https:\/\/www.au-pays-des-merveilles.com\/blog\/2010\/11\/06\/%e2%99%a1-les-liens-du-week-end-%e2%99%a1-3\/","title":{"rendered":"\u2661 Les liens du week-end \u2661 # 3"},"content":{"rendered":"<p style=\"text-align: center;\"><a href=\"https:\/\/www.au-pays-des-merveilles.com\/blog\/wp-content\/uploads\/2010\/11\/APDMDay-26.jpg\"><img loading=\"lazy\" decoding=\"async\" class=\"aligncenter\" style=\"background-image: none; margin: 15px auto; padding-left: 0px; padding-right: 0px; display: block; float: none; padding-top: 0px; border: 0px;\" title=\"APDMDay-26\" src=\"https:\/\/www.au-pays-des-merveilles.com\/blog\/wp-content\/uploads\/2010\/11\/APDMDay-26_thumb.jpg\" border=\"0\" alt=\"APDMDay-26\" width=\"684\" height=\"457\" \/><\/a><\/p>\n<p style=\"text-align: justify;\">&#x2665; <strong>COOK<\/strong> :\u00a0 on cuisine <a rel=\"nofollow noopener noreferrer\" href=\"http:\/\/www.griottes.fr\/new-video-millefeuille-fruits-rouge\" target=\"_blank\" class=\"broken_link\">un millefeuille aux fruits rouges<\/a> avec la superbe vid\u00e9o r\u00e9alis\u00e9e par <a rel=\"nofollow noopener noreferrer\" href=\"http:\/\/www.griottes.fr\/\" target=\"_blank\" class=\"broken_link\">Griottes<\/a><\/p>\n<p style=\"text-align: justify;\">&#x2665; <strong>SHOPPING<\/strong> : on commande son calendrier 2011 chez <a rel=\"nofollow\" rel=\"nofollow noopener noreferrer\" href=\"http:\/\/matissecolor.blogspot.com\/2010\/10\/my-first-calendar-is-out.html\" target=\"_blank\">Simply Hue<\/a> , je suis fan de ses photos et comme je n\u2019arrivais pas \u00e0 me d\u00e9cider, ben j\u2019ai command\u00e9 le calendrier ! Tous les ans, j\u2019aime bien changer et faire d\u00e9filer les mois avec une nouvelle image ! Vous pourrez le trouver dans sa boutique <a rel=\"nofollow noopener noreferrer\" href=\"http:\/\/www.etsy.com\/listing\/60266834\/2011-looseleaf-calendar\" target=\"_blank\" class=\"broken_link\">Etsy<\/a> (terrible ce site, je l\u2019ai d\u00e9j\u00e0 dit je sais !!)<\/p>\n<p style=\"text-align: justify;\">&#x2665; <strong>DIY<\/strong> : on s\u2019inscrit \u00e0 un des ateliers couture de l\u2019atelier d\u2019une f\u00e9e \u2026 je r\u00eave d\u2019en faire un (la jolie cape est trop cute !) mais au niveau des dates \u00e7a colle pas pour moi \u2026 je vais attendre les prochains ! <img src=\"https:\/\/www.au-pays-des-merveilles.com\/blog\/wp-includes\/images\/smilies\/3.gif\" alt=\";)\" class=\"wp-smiley\" style=\"height: 1em; max-height: 1em;\" \/><\/p>\n<p style=\"text-align: justify;\">&#x2665; <strong>BEAUTY<\/strong> : pour les girls qui auraient des probl\u00e8mes d\u2019acn\u00e9 et qui ne sauraient comment les cacher sans que \u00e7a se voit, lookez un peu <a rel=\"nofollow\" rel=\"nofollow noopener noreferrer\" href=\"http:\/\/www.lisaeldridge.com\/video\/12764\/acne-covering-make-up\/\" target=\"_blank\">la vid\u00e9o bluffante de Lisa Eldridge<\/a> (oui encore elle !) : le r\u00e9sultat est sublime grace \u00e0 certains produits <a rel=\"nofollow\" rel=\"nofollow noopener noreferrer\" href=\"http:\/\/www.vichyconsult.fr\/\" target=\"_blank\">Vichy<\/a> notamment \u2026 alors stay tuned ! parce que je suis justement en train de les tester actuellement ! le hasard fait bien les choses non ?!<\/p>\n<p style=\"text-align: justify;\">&#x2665; <strong>GEEK<\/strong> : et si on en a marre de tout \u00e7a et que l\u2019on veut faire un peu de m\u00e9nage dans son PC, on fait un \u201cDigital Detox\u201d \u2026 je vous laisse d\u00e9couvrir la marche \u00e0 suivre ! <img src=\"https:\/\/www.au-pays-des-merveilles.com\/blog\/wp-includes\/images\/smilies\/3.gif\" alt=\";)\" class=\"wp-smiley\" style=\"height: 1em; max-height: 1em;\" \/><\/p>\n<p style=\"text-align: center;\"><img loading=\"lazy\" decoding=\"async\" class=\"aligncenter\" style=\"background-image: none; margin: 15px auto; padding-left: 0px; padding-right: 0px; display: block; float: none; padding-top: 0px; border: 0px;\" title=\"image\" src=\"https:\/\/www.au-pays-des-merveilles.com\/blog\/wp-content\/uploads\/2010\/11\/image2.png\" border=\"0\" alt=\"image\" width=\"154\" height=\"154\" \/><\/p>\n<p>Have a good week-end !<\/p>\n","protected":false},"excerpt":{"rendered":"<p>&#x2665; COOK :\u00a0 on cuisine un millefeuille aux fruits rouges avec la superbe vid\u00e9o r\u00e9alis\u00e9e par Griottes &#x2665; SHOPPING : on commande son calendrier 2011 chez Simply Hue , je suis fan de ses photos et comme je n\u2019arrivais pas \u00e0 me d\u00e9cider, ben j\u2019ai command\u00e9 le calendrier ! Tous les ans, j\u2019aime bien changer<\/p>\n","protected":false},"author":1,"featured_media":0,"comment_status":"open","ping_status":"open","sticky":false,"template":"","format":"standard","meta":{"footnotes":""},"categories":[236],"tags":[47,237,238,56],"class_list":["post-7243","post","type-post","status-publish","format-standard","hentry","category-les-liens-du-week-end","tag-cuisine","tag-liens","tag-links","tag-week-end"],"_links":{"self":[{"href":"https:\/\/www.au-pays-des-merveilles.com\/blog\/wp-json\/wp\/v2\/posts\/7243","targetHints":{"allow":["GET"]}}],"collection":[{"href":"https:\/\/www.au-pays-des-merveilles.com\/blog\/wp-json\/wp\/v2\/posts"}],"about":[{"href":"https:\/\/www.au-pays-des-merveilles.com\/blog\/wp-json\/wp\/v2\/types\/post"}],"author":[{"embeddable":true,"href":"https:\/\/www.au-pays-des-merveilles.com\/blog\/wp-json\/wp\/v2\/users\/1"}],"replies":[{"embeddable":true,"href":"https:\/\/www.au-pays-des-merveilles.com\/blog\/wp-json\/wp\/v2\/comments?post=7243"}],"version-history":[{"count":0,"href":"https:\/\/www.au-pays-des-merveilles.com\/blog\/wp-json\/wp\/v2\/posts\/7243\/revisions"}],"wp:attachment":[{"href":"https:\/\/www.au-pays-des-merveilles.com\/blog\/wp-json\/wp\/v2\/media?parent=7243"}],"wp:term":[{"taxonomy":"category","embeddable":true,"href":"https:\/\/www.au-pays-des-merveilles.com\/blog\/wp-json\/wp\/v2\/categories?post=7243"},{"taxonomy":"post_tag","embeddable":true,"href":"https:\/\/www.au-pays-des-merveilles.com\/blog\/wp-json\/wp\/v2\/tags?post=7243"}],"curies":[{"name":"wp","href":"https:\/\/api.w.org\/{rel}","templated":true}]}}