{"id":7305,"date":"2010-11-11T07:30:15","date_gmt":"2010-11-11T06:30:15","guid":{"rendered":"http:\/\/www.au-pays-des-merveilles.com\/blog\/?p=7305"},"modified":"2019-03-22T17:17:31","modified_gmt":"2019-03-22T15:17:31","slug":"en-attendant-noel","status":"publish","type":"post","link":"https:\/\/www.au-pays-des-merveilles.com\/blog\/2010\/11\/11\/en-attendant-noel\/","title":{"rendered":"En attendant No\u00ebl &#8230;"},"content":{"rendered":"<p><a href=\"https:\/\/www.au-pays-des-merveilles.com\/blog\/wp-content\/uploads\/2010\/11\/Mag.jpg\"><img loading=\"lazy\" decoding=\"async\" style=\"background-image: none; margin: 15px auto; padding-left: 0px; padding-right: 0px; display: block; float: none; padding-top: 0px; border: 0px;\" title=\"Mag\" src=\"https:\/\/www.au-pays-des-merveilles.com\/blog\/wp-content\/uploads\/2010\/11\/Mag_thumb.jpg\" border=\"0\" alt=\"Mag\" width=\"644\" height=\"431\" \/><\/a><\/p>\n<p style=\"text-align: justify;\">\u2026 ben on profite des jours f\u00e9ri\u00e9s comme aujourd\u2019hui pour se vautrer dans son canap\u2019 et on pense d\u00e9j\u00e0 \u00e0 No\u00ebl en faisant sa revue de presse Special X-mas ! J\u2019adore \u2026 j\u2019ai h\u00e2te ! Et comme cette ann\u00e9e, c\u2019est moi qui re\u00e7ois, je suis \u00e0 l\u2019aff\u00fbt de toutes les bonnes id\u00e9es &amp; petits cadeaux pour un joli r\u00e9veillon. Cook book, d\u00e9co de sapin, petites \u00e9toiles, cartes cadeaux, recettes, d\u00e9cos \u2026 je m\u2019inspire ! Et encore, c\u2019est sans compter le magnifique livre sur les pr\u00e9paratifs de No\u00ebl que je me suis offert ! je vous en parle bient\u00f4t, promis !<\/p>\n<p style=\"text-align: justify;\">Belle journ\u00e9e \u00e0 tous !<\/p>\n<p style=\"text-align: right;\"><em>Vous y pensez vous aussi \u00e0 No\u00ebl\u00a0 ?!<\/em><\/p>\n","protected":false},"excerpt":{"rendered":"<p>\u2026 ben on profite des jours f\u00e9ri\u00e9s comme aujourd\u2019hui pour se vautrer dans son canap\u2019 et on pense d\u00e9j\u00e0 \u00e0 No\u00ebl en faisant sa revue de presse Special X-mas ! J\u2019adore \u2026 j\u2019ai h\u00e2te ! Et comme cette ann\u00e9e, c\u2019est moi qui re\u00e7ois, je suis \u00e0 l\u2019aff\u00fbt de toutes les bonnes id\u00e9es &amp; petits cadeaux<\/p>\n","protected":false},"author":1,"featured_media":0,"comment_status":"open","ping_status":"open","sticky":false,"template":"","format":"standard","meta":{"footnotes":""},"categories":[13,4],"tags":[257,208,258,256,259,255],"class_list":["post-7305","post","type-post","status-publish","format-standard","hentry","category-calendrier","category-ma-vie-mon-oeuvre","tag-biba","tag-deco","tag-glamour","tag-magazines","tag-modestravaux","tag-noel"],"_links":{"self":[{"href":"https:\/\/www.au-pays-des-merveilles.com\/blog\/wp-json\/wp\/v2\/posts\/7305","targetHints":{"allow":["GET"]}}],"collection":[{"href":"https:\/\/www.au-pays-des-merveilles.com\/blog\/wp-json\/wp\/v2\/posts"}],"about":[{"href":"https:\/\/www.au-pays-des-merveilles.com\/blog\/wp-json\/wp\/v2\/types\/post"}],"author":[{"embeddable":true,"href":"https:\/\/www.au-pays-des-merveilles.com\/blog\/wp-json\/wp\/v2\/users\/1"}],"replies":[{"embeddable":true,"href":"https:\/\/www.au-pays-des-merveilles.com\/blog\/wp-json\/wp\/v2\/comments?post=7305"}],"version-history":[{"count":0,"href":"https:\/\/www.au-pays-des-merveilles.com\/blog\/wp-json\/wp\/v2\/posts\/7305\/revisions"}],"wp:attachment":[{"href":"https:\/\/www.au-pays-des-merveilles.com\/blog\/wp-json\/wp\/v2\/media?parent=7305"}],"wp:term":[{"taxonomy":"category","embeddable":true,"href":"https:\/\/www.au-pays-des-merveilles.com\/blog\/wp-json\/wp\/v2\/categories?post=7305"},{"taxonomy":"post_tag","embeddable":true,"href":"https:\/\/www.au-pays-des-merveilles.com\/blog\/wp-json\/wp\/v2\/tags?post=7305"}],"curies":[{"name":"wp","href":"https:\/\/api.w.org\/{rel}","templated":true}]}}