{"id":7425,"date":"2010-11-16T06:02:26","date_gmt":"2010-11-16T05:02:26","guid":{"rendered":"http:\/\/www.au-pays-des-merveilles.com\/blog\/?p=7425"},"modified":"2019-03-22T17:17:30","modified_gmt":"2019-03-22T15:17:30","slug":"concours-noel-special-t-nestle","status":"publish","type":"post","link":"https:\/\/www.au-pays-des-merveilles.com\/blog\/2010\/11\/16\/concours-noel-special-t-nestle\/","title":{"rendered":"C&rsquo;est No\u00ebl avant l&rsquo;heure avec Special T. {concours}"},"content":{"rendered":"<p><a href=\"https:\/\/www.au-pays-des-merveilles.com\/blog\/wp-content\/uploads\/2010\/11\/YEL1017_wallpaper_1024x768px.jpg\"><img loading=\"lazy\" decoding=\"async\" style=\"background-image: none; margin: 15px auto; padding-left: 0px; padding-right: 0px; display: block; float: none; padding-top: 0px; border: 0px;\" title=\"YEL1017_wallpaper_1024x768px\" src=\"https:\/\/www.au-pays-des-merveilles.com\/blog\/wp-content\/uploads\/2010\/11\/YEL1017_wallpaper_1024x768px_thumb.jpg\" border=\"0\" alt=\"YEL1017_wallpaper_1024x768px\" width=\"644\" height=\"483\" \/><\/a><\/p>\n<p style=\"text-align: justify;\">Inutile de vous dire que je suis fan de ma nouvelle machine Special T. by Nestl\u00e9 \u2026 puisque <a href=\"https:\/\/www.au-pays-des-merveilles.com\/blog\/2010\/09\/13\/special-the-nestle\/\" target=\"_blank\" rel=\"noopener noreferrer\">vous le savez d\u00e9j\u00e0 !<\/a> Il n\u2019y a pas un jour o\u00f9 je ne l\u2019allume pas ! Termin\u00e9 la bouilloire, je ne jure plus que ma Special T. ! Depuis, j\u2019ai rachet\u00e9 toute une panoplie de capsules aussi bonnes les unes que les autres. C\u2019est simple, j\u2019aime tout ! comme \u00e7a c\u2019est pas compliqu\u00e9 : blueberry muffin, fleur d\u2019oranger, caramel, granit\u00e9 citron \u2026 so delicious !<\/p>\n<p style=\"text-align: justify;\">J\u2019ai m\u00eame fait des \u00e9mules puisque j\u2019ai command\u00e9 la m\u00eame pour l\u2019anniversaire de ma mamounette ! il s\u2019av\u00e8re que mon p\u00e8re a d\u00e9j\u00e0 fini toutes les capsules de tisane, c\u2019est dire si c\u2019est un investissement utile !! Et je peux vous dire que les deux jolies petites tasses superbement bien emball\u00e9es dans leur coffret ont fait leur effet. Ca ferait un tr\u00e8s GROS joli cadeau en dessous du sapin non ? !<\/p>\n<p style=\"text-align: justify;\">Et bien vous avez beaucoup de chance puisque le P\u00e8re No\u00ebl Special T. est pass\u00e9 par chez moi et m\u2019a propos\u00e9 de vous faire gagner \u00e7a :<\/p>\n<p style=\"text-align: center;\"><a href=\"https:\/\/www.au-pays-des-merveilles.com\/blog\/wp-content\/uploads\/2010\/11\/11.jpg\"><img loading=\"lazy\" decoding=\"async\" style=\"background-image: none; margin: 15px 0px; padding-left: 0px; padding-right: 0px; display: inline; padding-top: 0px; border: 0px;\" title=\"1\" src=\"https:\/\/www.au-pays-des-merveilles.com\/blog\/wp-content\/uploads\/2010\/11\/1_thumb1.jpg\" border=\"0\" alt=\"1\" width=\"207\" height=\"244\" \/><\/a><a href=\"https:\/\/www.au-pays-des-merveilles.com\/blog\/wp-content\/uploads\/2010\/11\/31.jpg\"><img loading=\"lazy\" decoding=\"async\" style=\"background-image: none; margin: 15px 0px; padding-left: 0px; padding-right: 0px; display: inline; padding-top: 0px; border: 0px;\" title=\"3\" src=\"https:\/\/www.au-pays-des-merveilles.com\/blog\/wp-content\/uploads\/2010\/11\/3_thumb1.jpg\" border=\"0\" alt=\"3\" width=\"204\" height=\"107\" \/><\/a><a href=\"https:\/\/www.au-pays-des-merveilles.com\/blog\/wp-content\/uploads\/2010\/11\/21.jpg\"><img loading=\"lazy\" decoding=\"async\" style=\"background-image: none; margin: 15px 0px; padding-left: 0px; padding-right: 0px; display: inline; padding-top: 0px; border: 0px;\" title=\"2\" src=\"https:\/\/www.au-pays-des-merveilles.com\/blog\/wp-content\/uploads\/2010\/11\/2_thumb1.jpg\" border=\"0\" alt=\"2\" width=\"199\" height=\"244\" \/><\/a><\/p>\n<p style=\"text-align: center;\"><strong>** <\/strong><\/p>\n<h3 style=\"text-align: center;\">une machine Special T, un coffret de 40 capsules, deux tasses &amp; deux sous tasses<\/h3>\n<p style=\"text-align: center;\"><strong> ** <\/strong><\/p>\n<p style=\"text-align: justify;\">Je vous l\u2019avais dit : c\u2019est No\u00ebl avant l\u2019heure ! Alors pour gagner ces petites merveilles, c\u2019est simple, vous me laissez un commentaire avec une adresse mail valide : vous me dites pourquoi vous voulez ce cadeau de No\u00ebl, quelle capsule vous commanderiez absolument, quelle saveur vous pr\u00e9f\u00e9rez ? je veux tout savoir ! Pour vous aider, vous pouvez aller faire un petit tour sur le site Special T.<\/p>\n<p style=\"text-align: justify;\">Vous avez jusqu\u2019au <strong>dimanche 28 Novembre 2010 minuit<\/strong> pour participer . R\u00e9sultats le lundi. Je proc\u00e8derai par tirage au sort. Vous l\u2019avez compris, ce concours repose uniquement sur la chance \u2026<\/p>\n<p style=\"text-align: justify;\">So, good luck !<\/p>\n<p style=\"text-align: right;\"><em>Alors, qui va avoir un No\u00ebl magique cette ann\u00e9e ?<\/em><\/p>\n<p style=\"text-align: right;\"><em>A demain, pour une autre jolie surprise de saison \u2026 I love Xmas time ! <\/em><img src=\"https:\/\/www.au-pays-des-merveilles.com\/blog\/wp-includes\/images\/smilies\/11.gif\" alt=\"(h)\" class=\"wp-smiley\" style=\"height: 1em; max-height: 1em;\" \/><em> <\/em><\/p>\n<p style=\"text-align: center;\"><a href=\"https:\/\/www.au-pays-des-merveilles.com\/blog\/wp-content\/uploads\/2010\/11\/YEL1017_wallpaper_1024x768px21.jpg\"><img loading=\"lazy\" decoding=\"async\" style=\"background-image: none; margin: 15px auto; padding-left: 0px; padding-right: 0px; display: block; float: none; padding-top: 0px; border: 0px;\" title=\"YEL1017_wallpaper_1024x768px21\" src=\"https:\/\/www.au-pays-des-merveilles.com\/blog\/wp-content\/uploads\/2010\/11\/YEL1017_wallpaper_1024x768px21_thumb.jpg\" border=\"0\" alt=\"YEL1017_wallpaper_1024x768px21\" width=\"644\" height=\"483\" \/><\/a>UN ENORME<strong> MERCI<\/strong> A SPECIAL T. by NESTLE pour ce tr\u00e8s joli <img src=\"https:\/\/www.au-pays-des-merveilles.com\/blog\/wp-includes\/images\/smilies\/9.gif\" alt=\"(gift)\" class=\"wp-smiley\" style=\"height: 1em; max-height: 1em;\" \/> !<\/p>\n","protected":false},"excerpt":{"rendered":"<p>Inutile de vous dire que je suis fan de ma nouvelle machine Special T. by Nestl\u00e9 \u2026 puisque vous le savez d\u00e9j\u00e0 ! Il n\u2019y a pas un jour o\u00f9 je ne l\u2019allume pas ! Termin\u00e9 la bouilloire, je ne jure plus que ma Special T. ! Depuis, j\u2019ai rachet\u00e9 toute une panoplie de capsules<\/p>\n","protected":false},"author":1,"featured_media":0,"comment_status":"closed","ping_status":"open","sticky":false,"template":"","format":"standard","meta":{"footnotes":""},"categories":[20,25,10],"tags":[1430,1431,81,179,272,152],"class_list":["post-7425","post","type-post","status-publish","format-standard","hentry","category-buzz","category-concours","category-cook-book","tag-concours","tag-muffins","tag-nestle","tag-special-t","tag-tea","tag-the"],"_links":{"self":[{"href":"https:\/\/www.au-pays-des-merveilles.com\/blog\/wp-json\/wp\/v2\/posts\/7425","targetHints":{"allow":["GET"]}}],"collection":[{"href":"https:\/\/www.au-pays-des-merveilles.com\/blog\/wp-json\/wp\/v2\/posts"}],"about":[{"href":"https:\/\/www.au-pays-des-merveilles.com\/blog\/wp-json\/wp\/v2\/types\/post"}],"author":[{"embeddable":true,"href":"https:\/\/www.au-pays-des-merveilles.com\/blog\/wp-json\/wp\/v2\/users\/1"}],"replies":[{"embeddable":true,"href":"https:\/\/www.au-pays-des-merveilles.com\/blog\/wp-json\/wp\/v2\/comments?post=7425"}],"version-history":[{"count":0,"href":"https:\/\/www.au-pays-des-merveilles.com\/blog\/wp-json\/wp\/v2\/posts\/7425\/revisions"}],"wp:attachment":[{"href":"https:\/\/www.au-pays-des-merveilles.com\/blog\/wp-json\/wp\/v2\/media?parent=7425"}],"wp:term":[{"taxonomy":"category","embeddable":true,"href":"https:\/\/www.au-pays-des-merveilles.com\/blog\/wp-json\/wp\/v2\/categories?post=7425"},{"taxonomy":"post_tag","embeddable":true,"href":"https:\/\/www.au-pays-des-merveilles.com\/blog\/wp-json\/wp\/v2\/tags?post=7425"}],"curies":[{"name":"wp","href":"https:\/\/api.w.org\/{rel}","templated":true}]}}