{"id":7432,"date":"2010-11-17T06:41:59","date_gmt":"2010-11-17T05:41:59","guid":{"rendered":"http:\/\/www.au-pays-des-merveilles.com\/blog\/?p=7432"},"modified":"2019-03-22T17:17:30","modified_gmt":"2019-03-22T15:17:30","slug":"concours-calendrier-avent-milka","status":"publish","type":"post","link":"https:\/\/www.au-pays-des-merveilles.com\/blog\/2010\/11\/17\/concours-calendrier-avent-milka\/","title":{"rendered":"Un \u00ab\u00a0avent\u00a0\u00bb No\u00ebl gourmand avec Milka {concours}"},"content":{"rendered":"<p style=\"text-align: justify;\"><a href=\"https:\/\/www.au-pays-des-merveilles.com\/blog\/wp-content\/uploads\/2010\/11\/CalendrierMilka.jpg\"><img loading=\"lazy\" decoding=\"async\" style=\"background-image: none; margin: 15px auto; padding-left: 0px; padding-right: 0px; display: block; float: none; padding-top: 0px; border: 0px;\" title=\"MI66E03_Calendrier de l'Avent-Outside\" src=\"https:\/\/www.au-pays-des-merveilles.com\/blog\/wp-content\/uploads\/2010\/11\/CalendrierMilka_thumb.jpg\" border=\"0\" alt=\"MI66E03_Calendrier de l'Avent-Outside\" width=\"644\" height=\"437\" \/><\/a><\/p>\n<p style=\"text-align: justify;\">Je vous avais dit que je vous g\u00e2terai cette semaine, c\u2019est No\u00ebl avant l\u2019heure ! Et aujourd\u2019hui, je vous propose des petites gourmandises avec<strong> le calendrier de l\u2019avent<\/strong> <a rel=\"nofollow\" rel=\"nofollow noopener noreferrer\" href=\"http:\/\/www.milka.fr\" target=\"_blank\">Milka<\/a>.<\/p>\n<p style=\"text-align: justify;\">Vous voyez, j\u2019ai beau avoir 33 balais, et bien je suis toujours en extase devant les rayons de chocolats pour les f\u00eates et notamment les calendriers de l\u2019avent. J\u2019adorais \u00e7a quand j\u2019\u00e9tais gamine (et aujourd\u2019hui encore d\u2019ailleurs !) : ouvrir tous les jours une petite fen\u00eatre et d\u00e9couvrir la surprise cach\u00e9e dedans ! On attendait No\u00ebl, et le temps jusqu\u2019au 24 d\u00e9cembre nous paraissait moins long !<\/p>\n<p style=\"text-align: justify;\">Il parait que pr\u00e8s de 3 millions de familles fran\u00e7aises ont succomb\u00e9 au calendrier de No\u00ebl l\u2019ann\u00e9e derni\u00e8re ! (j\u2019suis dedans, c\u2019est s\u00fbr !!) Cette tradition de l\u2019avent n\u2019est pas pr\u00eate de tomber aux oubliettes \u2026 pas chez moi en tout cas ! <img src=\"https:\/\/www.au-pays-des-merveilles.com\/blog\/wp-includes\/images\/smilies\/4.gif\" alt=\":D\" class=\"wp-smiley\" style=\"height: 1em; max-height: 1em;\" \/><\/p>\n<p style=\"text-align: justify;\">Cette ann\u00e9e, Milka propose de nous faire patienter avant la venue du P\u00e8re No\u00ebl avec un joli d\u00e9cor enneig\u00e9 et f\u00e9\u00e9rique du pays alpin. Tous les jours, on pourra y d\u00e9couvrir de d\u00e9licieuses figurines au tendre chocolat au lait Milka Et jusqu\u2019au soir du 24 d\u00e9cembre, le P\u00e8re No\u00ebl <a rel=\"nofollow\" rel=\"nofollow noopener noreferrer\" href=\"http:\/\/www.milka.fr\" target=\"_blank\">Milka<\/a> et ses joyeux petits lutins nous inviteront \u00e0 venir nous amuser grace aux diff\u00e9rents jeux au verso du calendrier !<\/p>\n<p style=\"text-align: justify;\">Vous avez de la chance (encore !!) puisque le P\u00e8re No\u00ebl <a rel=\"nofollow\" rel=\"nofollow noopener noreferrer\" href=\"http:\/\/www.milka.fr\" target=\"_blank\">Milka<\/a> est pass\u00e9 par chez moi (oui je connais tous les P\u00e8res No\u00ebl !) et m\u2019a propos\u00e9 de vous faire 4 calendriers de l\u2019avent <a rel=\"nofollow\" rel=\"nofollow noopener noreferrer\" href=\"http:\/\/www.milka.fr\" target=\"_blank\">Milka<\/a> ! Miam Miam !<\/p>\n<p style=\"text-align: justify;\">Pour participer, toujours pareil, vous me laissez <strong>un commentaire<\/strong> avec une adresse mail valide en me disant pourquoi vous voulez ce calendrier (faites moi r\u00eaver !!). Vous avez jusqu\u2019au<strong> mardi 23 novembre 20h<\/strong> pour participer. Je ferais un <strong>tirage au sort<\/strong> et donnerais les r\u00e9sultats dans la soir\u00e9e.<\/p>\n<p style=\"text-align: justify;\">Il me faudra ABSOLUMENT les adresses postales des gagnant(e)s pour le 24 novembre midi, sinon je retire au sort ! <em>Ben oui ce serait dommage que vous n\u2019ayez pas votre calendrier de l\u2019avent Milka d\u00e8s le 1er d\u00e9cembre ! Ok mes petits lutins ?! (j\u2019ai craqu\u00e9 !) <\/em><\/p>\n<p style=\"text-align: right;\"><em>A demain pour une tr\u00e8s tr\u00e8s jolie d\u00e9couverte sur les pr\u00e9paratifs de No\u00ebl \u2026 Jingle bells, jingle bells, jingle all the way ! \u2026<\/em><\/p>\n","protected":false},"excerpt":{"rendered":"<p>Je vous avais dit que je vous g\u00e2terai cette semaine, c\u2019est No\u00ebl avant l\u2019heure ! Et aujourd\u2019hui, je vous propose des petites gourmandises avec le calendrier de l\u2019avent Milka. Vous voyez, j\u2019ai beau avoir 33 balais, et bien je suis toujours en extase devant les rayons de chocolats pour les f\u00eates et notamment les calendriers<\/p>\n","protected":false},"author":1,"featured_media":0,"comment_status":"closed","ping_status":"open","sticky":false,"template":"","format":"standard","meta":{"footnotes":""},"categories":[25,10],"tags":[41,40,273,265,255],"class_list":["post-7432","post","type-post","status-publish","format-standard","hentry","category-concours","category-cook-book","tag-chocolat","tag-gouter","tag-lait","tag-milka","tag-noel"],"_links":{"self":[{"href":"https:\/\/www.au-pays-des-merveilles.com\/blog\/wp-json\/wp\/v2\/posts\/7432","targetHints":{"allow":["GET"]}}],"collection":[{"href":"https:\/\/www.au-pays-des-merveilles.com\/blog\/wp-json\/wp\/v2\/posts"}],"about":[{"href":"https:\/\/www.au-pays-des-merveilles.com\/blog\/wp-json\/wp\/v2\/types\/post"}],"author":[{"embeddable":true,"href":"https:\/\/www.au-pays-des-merveilles.com\/blog\/wp-json\/wp\/v2\/users\/1"}],"replies":[{"embeddable":true,"href":"https:\/\/www.au-pays-des-merveilles.com\/blog\/wp-json\/wp\/v2\/comments?post=7432"}],"version-history":[{"count":0,"href":"https:\/\/www.au-pays-des-merveilles.com\/blog\/wp-json\/wp\/v2\/posts\/7432\/revisions"}],"wp:attachment":[{"href":"https:\/\/www.au-pays-des-merveilles.com\/blog\/wp-json\/wp\/v2\/media?parent=7432"}],"wp:term":[{"taxonomy":"category","embeddable":true,"href":"https:\/\/www.au-pays-des-merveilles.com\/blog\/wp-json\/wp\/v2\/categories?post=7432"},{"taxonomy":"post_tag","embeddable":true,"href":"https:\/\/www.au-pays-des-merveilles.com\/blog\/wp-json\/wp\/v2\/tags?post=7432"}],"curies":[{"name":"wp","href":"https:\/\/api.w.org\/{rel}","templated":true}]}}