{"id":7512,"date":"2010-11-25T11:55:18","date_gmt":"2010-11-25T10:55:18","guid":{"rendered":"http:\/\/www.au-pays-des-merveilles.com\/blog\/?p=7512"},"modified":"2019-03-22T17:17:30","modified_gmt":"2019-03-22T15:17:30","slug":"considerations-complexes","status":"publish","type":"post","link":"https:\/\/www.au-pays-des-merveilles.com\/blog\/2010\/11\/25\/considerations-complexes\/","title":{"rendered":"Consid\u00e9rations complexes"},"content":{"rendered":"<p style=\"text-align: center;\">\u00a0<img loading=\"lazy\" decoding=\"async\" class=\"size-full wp-image-7514 alignnone\" title=\"IMG_9778bd\" src=\"https:\/\/www.au-pays-des-merveilles.com\/blog\/wp-content\/uploads\/2010\/11\/IMG_9778bd.jpg\" alt=\"\" width=\"366\" height=\"510\" \/><\/p>\n<p style=\"text-align: center;\"><em>(c) Renata di Marco<\/em><\/p>\n<p style=\"text-align: justify;\">Aujourd&rsquo;hui, je me d\u00e9shabille. A la mani\u00e8re d&rsquo;un #jeudiconfession (comme sur <a rel=\"nofollow\" href=\"http:\/\/twitter.com\/missginy\" class=\"broken_link\">Twitter<\/a>), je vais me confesser. Je deteste me voir en photo. En fait, je suis tr\u00e8s complex\u00e9e par les photos &#8230; de moi !\u00a0Pourquoi je vous dis \u00e7a ? parce qu&rsquo;en revenant de la soir\u00e9e magique<a rel=\"nofollow\" href=\"http:\/\/www.shiseido.fr\/#\"> Shiseido<\/a> (<em>dont je vous reparle tr\u00e8s vite mais il y a tellement de choses \u00e0 dire que je ne sais par o\u00f9 commencer<\/em>), j&rsquo;en ai pleur\u00e9.<\/p>\n<p style=\"text-align: justify;\">Alors j&rsquo;ai pas envie que vous croyiez\u00a0 que je veuille (<em>haute voltige la concordance des temps l\u00e0 !!<\/em>) me faire passer pour Calim\u00e9ro et qu&rsquo;on me plaigne mais juste parce-que \u00e7a me p\u00e8se ou plut\u00f4t \u00e7a me g\u00eane parce qu&rsquo;on me demande souvent pourquoi on ne me voit pas sur mon blog \u00ab\u00a0en entier\u00a0\u00bb et du coup on a du mal \u00e0 me reconnaitre lors d&rsquo;\u00e9v\u00e9nement. L\u00e0 voil\u00e0 la raison. Je ne suis pas photog\u00e9nique. Je ne l&rsquo;ai jamais \u00e9t\u00e9 et je ne le serais jamais. C&rsquo;est un fait. Je ne prends en photo que des petits bouts de moi, ou je suis cach\u00e9e \u00e0 moiti\u00e9 &#8230; un comble pour une photographe ! (<em>amatrice je pr\u00e9cise des fois qu&rsquo;on croit que je me la raconte &#8230;).\u00a0 <\/em>En revanche, je ne refuse pas que l&rsquo;on me prenne en photo lors de soir\u00e9e mais de toute fa\u00e7on je ne suis pas emb\u00eat\u00e9e de ce c\u00f4t\u00e9 l\u00e0 vu que les photographes n&rsquo;insistent pas (<em>je pense qu&rsquo;ils voient tr\u00e8s vite si une personne est photog\u00e9nique ou ne l&rsquo;est pas<\/em>). J&rsquo;envie tellement les belles filles, et je souligne le mot \u00ab\u00a0belles\u00a0\u00bb parce que ce sont de vraies beaut\u00e9s comme <a rel=\"nofollow\" href=\"http:\/\/www.ithaa.fr\/\">Ithaa <\/a>par exemple qui m\u00eame sans maquillage\u00a0sont magnifiques et sont juste \u00ab\u00a0gorgeous\u00a0\u00bb sur les photos !\u00a0 Alors quand j&rsquo;ai vu les photos <a rel=\"nofollow\" href=\"http:\/\/www.shiseido.fr\/#\">Shiseido<\/a> prise par Renata di Marco des filles \u00e0 la soir\u00e9e et moi ma derni\u00e8re photo (<em>une seule, celle que vous voyez ici<\/em>) ben j&rsquo;ai repleur\u00e9 ! Mes cheveux : j&rsquo;avais fait la totale le matin et au final je les ai attach\u00e9 parce que je trouvais qu&rsquo;ils faisaient gras (<em>non mais vl\u00e0 le r\u00e9sultat, \u00e7a vaut bien le coup de se faire suer 3 heures devant la glace<\/em>\u00a0!). Mon nez : l\u00e0 c&rsquo;est un complexe que\u00a0j&rsquo;ai depuis gamine, je m&rsquo;en remettrais jamais mais j&rsquo;ai pas le choix (<em>je vous en avais d\u00e9j\u00e0 parl\u00e9 ici<\/em>). Ma bouche : trop fine (<em>je r\u00eave d&rsquo;une bouche pulpeuse !<\/em>). Il ne reste que mes yeux, h\u00e9ritage de mon grand-p\u00e8re,\u00a0que j&rsquo;accepte\u00a0! Bref, c&rsquo;est horrible, je reviens, je vais aller m&rsquo;acheter une corde ! De plus, je ne sais pas vous mais moi je suis tr\u00e8s mal \u00e0 l&rsquo;aise devant un objectif. On ne sait pas quelle attitude adopter, quelle pose &#8230; je fais toujours des grimaces g\u00e9n\u00e9ralement (<em>je me cache derri\u00e8re \u00e7a &#8230; pour pas voir l&rsquo;horreur !!).<\/em> Une r\u00e9ussite.<\/p>\n<p style=\"text-align: justify;\">En m\u00eame temps, la beaut\u00e9 c&rsquo;est tr\u00e8s subjectif non ? parce que sans vouloir faire ma m\u00e9chante <em>(ni ma jalouse sauf concernant certaines !!)<\/em> je vois certaines filles qui se prennent sous toutes les coutures, n&rsquo;h\u00e9sitent pas \u00e0 faire des vid\u00e9os m\u00eame et pourtant sont loin d&rsquo;\u00eatre des canons de beaut\u00e9 (<em>selon moi &#8230; et je dis \u00e7a aussi\u00a0parce qu&rsquo;elles oublient d&rsquo;\u00eatre modestes surtout !)<\/em> alors pourquoi \u00eatre aussi complex\u00e9e ? un manque de confiance en soi ? oui tr\u00e8s certainement. Je n&rsquo;ai jamais eu confiance en moi, ce n&rsquo;est pas maintenant que \u00e7a va changer. C&rsquo;est dans mon temp\u00e9rament. Envieuse ? oui aussi. Elles ont raison ces minettes, pourquoi se prendre la t\u00eate ? Je ne sais pas, c&rsquo;est comme \u00e7a.<\/p>\n<p style=\"text-align: justify;\">Bon ben voil\u00e0 \u00e7a c&rsquo;est fait, vous allez tous croire que j&rsquo;ai des probl\u00e8mes psy maintenant ! en m\u00eame temps, qui n&rsquo;en a pas ?!<\/p>\n<p style=\"text-align: justify;\">En tout cas, \u00e7a me soulage d&rsquo;un certain c\u00f4t\u00e9 de vous avoir racont\u00e9\u00a0tout \u00e7a\u00a0parce que je n&rsquo;aurais plus \u00e0 me justifier et \u00e0 trouver des excuses pour ne pas me faire prendre en photo !<\/p>\n<p style=\"text-align: justify;\">Je pr\u00e9f\u00e8re \u00eatre derri\u00e8re l&rsquo;objectif que devant.<\/p>\n<p style=\"text-align: right;\"><em>Et sinon, je voulais\u00a0dire un ENORME MERCI \u00e0 la tr\u00e8s jolie Magali, maquilleuse chez Sisheido, qui est adorable et vous fait des make-up de fou ! (elle est au S\u00e9phora des Champs &#8230; chut !)<\/em><\/p>\n","protected":false},"excerpt":{"rendered":"<p>\u00a0 (c) Renata di Marco Aujourd&rsquo;hui, je me d\u00e9shabille. A la mani\u00e8re d&rsquo;un #jeudiconfession (comme sur Twitter), je vais me confesser. Je deteste me voir en photo. En fait, je suis tr\u00e8s complex\u00e9e par les photos &#8230; de moi !\u00a0Pourquoi je vous dis \u00e7a ? parce qu&rsquo;en revenant de la soir\u00e9e magique Shiseido (dont je<\/p>\n","protected":false},"author":1,"featured_media":0,"comment_status":"open","ping_status":"open","sticky":false,"template":"","format":"standard","meta":{"footnotes":""},"categories":[6,4],"tags":[49,286,195,285],"class_list":["post-7512","post","type-post","status-publish","format-standard","hentry","category-beautiful-girl","category-ma-vie-mon-oeuvre","tag-beaute","tag-complexes","tag-photo","tag-psy"],"_links":{"self":[{"href":"https:\/\/www.au-pays-des-merveilles.com\/blog\/wp-json\/wp\/v2\/posts\/7512","targetHints":{"allow":["GET"]}}],"collection":[{"href":"https:\/\/www.au-pays-des-merveilles.com\/blog\/wp-json\/wp\/v2\/posts"}],"about":[{"href":"https:\/\/www.au-pays-des-merveilles.com\/blog\/wp-json\/wp\/v2\/types\/post"}],"author":[{"embeddable":true,"href":"https:\/\/www.au-pays-des-merveilles.com\/blog\/wp-json\/wp\/v2\/users\/1"}],"replies":[{"embeddable":true,"href":"https:\/\/www.au-pays-des-merveilles.com\/blog\/wp-json\/wp\/v2\/comments?post=7512"}],"version-history":[{"count":0,"href":"https:\/\/www.au-pays-des-merveilles.com\/blog\/wp-json\/wp\/v2\/posts\/7512\/revisions"}],"wp:attachment":[{"href":"https:\/\/www.au-pays-des-merveilles.com\/blog\/wp-json\/wp\/v2\/media?parent=7512"}],"wp:term":[{"taxonomy":"category","embeddable":true,"href":"https:\/\/www.au-pays-des-merveilles.com\/blog\/wp-json\/wp\/v2\/categories?post=7512"},{"taxonomy":"post_tag","embeddable":true,"href":"https:\/\/www.au-pays-des-merveilles.com\/blog\/wp-json\/wp\/v2\/tags?post=7512"}],"curies":[{"name":"wp","href":"https:\/\/api.w.org\/{rel}","templated":true}]}}