{"id":7536,"date":"2010-11-30T06:24:21","date_gmt":"2010-11-30T05:24:21","guid":{"rendered":"http:\/\/www.au-pays-des-merveilles.com\/blog\/?p=7536"},"modified":"2019-03-22T17:17:29","modified_gmt":"2019-03-22T15:17:29","slug":"soiree-shiseido-realtime-makeup-simulator","status":"publish","type":"post","link":"https:\/\/www.au-pays-des-merveilles.com\/blog\/2010\/11\/30\/soiree-shiseido-realtime-makeup-simulator\/","title":{"rendered":"Une soir\u00e9e magique avec Shiseido"},"content":{"rendered":"<p><a href=\"https:\/\/www.au-pays-des-merveilles.com\/blog\/wp-content\/uploads\/2010\/11\/IMG_9072bd.jpg\"><img loading=\"lazy\" decoding=\"async\" style=\"background-image: none; margin: 15px auto; padding-left: 0px; padding-right: 0px; display: block; float: none; padding-top: 0px; border: 0px;\" title=\"IMG_9072bd\" src=\"https:\/\/www.au-pays-des-merveilles.com\/blog\/wp-content\/uploads\/2010\/11\/IMG_9072bd_thumb.jpg\" border=\"0\" alt=\"IMG_9072bd\" width=\"644\" height=\"430\" \/><\/a><\/p>\n<p style=\"text-align: justify;\">Il y a des jours o\u00f9 je m&rsquo;auto-congratule d&rsquo;avoir ouvert un blog ! oui oui &#8230; surtout que je ne savais pas \u00e0 l&rsquo;\u00e9poque o\u00f9 je l&rsquo;ai ouvert, que j&rsquo;allais vivre des moments exceptionnels ! Et il y a deux semaines, j&rsquo;ai v\u00e9cu une de ces jolies soir\u00e9es dans un magnifique endroit : <strong>la maison 8<\/strong> avec <a rel=\"nofollow\" rel=\"nofollow noopener noreferrer\" href=\"http:\/\/www.shiseido.fr\/\" target=\"_blank\">Shiseido<\/a>.<br \/>\n<a href=\"https:\/\/www.au-pays-des-merveilles.com\/blog\/wp-content\/uploads\/2010\/11\/IMG_9057bd.jpg\"><img loading=\"lazy\" decoding=\"async\" style=\"background-image: none; margin: 15px 0px 15px 20px; padding-left: 0px; padding-right: 0px; display: inline; float: right; padding-top: 0px; border: 0px;\" title=\"IMG_9057bd\" src=\"https:\/\/www.au-pays-des-merveilles.com\/blog\/wp-content\/uploads\/2010\/11\/IMG_9057bd_thumb.jpg\" border=\"0\" alt=\"IMG_9057bd\" width=\"160\" height=\"244\" align=\"right\" \/><\/a>La maison 8 c&rsquo;est un lieu hors du temps ! Pour tout vous dire, c&rsquo;est l&rsquo;ancienne r\u00e9sidence de KENZO. Vous entrez dans cette maison et vous vous sentez compl\u00e8tement ailleurs avec son joli jardin japonais, ses espaces, sa piscine &#8230; un havre de paix en plein c\u0153ur du quartier de Bastille.<\/p>\n<p style=\"text-align: justify;\"><a href=\"https:\/\/www.au-pays-des-merveilles.com\/blog\/wp-content\/uploads\/2010\/11\/ZEN-White-Heat-ad.jpg\"><img loading=\"lazy\" decoding=\"async\" style=\"background-image: none; margin: 15px 21px 15px 0px; padding-left: 0px; padding-right: 0px; display: inline; float: left; padding-top: 0px; border: 0px;\" title=\"ZEN White Heat ad\" src=\"https:\/\/www.au-pays-des-merveilles.com\/blog\/wp-content\/uploads\/2010\/11\/ZEN-White-Heat-ad_thumb.jpg\" border=\"0\" alt=\"ZEN White Heat ad\" width=\"174\" height=\"244\" align=\"left\" \/><\/a>Il y a un an d\u00e9j\u00e0 (que le temps passe vite) je vous avais d\u00e9j\u00e0 parl\u00e9 de la sortie de leur d\u00e9licieux parfum <a href=\"https:\/\/www.au-pays-des-merveilles.com\/blog\/2009\/12\/21\/la-boite-secrets-de-shiseido-concours\/\" target=\"_blank\" rel=\"noopener noreferrer\">Zen<\/a>. Et bien cette ann\u00e9e, ils remettent \u00e7a\u00a0 puisqu&rsquo;ils sortent une \u00e9dition limit\u00e9e du parfum ZEN (<strong>Zen White Heat<\/strong>) qui sortira en mars prochain. Le flacon est tr\u00e8s joli et il sent tr\u00e8s tr\u00e8s bon ! un vrai coup de c\u0153ur !<br \/>\nMais cette ann\u00e9e c&rsquo;\u00e9tait surtout pour nous faire d\u00e9couvrir un outil magique : le \u201c<strong>Realtime Make-Up Simulator<\/strong>\u201d &#8230; c&rsquo;est comme un miroir et en une fraction de seconde vous vous retrouvez maquill\u00e9e\u00a0 ! c&rsquo;est g\u00e9nial ! vous pouvez choisir les couleurs que vous voulez (yeux, l\u00e8vres, blush) et hop magique, vous voil\u00e0 toute belle ! En plus, l&rsquo;innovation majeure par rapport aux sites qui permettent d\u00e9j\u00e0 de se maquiller virtuellement, c&rsquo;est que l&rsquo;on peut bouger ! Votre image n&rsquo;est pas fig\u00e9e. C&rsquo;est magique je vous dis !<br \/>\n<a href=\"https:\/\/www.au-pays-des-merveilles.com\/blog\/wp-content\/uploads\/2010\/11\/IMG_9902____bd.jpg\"><img loading=\"lazy\" decoding=\"async\" style=\"background-image: none; margin: 15px 0px 15px 22px; padding-left: 0px; padding-right: 0px; display: inline; float: right; padding-top: 0px; border: 0px;\" title=\"IMG_9902####bd\" src=\"https:\/\/www.au-pays-des-merveilles.com\/blog\/wp-content\/uploads\/2010\/11\/IMG_9902____bd_thumb.jpg\" border=\"0\" alt=\"IMG_9902####bd\" width=\"159\" height=\"244\" align=\"right\" \/><\/a>J&rsquo;ai ainsi pu tester virtuellement, grace \u00e0 Christine, un maquillage de jour et de nuit. Elle nous inscrit les teintes sur une fiche afin de retrouver plus facilement celles qui nous vont en boutique.<br \/>\nSi vous aussi vous voulez le tester, faites vite puisqu\u2019il est :<\/p>\n<p style=\"text-align: justify;\"><strong>&#8211; <\/strong>du Lundi 22 Novembre au Samedi 11 D\u00e9cembre inclus au Stand Shiseido des <strong>Galeries Lafayette Haussmann<br \/>\n&#8211; <\/strong>du Lundi 13 D\u00e9cembre au Vendredi 31 D\u00e9cembre inclus au Stand Shiseido du <strong>Printemps Haussmann <\/strong><\/p>\n<p style=\"text-align: justify;\">Ensuite, apr\u00e8s avoir choisi la teinte du nouveau fond de teint qui tue (mais qui ne sortira qu&rsquo;en d\u00e9but 2011, je vous dirais ! <img src=\"https:\/\/www.au-pays-des-merveilles.com\/blog\/wp-includes\/images\/smilies\/3.gif\" alt=\";)\" class=\"wp-smiley\" style=\"height: 1em; max-height: 1em;\" \/> ), on a pu se faire maquiller par la d\u00e9licieuse Magali (<a href=\"https:\/\/www.au-pays-des-merveilles.com\/blog\/2010\/11\/25\/considerations-complexes\/\" target=\"_blank\" rel=\"noopener noreferrer\">remember<\/a> !). Elle m&rsquo;a donn\u00e9 des petits conseils comme par exemple se maquiller les yeux avant le teint : et \u00e7a c&rsquo;est une super astuce parce que laisse tomber, \u00e0 chaque fois je me retrouve avec des particules de FAP sur les cernes alors que je viens de passer 3 heures \u00e0 les cacher &#8230; la lose :\/ . Fallait y penser ! Magali sait tout de suite ce qui nous va le mieux et nous rend belle, c&rsquo;est un coeur cette fille ! &#x2665; Alors un conseil : courrez vite la voir au Sephora des Champs o\u00f9 elle prodigue ses conseils et vous maquille sur le stand <a rel=\"nofollow\" rel=\"nofollow noopener noreferrer\" href=\"http:\/\/www.shiseido.fr\/\" target=\"_blank\">Shiseido<\/a>.<br \/>\nUn petit tour devant l&rsquo;objectif de Renata di Marco (hum &#8230; !) et Cendrillon doit repartir (mon carosse m&rsquo;avait oubli\u00e9 d&rsquo;ailleurs, je suis rentr\u00e9e \u00e0 2h du matin !!).<br \/>\nDes moments comme cela o\u00f9 on se sent bien j&rsquo;aimerai en vivre tous les jours !<\/p>\n<p style=\"text-align: justify;\"><a href=\"https:\/\/www.au-pays-des-merveilles.com\/blog\/wp-content\/uploads\/2010\/11\/Ombre-Doux-EClat-Trio-NM.jpg\"><img loading=\"lazy\" decoding=\"async\" style=\"background-image: none; margin: 15px 20px 15px 0px; padding-left: 0px; padding-right: 0px; display: inline; float: left; padding-top: 0px; border: 0px;\" title=\"Ombre Doux EClat Trio NM\" src=\"https:\/\/www.au-pays-des-merveilles.com\/blog\/wp-content\/uploads\/2010\/11\/Ombre-Doux-EClat-Trio-NM_thumb.jpg\" border=\"0\" alt=\"Ombre Doux EClat Trio NM\" width=\"169\" height=\"240\" align=\"left\" \/><\/a>Je vous reparlerai prochainement du make-up <a rel=\"nofollow\" rel=\"nofollow noopener noreferrer\" href=\"http:\/\/www.shiseido.fr\/\" target=\"_blank\">Shiseido<\/a> et de ses sublimes palettes pour les paupi\u00e8res Ombres Doux Eclat Trio.<\/p>\n<p style=\"text-align: justify;\">Je vous rappelle que vous pouvez toujours profiter des secrets de beaut\u00e9, des conseils d\u2019expert et d\u00e9couvrir en exclu les produits Shiseido sur le club Omotenashi.<\/p>\n<p style=\"text-align: right;\"><em>Alors un <strong>ENORME MERCI<\/strong> \u00e0 l&rsquo;\u00e9quipe <a rel=\"nofollow\" rel=\"nofollow noopener noreferrer\" href=\"http:\/\/www.shiseido.fr\/\" target=\"_blank\">Shiseido<\/a> : Christine, Alix &amp; Charlotte (au Realtime Make-up Simulator), Magali, Ornella, Laetitia et David (les 4 make-up artist), Jan (le directeur marketing), Miyabi (qui nous a pr\u00e9sent\u00e9 le nouveau fond de teint), Wataru (le Vice-pr\u00e9sident), Megumi &amp; Sandra, l\u2019adorable C\u00e9cile et \u00e0 Chloe de <a rel=\"nofollow\" rel=\"nofollow noopener noreferrer\" href=\"http:\/\/www.yougether.fr\/\" target=\"_blank\">YOUGETHER<\/a> !<br \/>\n<\/em><\/p>\n<p style=\"text-align: justify;\">Psst ! <a rel=\"nofollow\" rel=\"nofollow noopener noreferrer\" href=\"http:\/\/www.shiseido.fr\/\" target=\"_blank\">Shiseido<\/a> joue au P\u00e8re No\u00ebl &#8230; je reviens tr\u00e8s vite avec un joli cadeau pour vous ! <img src=\"https:\/\/www.au-pays-des-merveilles.com\/blog\/wp-includes\/images\/smilies\/3.gif\" alt=\";)\" class=\"wp-smiley\" style=\"height: 1em; max-height: 1em;\" \/><\/p>\n<p style=\"text-align: right;\"><em>Cr\u00e9dit photos : <strong>Renata di Marco<\/strong><\/em><\/p>\n","protected":false},"excerpt":{"rendered":"<p>Il y a des jours o\u00f9 je m&rsquo;auto-congratule d&rsquo;avoir ouvert un blog ! oui oui &#8230; surtout que je ne savais pas \u00e0 l&rsquo;\u00e9poque o\u00f9 je l&rsquo;ai ouvert, que j&rsquo;allais vivre des moments exceptionnels ! Et il y a deux semaines, j&rsquo;ai v\u00e9cu une de ces jolies soir\u00e9es dans un magnifique endroit : la maison<\/p>\n","protected":false},"author":1,"featured_media":0,"comment_status":"open","ping_status":"open","sticky":false,"template":"","format":"standard","meta":{"footnotes":""},"categories":[6,20],"tags":[49,289,200,80,45,94,290,287,288],"class_list":["post-7536","post","type-post","status-publish","format-standard","hentry","category-beautiful-girl","category-buzz","tag-beaute","tag-kenzo","tag-make-up","tag-maquillage","tag-parfum","tag-shiseido","tag-soiree","tag-yougether","tag-zen"],"_links":{"self":[{"href":"https:\/\/www.au-pays-des-merveilles.com\/blog\/wp-json\/wp\/v2\/posts\/7536","targetHints":{"allow":["GET"]}}],"collection":[{"href":"https:\/\/www.au-pays-des-merveilles.com\/blog\/wp-json\/wp\/v2\/posts"}],"about":[{"href":"https:\/\/www.au-pays-des-merveilles.com\/blog\/wp-json\/wp\/v2\/types\/post"}],"author":[{"embeddable":true,"href":"https:\/\/www.au-pays-des-merveilles.com\/blog\/wp-json\/wp\/v2\/users\/1"}],"replies":[{"embeddable":true,"href":"https:\/\/www.au-pays-des-merveilles.com\/blog\/wp-json\/wp\/v2\/comments?post=7536"}],"version-history":[{"count":0,"href":"https:\/\/www.au-pays-des-merveilles.com\/blog\/wp-json\/wp\/v2\/posts\/7536\/revisions"}],"wp:attachment":[{"href":"https:\/\/www.au-pays-des-merveilles.com\/blog\/wp-json\/wp\/v2\/media?parent=7536"}],"wp:term":[{"taxonomy":"category","embeddable":true,"href":"https:\/\/www.au-pays-des-merveilles.com\/blog\/wp-json\/wp\/v2\/categories?post=7536"},{"taxonomy":"post_tag","embeddable":true,"href":"https:\/\/www.au-pays-des-merveilles.com\/blog\/wp-json\/wp\/v2\/tags?post=7536"}],"curies":[{"name":"wp","href":"https:\/\/api.w.org\/{rel}","templated":true}]}}