{"id":7573,"date":"2010-12-06T07:47:04","date_gmt":"2010-12-06T06:47:04","guid":{"rendered":"http:\/\/www.au-pays-des-merveilles.com\/blog\/?p=7573"},"modified":"2019-04-28T12:11:40","modified_gmt":"2019-04-28T10:11:40","slug":"fire-ice-de-revlon","status":"publish","type":"post","link":"https:\/\/www.au-pays-des-merveilles.com\/blog\/2010\/12\/06\/fire-ice-de-revlon\/","title":{"rendered":"Fire &#038; Ice de REVLON"},"content":{"rendered":"<p style=\"text-align: justify;\"><a href=\"https:\/\/www.au-pays-des-merveilles.com\/blog\/wp-content\/uploads\/2010\/12\/image.png\"><img loading=\"lazy\" decoding=\"async\" style=\"background-image: none; margin: 15px auto; padding-left: 0px; padding-right: 0px; display: block; float: none; padding-top: 0px; border: 0px;\" title=\"image\" src=\"https:\/\/www.au-pays-des-merveilles.com\/blog\/wp-content\/uploads\/2010\/12\/image_thumb.png\" border=\"0\" alt=\"image\" width=\"580\" height=\"772\" \/><\/a><\/p>\n<p style=\"text-align: justify;\">Je vous l\u2019avais d\u00e9j\u00e0 dit mais je le r\u00e9p\u00e8te encore : je suis <a href=\"https:\/\/www.au-pays-des-merveilles.com\/blog\/2010\/06\/08\/addict-aux-vernis-revlon\/\" target=\"_blank\" rel=\"noopener noreferrer\">FAN des vernis \u00e0 ongles REVLON<\/a> ! Ils sont super faciles \u00e0 appliquer grace \u00e0 leurs pinceaux fins et les couleurs sont vraiment magnifiques !<\/p>\n<p style=\"text-align: justify;\">Pour preuve, lookez moi un peu la nouvelle pub sublim\u00e9e par Jessica BIEL dans un remake des ann\u00e9es 50, \u201cFire &amp; Ice\u201d de <a rel=\"nofollow noopener noreferrer\" rel=\"nofollow noopener noreferrer\" href=\"http:\/\/www.revlon.com\/\" target=\"_blank\">REVLON<\/a>. A l\u2019\u00e9poque, elle \u00e9tait incarn\u00e9e par la troublante Dorian Leigh. Je la trouve somptueuse sur cette photo, c\u2019est certainement d\u00fb au talent du photographe Mario Testino.<\/p>\n<p style=\"text-align: justify;\">Quant aux produits en eux-m\u00eames, je suis bluff\u00e9e ! rien que \u00e7a ! Vous voyez ces couleurs \u00e9clatantes sur la photo ? ben c\u2019est pareil en vrai de vrai !! Les couleurs sont terribles.<\/p>\n<p><a href=\"https:\/\/www.au-pays-des-merveilles.com\/blog\/wp-content\/uploads\/2010\/12\/revlon.jpg\"><img loading=\"lazy\" decoding=\"async\" style=\"background-image: none; margin: 15px auto; padding-left: 0px; padding-right: 0px; display: block; float: none; padding-top: 0px; border: 0px;\" title=\"revlon\" src=\"https:\/\/www.au-pays-des-merveilles.com\/blog\/wp-content\/uploads\/2010\/12\/revlon_thumb.jpg\" border=\"0\" alt=\"revlon\" width=\"654\" height=\"530\" \/><\/a><\/p>\n<p style=\"text-align: justify;\">Ici, j\u2019ai appliqu\u00e9 le vernis n\u00b022 \u201cAll fired up\u201d <em>(9,90 \u20ac) <\/em>et le rouge \u00e0 l\u00e8vres cr\u00e8me Super Lustrous n\u00b0 720 \u201cFire &amp; Ice\u201d <em>(13,90 \u20ac) <a rel=\"nofollow noopener noreferrer\" rel=\"nofollow noopener noreferrer\" href=\"http:\/\/www.revlon.com\/\" target=\"_blank\">REVLON<\/a>.<\/em><\/p>\n<p style=\"text-align: justify;\"><a href=\"https:\/\/www.au-pays-des-merveilles.com\/blog\/wp-content\/uploads\/2010\/12\/022.jpg\"><img loading=\"lazy\" decoding=\"async\" style=\"background-image: none; margin: 15px 0px; padding-left: 0px; padding-right: 0px; display: inline; float: left; padding-top: 0px; border: 0px;\" title=\"Picture 6066\" src=\"https:\/\/www.au-pays-des-merveilles.com\/blog\/wp-content\/uploads\/2010\/12\/022_thumb.jpg\" border=\"0\" alt=\"Picture 6066\" width=\"106\" height=\"240\" align=\"left\" \/><\/a><a href=\"https:\/\/www.au-pays-des-merveilles.com\/blog\/wp-content\/uploads\/2010\/12\/Superlustrous-Lipstick-Fire-Ice.jpg\"><img loading=\"lazy\" decoding=\"async\" style=\"background-image: none; margin: 15px 0px; padding-left: 0px; padding-right: 0px; display: inline; float: right; padding-top: 0px; border: 0px;\" title=\"Picture 6051\" src=\"https:\/\/www.au-pays-des-merveilles.com\/blog\/wp-content\/uploads\/2010\/12\/Superlustrous-Lipstick-Fire-Ice_thumb.jpg\" border=\"0\" alt=\"Picture 6051\" width=\"73\" height=\"240\" align=\"right\" \/><\/a>Ils ont tous les deux une tenue exemplaire. Pour vous dire, j\u2019ai fait sensation vendredi au bureau avec ce nouveau look (<em>premi\u00e8re fois que je me risquais avec un vrai rouge<\/em> !) et je n\u2019ai pas eu besoin de remettre du rouge \u00e0 l\u00e8vres (<em>c\u2019est comme dans les Feux de l\u2019amour, d\u00e8s le r\u00e9veil vous \u00eates maquill\u00e9e ! \u2026 c\u2019est parce qu\u2019en fait il ne part plus !!).<\/em> Du coup, mes coll\u00e8gues sont parties l\u2019acheter !!<\/p>\n<p style=\"text-align: justify;\"><em>Envie de jouer la femme fatale devant ch\u00e9richou ?! alors succombez \u00e0 ces teintes qui mettent le feu !! <\/em><\/p>\n","protected":false},"excerpt":{"rendered":"<p>Je vous l\u2019avais d\u00e9j\u00e0 dit mais je le r\u00e9p\u00e8te encore : je suis FAN des vernis \u00e0 ongles REVLON ! Ils sont super faciles \u00e0 appliquer grace \u00e0 leurs pinceaux fins et les couleurs sont vraiment magnifiques ! Pour preuve, lookez moi un peu la nouvelle pub sublim\u00e9e par Jessica BIEL dans un remake des<\/p>\n","protected":false},"author":1,"featured_media":0,"comment_status":"open","ping_status":"open","sticky":false,"template":"","format":"standard","meta":{"footnotes":""},"categories":[6],"tags":[49,298,79,202,78],"class_list":["post-7573","post","type-post","status-publish","format-standard","hentry","category-beautiful-girl","tag-beaute","tag-jessica-biel","tag-revlon","tag-rouge-a-levres","tag-vernis-a-ongles"],"_links":{"self":[{"href":"https:\/\/www.au-pays-des-merveilles.com\/blog\/wp-json\/wp\/v2\/posts\/7573","targetHints":{"allow":["GET"]}}],"collection":[{"href":"https:\/\/www.au-pays-des-merveilles.com\/blog\/wp-json\/wp\/v2\/posts"}],"about":[{"href":"https:\/\/www.au-pays-des-merveilles.com\/blog\/wp-json\/wp\/v2\/types\/post"}],"author":[{"embeddable":true,"href":"https:\/\/www.au-pays-des-merveilles.com\/blog\/wp-json\/wp\/v2\/users\/1"}],"replies":[{"embeddable":true,"href":"https:\/\/www.au-pays-des-merveilles.com\/blog\/wp-json\/wp\/v2\/comments?post=7573"}],"version-history":[{"count":0,"href":"https:\/\/www.au-pays-des-merveilles.com\/blog\/wp-json\/wp\/v2\/posts\/7573\/revisions"}],"wp:attachment":[{"href":"https:\/\/www.au-pays-des-merveilles.com\/blog\/wp-json\/wp\/v2\/media?parent=7573"}],"wp:term":[{"taxonomy":"category","embeddable":true,"href":"https:\/\/www.au-pays-des-merveilles.com\/blog\/wp-json\/wp\/v2\/categories?post=7573"},{"taxonomy":"post_tag","embeddable":true,"href":"https:\/\/www.au-pays-des-merveilles.com\/blog\/wp-json\/wp\/v2\/tags?post=7573"}],"curies":[{"name":"wp","href":"https:\/\/api.w.org\/{rel}","templated":true}]}}