{"id":759,"date":"2008-06-11T07:00:40","date_gmt":"2008-06-11T05:00:40","guid":{"rendered":"http:\/\/www.au-pays-des-merveilles.com\/blog\/?p=759"},"modified":"2019-03-22T17:17:50","modified_gmt":"2019-03-22T15:17:50","slug":"petite-note-en-passant","status":"publish","type":"post","link":"https:\/\/www.au-pays-des-merveilles.com\/blog\/2008\/06\/11\/petite-note-en-passant\/","title":{"rendered":"Petite note en passant &#8230;"},"content":{"rendered":"<p><a href=\"https:\/\/www.au-pays-des-merveilles.com\/blog\/wp-content\/uploads\/2008\/06\/dsc01000.jpg\"><img loading=\"lazy\" decoding=\"async\" style=\"border-right: 0px; border-top: 0px; border-left: 0px; border-bottom: 0px\" src=\"https:\/\/www.au-pays-des-merveilles.com\/blog\/wp-content\/uploads\/2008\/06\/dsc01000-thumb.jpg\" border=\"0\" alt=\"DSC01000\" width=\"200\" height=\"260\" align=\"left\" \/><\/a> Sorry pour ce petit silence depuis quelques jours ! Mais j&rsquo;ai eu un week-end charg\u00e9 ! et oui le fameux week-end du mariage de mes amis ! Trois jours non stop, suis crev\u00e9e et j&rsquo;ai du mal \u00e0 r\u00e9cup\u00e9rer ! C&rsquo;\u00e9tait un petit mariage mais on a vraiment pass\u00e9 de bons moments. Et je pense que pour mon mariage (si un jour il aura lieu !) je ferais pareil, en nombre restreint ! C&rsquo;est tr\u00e8s bien ! <img src=\"https:\/\/www.au-pays-des-merveilles.com\/blog\/wp-includes\/images\/smilies\/3.gif\" alt=\";)\" class=\"wp-smiley\" style=\"height: 1em; max-height: 1em;\" \/> &#8230;<\/p>\n<p><!--more--><\/p>\n<p><a href=\"https:\/\/www.au-pays-des-merveilles.com\/blog\/wp-content\/uploads\/2008\/06\/dsc00884.jpg\"><img loading=\"lazy\" decoding=\"async\" style=\"border-right: 0px; border-top: 0px; border-left: 0px; border-bottom: 0px\" src=\"https:\/\/www.au-pays-des-merveilles.com\/blog\/wp-content\/uploads\/2008\/06\/dsc00884-thumb.jpg\" border=\"0\" alt=\"DSC00884\" width=\"184\" height=\"244\" align=\"right\" \/><\/a> Bon alors \u00e9videmment je ne vais pas vous mettre des photos du mariage parce que les gens ne seront peut \u00eatre ok et c&rsquo;est un peu normal en m\u00eame temps. En revanche, je veux bien vous montrer ma bouille et mon joli chignon ce jour l\u00e0, et que m\u00eame je l&rsquo;ai gard\u00e9 deux jours tellement il tenait bien !! c&rsquo;\u00e9tait vraiment chouette ! J&rsquo;ai m\u00eame r\u00e9ussi \u00e0 tenir toute la journ\u00e9e et toute la nuit avec mes talons ! \u00e7a c&rsquo;est un exploit !! Bon par contre mister loulou n&rsquo;a pas \u00e9t\u00e9 capable de me prendre de plain pied ! donc vous aurez des petits bouts de photos ! (et m\u00eame en exclu une tite photo de mister loulou qui fait le couillon ! <img src=\"https:\/\/www.au-pays-des-merveilles.com\/blog\/wp-includes\/images\/smilies\/4.gif\" alt=\":D\" class=\"wp-smiley\" style=\"height: 1em; max-height: 1em;\" \/> )<\/p>\n<p><a href=\"https:\/\/www.au-pays-des-merveilles.com\/blog\/wp-content\/uploads\/2008\/06\/wedding-page-0.jpg\"><img loading=\"lazy\" decoding=\"async\" style=\"border-right: 0px; border-top: 0px; border-left: 0px; border-bottom: 0px\" src=\"https:\/\/www.au-pays-des-merveilles.com\/blog\/wp-content\/uploads\/2008\/06\/wedding-page-0-thumb.jpg\" border=\"0\" alt=\"wedding_Page_0\" width=\"475\" height=\"323\" \/><\/a><\/p>\n<p>Voiloo ! \u00e7a ira bien pour aujourd&rsquo;hui &#8230; je passe en vitesse parce que d&rsquo;une la gr\u00e8ve des trains continuent et de deux je suis ma\u00eetre de stage de gens en pr\u00e9affectation  jusqu&rsquo;en septembre donc je n&rsquo;ai plus du tout le temps de trainer sur le net en ce moment. M\u00eame plus le temps de passer sur vos blogs, je m&rsquo;en excuse &#8230; je reviens vite ! enfin j&rsquo;esp\u00e8re !<\/p>\n<p align=\"center\">******<\/p>\n<p align=\"center\"><span style=\"text-decoration: underline;\">Petits bonheurs<\/span> : j&rsquo;en ai eu quelques uns ces jours-ci \u00e0 ma plus grande joie ! <img src=\"https:\/\/www.au-pays-des-merveilles.com\/blog\/wp-includes\/images\/smilies\/1.gif\" alt=\":)\" class=\"wp-smiley\" style=\"height: 1em; max-height: 1em;\" \/>  donc je me les garde en r\u00e9serve pour vous en parler plus longuement dans mes prochains posts ! <img src=\"https:\/\/www.au-pays-des-merveilles.com\/blog\/wp-includes\/images\/smilies\/7.gif\" alt=\"(yes)\" class=\"wp-smiley\" style=\"height: 1em; max-height: 1em;\" \/><\/p>\n<p align=\"center\">Please, hold the line ! <img src=\"https:\/\/www.au-pays-des-merveilles.com\/blog\/wp-includes\/images\/smilies\/3.gif\" alt=\";)\" class=\"wp-smiley\" style=\"height: 1em; max-height: 1em;\" \/><\/p>\n<p align=\"center\"><span style=\"text-decoration: underline;\">PS<\/span> : j&rsquo;ai toujours pas trouv\u00e9 le chapeau de cow boy !<\/p>\n","protected":false},"excerpt":{"rendered":"<p>Sorry pour ce petit silence depuis quelques jours ! Mais j&rsquo;ai eu un week-end charg\u00e9 ! et oui le fameux week-end du mariage de mes amis ! Trois jours non stop, suis crev\u00e9e et j&rsquo;ai du mal \u00e0 r\u00e9cup\u00e9rer ! C&rsquo;\u00e9tait un petit mariage mais on a vraiment pass\u00e9 de bons moments. Et je pense<\/p>\n","protected":false},"author":1,"featured_media":0,"comment_status":"open","ping_status":"open","sticky":false,"template":"","format":"standard","meta":{"footnotes":""},"categories":[4],"tags":[],"class_list":["post-759","post","type-post","status-publish","format-standard","hentry","category-ma-vie-mon-oeuvre"],"_links":{"self":[{"href":"https:\/\/www.au-pays-des-merveilles.com\/blog\/wp-json\/wp\/v2\/posts\/759","targetHints":{"allow":["GET"]}}],"collection":[{"href":"https:\/\/www.au-pays-des-merveilles.com\/blog\/wp-json\/wp\/v2\/posts"}],"about":[{"href":"https:\/\/www.au-pays-des-merveilles.com\/blog\/wp-json\/wp\/v2\/types\/post"}],"author":[{"embeddable":true,"href":"https:\/\/www.au-pays-des-merveilles.com\/blog\/wp-json\/wp\/v2\/users\/1"}],"replies":[{"embeddable":true,"href":"https:\/\/www.au-pays-des-merveilles.com\/blog\/wp-json\/wp\/v2\/comments?post=759"}],"version-history":[{"count":0,"href":"https:\/\/www.au-pays-des-merveilles.com\/blog\/wp-json\/wp\/v2\/posts\/759\/revisions"}],"wp:attachment":[{"href":"https:\/\/www.au-pays-des-merveilles.com\/blog\/wp-json\/wp\/v2\/media?parent=759"}],"wp:term":[{"taxonomy":"category","embeddable":true,"href":"https:\/\/www.au-pays-des-merveilles.com\/blog\/wp-json\/wp\/v2\/categories?post=759"},{"taxonomy":"post_tag","embeddable":true,"href":"https:\/\/www.au-pays-des-merveilles.com\/blog\/wp-json\/wp\/v2\/tags?post=759"}],"curies":[{"name":"wp","href":"https:\/\/api.w.org\/{rel}","templated":true}]}}