{"id":7613,"date":"2010-12-08T07:00:17","date_gmt":"2010-12-08T06:00:17","guid":{"rendered":"http:\/\/www.au-pays-des-merveilles.com\/blog\/?p=7613"},"modified":"2019-09-29T18:42:50","modified_gmt":"2019-09-29T16:42:50","slug":"wishlist-de-noel","status":"publish","type":"post","link":"https:\/\/www.au-pays-des-merveilles.com\/blog\/2010\/12\/08\/wishlist-de-noel\/","title":{"rendered":"Ma wishlist de No\u00ebl inspir\u00e9e des blogs &#8230;"},"content":{"rendered":"<p><a href=\"https:\/\/www.au-pays-des-merveilles.com\/blog\/wp-content\/uploads\/2010\/12\/wishlist.jpg\"><img loading=\"lazy\" decoding=\"async\" style=\"background-image: none; margin: 15px auto; padding-left: 0px; padding-right: 0px; display: block; float: none; padding-top: 0px; border: 0px;\" title=\"wishlist\" src=\"https:\/\/www.au-pays-des-merveilles.com\/blog\/wp-content\/uploads\/2010\/12\/wishlist_thumb.jpg\" border=\"0\" alt=\"wishlist\" width=\"650\" height=\"488\" \/><\/a><\/p>\n<p style=\"text-align: justify;\">Cher P\u00e8re No\u00ebl,<\/p>\n<p style=\"text-align: justify;\">J\u2019ai \u00e9t\u00e9 tr\u00e8s tr\u00e8s (trop ?!) sage cette ann\u00e9e. Bon ok peut \u00eatre que c\u2019est pas vrai alors je t\u2019\u00e9pargne mes d\u00e9sirs de cadeaux qui co\u00fbtent un bras genre le CANON 7 D, un nouvel objectif (j\u2019arrive pas \u00e0 me d\u00e9cider de toute fa\u00e7on entre un macro et un 24-70, rien \u00e0 voir on est d\u2019accord !), un voyage \u00e0 NY, une nouvelle voiture \u2026 (Personne d&#039;aurait un mobil home en vente dans les &icirc;les?!)<\/p>\n<p style=\"text-align: justify;\">Non non, je vais \u00eatre raisonnable et te proposer des cadeaux dans tes cordes (hum !) mais surtout inspir\u00e9s des coupines blogueuses qui n\u2019arr\u00eatent pas de me narguer avec leurs jolies choses !<\/p>\n<p style=\"text-align: justify;\">Alors je souhaiterais : des gants tous chauds en cuir de la <a rel=\"nofollow noopener noreferrer\" href=\"http:\/\/www.maisonfabre.com\/\" target=\"_blank\" class=\"broken_link\">Maison Fabre<\/a> (vu chez Fressine), un magnifique poncho tout doux en cachemire de Poncho Gallery (vu sur <a rel=\"nofollow noopener noreferrer\" rel=\"nofollow noopener noreferrer\" href=\"http:\/\/www.absolutelyglamourous.fr\/\" target=\"_blank\">Absolutely Glamourous<\/a>), un joli sac <a rel=\"nofollow noopener noreferrer\" rel=\"nofollow noopener noreferrer\" href=\"http:\/\/france.coach.com\" target=\"_blank\">Coach<\/a> (vu sur <a rel=\"nofollow noopener noreferrer\" rel=\"nofollow noopener noreferrer\" href=\"http:\/\/www.ithaa.fr\/index.php?post\/2010\/11\/08\/Lundi\" target=\"_blank\">Ithaa<\/a>) et un appareil photo tout mimi qui fait des pola, le Fujifilm Instax Mini (vu chez Here comes the sun).<\/p>\n<p style=\"text-align: justify;\">Tu vois, cher P\u00e8re No\u00ebl, je ne suis pas du tout exigeante \u2026 je ne demande pas beaucoup de choses (hi hi !).\u00a0 Promis, je te laisserais ton verre de lait et tes biscuits \u00e0 c\u00f4t\u00e9 de la <span style=\"text-decoration: line-through;\">chemin\u00e9e<\/span> fen\u00eatre.<\/p>\n<p style=\"text-align: justify;\">Ne me d\u00e9\u00e7ois pas cher P\u00e8re No\u00ebl<span style=\"text-decoration: line-through;\"> (sinon j\u2019te casse les dents !)<\/span><\/p>\n<p style=\"text-align: justify;\">Rendez-vous au 25 d\u00e9cembre \u2026<\/p>\n<p style=\"text-align: right;\"><em>Et vous, vous avez fait votre wishlist ?!<\/em><\/p>\n","protected":false},"excerpt":{"rendered":"<p>Cher P\u00e8re No\u00ebl, J\u2019ai \u00e9t\u00e9 tr\u00e8s tr\u00e8s (trop ?!) sage cette ann\u00e9e. Bon ok peut \u00eatre que c\u2019est pas vrai alors je t\u2019\u00e9pargne mes d\u00e9sirs de cadeaux qui co\u00fbtent un bras genre le CANON 7 D, un nouvel objectif (j\u2019arrive pas \u00e0 me d\u00e9cider de toute fa\u00e7on entre un macro et un 24-70, rien \u00e0<\/p>\n","protected":false},"author":1,"featured_media":0,"comment_status":"open","ping_status":"open","sticky":false,"template":"","format":"standard","meta":{"footnotes":""},"categories":[13,8,4],"tags":[310,303,306,307,304,255,311,309,305,308],"class_list":["post-7613","post","type-post","status-publish","format-standard","hentry","category-calendrier","category-jolies-choses","category-ma-vie-mon-oeuvre","tag-appareil-photo","tag-coach","tag-fujifilm","tag-gants","tag-maison-fabre","tag-noel","tag-polaroid","tag-poncho","tag-poncho-gallery","tag-sac"],"_links":{"self":[{"href":"https:\/\/www.au-pays-des-merveilles.com\/blog\/wp-json\/wp\/v2\/posts\/7613","targetHints":{"allow":["GET"]}}],"collection":[{"href":"https:\/\/www.au-pays-des-merveilles.com\/blog\/wp-json\/wp\/v2\/posts"}],"about":[{"href":"https:\/\/www.au-pays-des-merveilles.com\/blog\/wp-json\/wp\/v2\/types\/post"}],"author":[{"embeddable":true,"href":"https:\/\/www.au-pays-des-merveilles.com\/blog\/wp-json\/wp\/v2\/users\/1"}],"replies":[{"embeddable":true,"href":"https:\/\/www.au-pays-des-merveilles.com\/blog\/wp-json\/wp\/v2\/comments?post=7613"}],"version-history":[{"count":0,"href":"https:\/\/www.au-pays-des-merveilles.com\/blog\/wp-json\/wp\/v2\/posts\/7613\/revisions"}],"wp:attachment":[{"href":"https:\/\/www.au-pays-des-merveilles.com\/blog\/wp-json\/wp\/v2\/media?parent=7613"}],"wp:term":[{"taxonomy":"category","embeddable":true,"href":"https:\/\/www.au-pays-des-merveilles.com\/blog\/wp-json\/wp\/v2\/categories?post=7613"},{"taxonomy":"post_tag","embeddable":true,"href":"https:\/\/www.au-pays-des-merveilles.com\/blog\/wp-json\/wp\/v2\/tags?post=7613"}],"curies":[{"name":"wp","href":"https:\/\/api.w.org\/{rel}","templated":true}]}}