{"id":7639,"date":"2010-12-10T07:40:33","date_gmt":"2010-12-10T06:40:33","guid":{"rendered":"http:\/\/www.au-pays-des-merveilles.com\/blog\/?p=7639"},"modified":"2020-08-31T15:06:01","modified_gmt":"2020-08-31T14:06:01","slug":"hung-saison-1-dvd","status":"publish","type":"post","link":"https:\/\/www.au-pays-des-merveilles.com\/blog\/2010\/12\/10\/hung-saison-1-dvd\/","title":{"rendered":"HUNG, la s\u00e9rie qui d\u00e9croche !"},"content":{"rendered":"<p style=\"text-align: justify;\"><a href=\"https:\/\/www.au-pays-des-merveilles.com\/blog\/wp-content\/uploads\/2010\/12\/image3.png\"><img loading=\"lazy\" decoding=\"async\" style=\"background-image: none; margin: 0px 0px 0px 30px; padding-left: 0px; padding-right: 0px; display: inline; float: right; padding-top: 0px; border: 0px;\" title=\"image\" src=\"https:\/\/www.au-pays-des-merveilles.com\/blog\/wp-content\/uploads\/2010\/12\/image_thumb3.png\" alt=\"image\" width=\"284\" height=\"386\" align=\"right\" border=\"0\" \/><\/a>Il y a plusieurs ann\u00e9es, Ray Drecker (<strong>Thomas Jane<\/strong>) avait tout pour lui. Il \u00e9tait athl\u00e9tique, populaire et destin\u00e9 au succ\u00e8s\u2026<\/p>\n<p style=\"text-align: justify;\">Aujourd\u2019hui, il est entra\u00eeneur de l\u2019\u00e9quipe de basket d\u2019un lyc\u00e9e. Il est sous pay\u00e9, sans assurances et r\u00e9cemment divorc\u00e9. Seul, surmen\u00e9 et ne sachant plus que faire, il devra s\u2019orienter vers une nouvelle vocation et travailler d\u2019arrache pied, afin de subvenir aux besoins de ses enfants.<\/p>\n<p style=\"text-align: justify;\">Sa nouvelle vocation : faire le gigolo ! Oui il se rend compte qu\u2019il est bien mont\u00e9 et qu\u2019il peut se servir de son \u201cdon\u201d pour donner du bonheur aux femmes le coquinou ! Sauf que ce n\u2019est pas si facile qu\u2019il le croit !!<\/p>\n<p style=\"text-align: justify;\">Cette histoire est retranscrite dans une nouvelle s\u00e9rie : <a href=\"http:\/\/www.amazon.fr\/gp\/product\/B0042U2HU0?ie=UTF8&amp;tag=aupaysdesmerv-21&amp;linkCode=as2&amp;camp=1642&amp;creative=19458&amp;creativeASIN=B0042U2HU0\" rel=\"nofollow\">Hung <\/a><img loading=\"lazy\" decoding=\"async\" style=\"margin: 0px;\" src=\"http:\/\/www.assoc-amazon.fr\/e\/ir?t=aupaysdesmerv-21&amp;l=as2&amp;o=8&amp;a=B0042U2HU0\" alt=\"\" width=\"1\" height=\"1\" border=\"0\" \/> . C\u2019est une s\u00e9rie pour le moins originale, anti-conformiste et touchante. On ne s\u2019ennuie pas, c\u2019est dr\u00f4le et on est loin des images bien l\u00e9ch\u00e9es d\u2019autres s\u00e9ries am\u00e9ricaines.<\/p>\n<p style=\"text-align: justify;\"><a href=\"https:\/\/www.au-pays-des-merveilles.com\/blog\/wp-content\/uploads\/2010\/12\/image4.png\"><img loading=\"lazy\" decoding=\"async\" style=\"background-image: none; margin: 0px 30px 0px 0px; padding-left: 0px; padding-right: 0px; display: inline; float: left; padding-top: 0px; border: 0px;\" title=\"image\" src=\"https:\/\/www.au-pays-des-merveilles.com\/blog\/wp-content\/uploads\/2010\/12\/image_thumb4.png\" alt=\"image\" width=\"220\" height=\"326\" align=\"left\" border=\"0\" \/><\/a>Je me suis faite la saison 1 en quelques heures \u2026 on commence \u00e0 voir deux \u00e9pisodes \u2026 puis trois \u2026 et finalement on se mate les 10 \u00e9pisodes tellement on a envie de savoir ce qu\u2019il va arriver \u00e0 ce cher Ray qui est franchement pas mal (faut le dire !) et qui, avec toutes ces histoires, fait rire ! Alors par contre, mieux vaut regarder la s\u00e9rie en VO parce qu\u2019en fran\u00e7ais, comme d\u2019hab, c\u2019est pas franchement terrible ! Et good news dans <strong>le DVD de la saison 1 <\/strong>qui est <strong>sorti depuis le 1er d\u00e9cembre<\/strong>, vous avez le choix de regarder les \u00e9pisodes en VO sous titr\u00e9 !<\/p>\n<p style=\"text-align: justify;\">Les autres r\u00f4les ne sont pas du tout n\u00e9gligeables puisque ce sont des femmes ! J\u2019adore le r\u00f4le de la maquerelle Tanya incarn\u00e9e par <strong>Jane Adams<\/strong> tellement attachante, son ex-femme Jessica interpr\u00e9t\u00e9e par la ravissante<strong> Anne Heche<\/strong> , et la peste mais somptueuse Lenore Lenore (<strong>Rebecca Creskoff<\/strong>), une conseill\u00e8re de mode qui a ses entr\u00e9es chez les femmes fortun\u00e9es de la ville.<\/p>\n<p><a href=\"https:\/\/www.au-pays-des-merveilles.com\/blog\/wp-content\/uploads\/2010\/12\/image5.png\"><img loading=\"lazy\" decoding=\"async\" style=\"background-image: none; margin: 15px auto; padding-left: 0px; padding-right: 0px; display: block; float: none; padding-top: 0px; border: 0px;\" title=\"image\" src=\"https:\/\/www.au-pays-des-merveilles.com\/blog\/wp-content\/uploads\/2010\/12\/image_thumb5.png\" alt=\"image\" width=\"644\" height=\"428\" border=\"0\" \/><\/a><\/p>\n<p style=\"text-align: justify;\">Je trouve que c\u2019est un cadeau tip top pour No\u00ebl pour votre soeur, fr\u00e8re, ou copine \u2026 oui parce qu\u2019il y a des sc\u00e8nes un peu ol\u00e9 ol\u00e9, alors on \u00e9vite de l\u2019offrir \u00e0 belle-maman sauf si elle m\u00eame est rock n\u2019 roll !<\/p>\n<p style=\"text-align: justify;\"><a href=\"https:\/\/www.au-pays-des-merveilles.com\/blog\/wp-content\/uploads\/2010\/12\/image6.png\"><img loading=\"lazy\" decoding=\"async\" style=\"background-image: none; margin: 15px auto; padding-left: 0px; padding-right: 0px; display: block; float: none; padding-top: 0px; border: 0px;\" title=\"image\" src=\"https:\/\/www.au-pays-des-merveilles.com\/blog\/wp-content\/uploads\/2010\/12\/image_thumb6.png\" alt=\"image\" width=\"325\" height=\"484\" border=\"0\" \/><\/a>La s\u00e9rie est diffus\u00e9e sur HBO aux Etats-Unis (la m\u00eame chaine qui a r\u00e9v\u00e9l\u00e9 des grosses s\u00e9ries comme Sex and the City, True Blood \u2026) et en France la saison 2 est diffus\u00e9e sur Orange Cinemax <em>(alors je vous raconte pas, cet apr\u00e8s-midi je serais dans le train en direction de Nice \u2026 et j\u2019ai h\u00e2te parce que je vais pouvoir regarder \u00e7a chez mes parents !! hi hi !!)<\/em><\/p>\n<p style=\"text-align: justify;\">\n<div id=\"scid:5737277B-5D6D-4f48-ABFC-DD9C333F4C5D:5e65a8fe-88ad-4137-bd5f-269dbb37cc31\" class=\"wlWriterEditableSmartContent\" style=\"padding: 3px 0px 0px; margin: 0px auto; width: 448px; display: block; float: none;\">\n<div><\/div>\n<\/div>\n<p>&nbsp;<\/p>\n<p style=\"text-align: right;\"><em>Une belle surprise ! \u2026 et vous vous connaissiez cette s\u00e9rie ?<\/em><\/p>\n<p style=\"text-align: right;\"><em>Site officiel : <a rel=\"nofollow noopener noreferrer\" href=\"https:\/\/www.hbo.com\/hung\/index\" target=\"_blank\" class=\"broken_link\">HUNG<\/a><\/em><\/p>\n<p style=\"text-align: right;\"><em>Un \u00e9norme MERCI \u00e0 L\u00e9a de <a rel=\"nofollow noopener noreferrer\" href=\"http:\/\/fr.waytoblue.com\/\" target=\"_blank\" class=\"broken_link\">Way To Blue<\/a> pour la d\u00e9couverte ! <img src=\"https:\/\/www.au-pays-des-merveilles.com\/blog\/wp-includes\/images\/smilies\/3.gif\" alt=\";)\" class=\"wp-smiley\" style=\"height: 1em; max-height: 1em;\" \/><\/em><\/p>\n","protected":false},"excerpt":{"rendered":"<p>Il y a plusieurs ann\u00e9es, Ray Drecker (Thomas Jane) avait tout pour lui. Il \u00e9tait athl\u00e9tique, populaire et destin\u00e9 au succ\u00e8s\u2026 Aujourd\u2019hui, il est entra\u00eeneur de l\u2019\u00e9quipe de basket d\u2019un lyc\u00e9e. Il est sous pay\u00e9, sans assurances et r\u00e9cemment divorc\u00e9. Seul, surmen\u00e9 et ne sachant plus que faire, il devra s\u2019orienter vers une nouvelle vocation<\/p>\n","protected":false},"author":1,"featured_media":0,"comment_status":"open","ping_status":"open","sticky":false,"template":"","format":"standard","meta":{"footnotes":""},"categories":[20,1694],"tags":[260,315,314,1688],"class_list":["post-7639","post","type-post","status-publish","format-standard","hentry","category-buzz","category-films-series","tag-dvd","tag-hbo","tag-hung","tag-series"],"_links":{"self":[{"href":"https:\/\/www.au-pays-des-merveilles.com\/blog\/wp-json\/wp\/v2\/posts\/7639","targetHints":{"allow":["GET"]}}],"collection":[{"href":"https:\/\/www.au-pays-des-merveilles.com\/blog\/wp-json\/wp\/v2\/posts"}],"about":[{"href":"https:\/\/www.au-pays-des-merveilles.com\/blog\/wp-json\/wp\/v2\/types\/post"}],"author":[{"embeddable":true,"href":"https:\/\/www.au-pays-des-merveilles.com\/blog\/wp-json\/wp\/v2\/users\/1"}],"replies":[{"embeddable":true,"href":"https:\/\/www.au-pays-des-merveilles.com\/blog\/wp-json\/wp\/v2\/comments?post=7639"}],"version-history":[{"count":0,"href":"https:\/\/www.au-pays-des-merveilles.com\/blog\/wp-json\/wp\/v2\/posts\/7639\/revisions"}],"wp:attachment":[{"href":"https:\/\/www.au-pays-des-merveilles.com\/blog\/wp-json\/wp\/v2\/media?parent=7639"}],"wp:term":[{"taxonomy":"category","embeddable":true,"href":"https:\/\/www.au-pays-des-merveilles.com\/blog\/wp-json\/wp\/v2\/categories?post=7639"},{"taxonomy":"post_tag","embeddable":true,"href":"https:\/\/www.au-pays-des-merveilles.com\/blog\/wp-json\/wp\/v2\/tags?post=7639"}],"curies":[{"name":"wp","href":"https:\/\/api.w.org\/{rel}","templated":true}]}}