{"id":7653,"date":"2010-12-14T07:03:48","date_gmt":"2010-12-14T06:03:48","guid":{"rendered":"http:\/\/www.au-pays-des-merveilles.com\/blog\/?p=7653"},"modified":"2019-03-22T17:17:29","modified_gmt":"2019-03-22T15:17:29","slug":"soin-yon-ka","status":"publish","type":"post","link":"https:\/\/www.au-pays-des-merveilles.com\/blog\/2010\/12\/14\/soin-yon-ka\/","title":{"rendered":"Ma bulle de bien-\u00eatre \u00e0 Paris c&rsquo;est Yon-Ka"},"content":{"rendered":"<p style=\"text-align: justify;\">La semaine derni\u00e8re, je suis entr\u00e9e dans une bulle de bien-\u00eatre et de z\u00e9nitude en plein coeur de Paris : l\u2019espace Yon-Ka.<\/p>\n<p style=\"text-align: justify;\">Ouvert depuis 2003, ce spa d\u2019exception face au Bon March\u00e9, est le temple des ar\u00f4mes et des soins phyto-aromatiques tr\u00e8s sp\u00e9cifiques de la marque.<br \/>\nEn 2010, il se transforme pour offrir un voyage polysensoriel encore plus atypique et riche en \u00e9motions : 400 m\u00b2 d\u00e9di\u00e9 \u00e0 la d\u00e9tente, 2 espaces de repos, 11 nouvelles cabines (dont une cabine double), un pedispa et un espace manucure enti\u00e8rement r\u00e9am\u00e9nag\u00e9s pour accueillir la large palette de soins Yon-Ka.<\/p>\n<p style=\"text-align: justify;\">C\u2019est un monde \u00e0 part. On d\u00e9connecte et on se sent bien.<\/p>\n<p style=\"text-align: justify;\">Un large choix de soins est propos\u00e9 :<\/p>\n<p style=\"text-align: justify;\"><strong>&#8211; beaut\u00e9 des pieds : <\/strong>d\u00e8s l\u2019entr\u00e9e, la toute nouvelle cabine \u00e9quip\u00e9e d\u2019un pedispa invite au bien-\u00eatre.<br \/>\n<strong>&#8211; d\u00e9tente profonde :<\/strong> le massage du corps Aroma-Luxe et l\u2019Aroma-Stone aux pierres volcaniques chaudes et froides font perdre la notion du temps.<br \/>\n<strong>&#8211; massages venus d\u2019ailleurs : <\/strong>allong\u00e9 sur le sol dans une ambiance zen in\u00e9dite, on laisse la professionnelle du shiatsu et du massage tha\u00ef d\u00e9nouer toutes les tensions.<br \/>\n<strong>&#8211; d\u00e9toxination : <\/strong>inspir\u00e9 des bains de sable japonais, le Iyashid\u00f4me d\u00e9toxine en profondeur ; le hammam suivi d\u2019un gommage au sel de Gu\u00e9rande et huiles essentielles fait une peau divinement douce \u2026 la chromobaln\u00e9o est \u00ab l\u2019\u00e9chapp\u00e9e thalasso \u00bb en ville\u2026<\/p>\n<p><a href=\"https:\/\/www.au-pays-des-merveilles.com\/blog\/wp-content\/uploads\/2010\/12\/image8.png\"><img loading=\"lazy\" decoding=\"async\" style=\"background-image: none; margin: 15px auto; padding-left: 0px; padding-right: 0px; display: block; float: none; padding-top: 0px; border: 0px;\" title=\"image\" src=\"https:\/\/www.au-pays-des-merveilles.com\/blog\/wp-content\/uploads\/2010\/12\/image_thumb8.png\" border=\"0\" alt=\"image\" width=\"324\" height=\"484\" \/><\/a><\/p>\n<p style=\"text-align: justify;\">Pour ma premi\u00e8re dans cet espace, j\u2019ai eu la chance de tester un soin pour le moins original : le soin <strong>Aroma Stone<\/strong>. Je crois que c\u2019est un des soins pour le corps que j\u2019ai le plus appr\u00e9ci\u00e9 depuis tous mes tests ! Ce soin utilise les pierres volcaniques chaudes et froides, des pr\u00e9parations aromatiques ultra hydratantes, et des modelages enveloppants et relaxants.<\/p>\n<p style=\"text-align: justify;\">Une grande qualit\u00e9 du site Yon-Ka est qu\u2019il vous explique les diff\u00e9rentes \u00e9tapes de votre soin. Ainsi, je savais \u00e0 peu pr\u00e8s \u00e0 quoi m\u2019attendre avant le soin. Mais j\u2019\u00e9tais loin d\u2019imaginer le bien-\u00eatre que \u00e7a allait me procurer. Corinne, ma charmante esth\u00e9ticienne, m\u2019a d\u00e9maquill\u00e9, appliqu\u00e9 une compresse aromatique au visage et aux pieds, a r\u00e9alis\u00e9 le modelage aux pierres chaudes et aux huiles essentielles, a ensuite appliqu\u00e9 la compresse chaude du dos, et vers la fin du soin, m\u2019a r\u00e9veill\u00e9 \u00e9nerg\u00e9tiquement grace aux pierres froides, et \u00e0 la stimulation olfactive.<\/p>\n<p style=\"text-align: justify;\">Quand Corinne m\u2019a demand\u00e9 ce que je pensais du soin, le premier mot qui m\u2019est venu \u00e9tait \u201csurprenant\u201d ! Je n\u2019aurais jamais pens\u00e9 qu\u2019un jour je me serais faite masser \u00e0 l\u2019aide de pierres ! Il faut avouer que la chaleur de ces pierres surprend puisqu\u2019elles sont tremp\u00e9es dans une eau \u00e0 50\u00b0 environ mais pour autant ce n\u2019est pas d\u00e9sagr\u00e9able, au contraire. J\u2019\u00e9tais tellement zen que j\u2019ai failli m\u2019endormir. Le r\u00e9veil par les pierres froides est vraiment bienfaiteur sinon c\u2019est s\u00fbr je me serais endormie !!<\/p>\n<p style=\"text-align: justify;\">A la fin du soin, Corinne propose de m\u2019installer dans un petit salon cocoon avec une tisane en feuilles histoire de prolonger la qui\u00e9tude et la douceur du soin prodigu\u00e9.<\/p>\n<p style=\"text-align: justify;\">J\u2019\u00e9tais dans ma bulle !<\/p>\n<p><a href=\"https:\/\/www.au-pays-des-merveilles.com\/blog\/wp-content\/uploads\/2010\/12\/image9.png\"><img loading=\"lazy\" decoding=\"async\" style=\"background-image: none; margin: 15px auto; padding-left: 0px; padding-right: 0px; display: block; float: none; padding-top: 0px; border: 0px;\" title=\"image\" src=\"https:\/\/www.au-pays-des-merveilles.com\/blog\/wp-content\/uploads\/2010\/12\/image_thumb9.png\" border=\"0\" alt=\"image\" width=\"324\" height=\"484\" \/><\/a><\/p>\n<p style=\"text-align: justify;\">Alors certes, cette bulle de bien-\u00eatre a un prix : 130 \u20ac. Mais en m\u00eame temps, le soin dure 1h30, le lieu est un \u00e9merveillement, l\u2019endroit est situ\u00e9 dans les beaux quartiers et on est totalement pris en charge d\u00e8s notre arriv\u00e9e, ce qui est vraiment tr\u00e8s appr\u00e9ciable ! Un vrai petit luxe \u00e0 offrir ou \u00e0 se faire offrir pour d\u00e9connecter du tumulte parisien.<\/p>\n<p style=\"text-align: justify;\"><em>Je ne vous explique pas la difficult\u00e9 de retourner dans le m\u00e9tro apr\u00e8s un tel moment !!<\/em><\/p>\n<p style=\"text-align: right;\"><em>Un \u00c9NORME MERCI \u00e0 Corinne et ses doigts de f\u00e9e, \u00e0 Sophie pour son accueil, et \u00e0 la d\u00e9licieuse Alice de Vianova. <\/em><\/p>\n","protected":false},"excerpt":{"rendered":"<p>La semaine derni\u00e8re, je suis entr\u00e9e dans une bulle de bien-\u00eatre et de z\u00e9nitude en plein coeur de Paris : l\u2019espace Yon-Ka. Ouvert depuis 2003, ce spa d\u2019exception face au Bon March\u00e9, est le temple des ar\u00f4mes et des soins phyto-aromatiques tr\u00e8s sp\u00e9cifiques de la marque. En 2010, il se transforme pour offrir un voyage<\/p>\n","protected":false},"author":1,"featured_media":0,"comment_status":"open","ping_status":"open","sticky":false,"template":"","format":"standard","meta":{"footnotes":""},"categories":[6,20],"tags":[49,243,322,51,321,162,74,320],"class_list":["post-7653","post","type-post","status-publish","format-standard","hentry","category-beautiful-girl","category-buzz","tag-beaute","tag-bien-etre","tag-huiles-aromatiques","tag-massage","tag-modelages","tag-paris","tag-soins","tag-yon-ka"],"_links":{"self":[{"href":"https:\/\/www.au-pays-des-merveilles.com\/blog\/wp-json\/wp\/v2\/posts\/7653","targetHints":{"allow":["GET"]}}],"collection":[{"href":"https:\/\/www.au-pays-des-merveilles.com\/blog\/wp-json\/wp\/v2\/posts"}],"about":[{"href":"https:\/\/www.au-pays-des-merveilles.com\/blog\/wp-json\/wp\/v2\/types\/post"}],"author":[{"embeddable":true,"href":"https:\/\/www.au-pays-des-merveilles.com\/blog\/wp-json\/wp\/v2\/users\/1"}],"replies":[{"embeddable":true,"href":"https:\/\/www.au-pays-des-merveilles.com\/blog\/wp-json\/wp\/v2\/comments?post=7653"}],"version-history":[{"count":0,"href":"https:\/\/www.au-pays-des-merveilles.com\/blog\/wp-json\/wp\/v2\/posts\/7653\/revisions"}],"wp:attachment":[{"href":"https:\/\/www.au-pays-des-merveilles.com\/blog\/wp-json\/wp\/v2\/media?parent=7653"}],"wp:term":[{"taxonomy":"category","embeddable":true,"href":"https:\/\/www.au-pays-des-merveilles.com\/blog\/wp-json\/wp\/v2\/categories?post=7653"},{"taxonomy":"post_tag","embeddable":true,"href":"https:\/\/www.au-pays-des-merveilles.com\/blog\/wp-json\/wp\/v2\/tags?post=7653"}],"curies":[{"name":"wp","href":"https:\/\/api.w.org\/{rel}","templated":true}]}}