{"id":7669,"date":"2010-12-15T06:53:47","date_gmt":"2010-12-15T05:53:47","guid":{"rendered":"http:\/\/www.au-pays-des-merveilles.com\/blog\/?p=7669"},"modified":"2020-08-31T15:06:24","modified_gmt":"2020-08-31T14:06:24","slug":"gamme-shampoing-cheveux-sec-le-petit-marseillais","status":"publish","type":"post","link":"https:\/\/www.au-pays-des-merveilles.com\/blog\/2010\/12\/15\/gamme-shampoing-cheveux-sec-le-petit-marseillais\/","title":{"rendered":"Un peu d&rsquo;\u00e9t\u00e9 dans mes cheveux cet hiver !"},"content":{"rendered":"<p style=\"text-align: justify;\"><a href=\"https:\/\/www.au-pays-des-merveilles.com\/blog\/wp-content\/uploads\/2010\/12\/image10.png\"><img loading=\"lazy\" decoding=\"async\" style=\"background-image: none; margin: 15px auto; padding-left: 0px; padding-right: 0px; display: block; float: none; padding-top: 0px; border: 0px;\" title=\"image\" src=\"https:\/\/www.au-pays-des-merveilles.com\/blog\/wp-content\/uploads\/2010\/12\/image_thumb10.png\" border=\"0\" alt=\"image\" width=\"643\" height=\"484\" \/><\/a><\/p>\n<p style=\"text-align: justify;\">Pas la peine de vous dire qu\u2019en ce moment avec froid, mes cheveux sont plus secs, limite \u00e7a fait des petites fourches sur toute la longueur et je n\u2019arrive pas \u00e0 les coiffer.<\/p>\n<p style=\"text-align: justify;\">Mais c\u2019\u00e9tait sans compter la nouvelle gamme pour les cheveux secs de <a rel=\"nofollow noopener noreferrer\" href=\"http:\/\/www.lepetitmarseillais.com\/\" target=\"_blank\">Le Petit Marseillais<\/a> : un programme sur mesure de 5 soins destin\u00e9s \u00e0 nourrir et \u00e0 r\u00e9parer les cheveux. L\u2019efficacit\u00e9 de cette nouvelle gamme a \u00e9t\u00e9 prouv\u00e9e via des \u00e9tudes cliniques sous contr\u00f4le dermatologique.<\/p>\n<p style=\"text-align: justify;\"><a href=\"https:\/\/www.au-pays-des-merveilles.com\/blog\/wp-content\/uploads\/2010\/12\/image11.png\"><img loading=\"lazy\" decoding=\"async\" style=\"background-image: none; padding-left: 0px; padding-right: 0px; display: inline; float: left; padding-top: 0px; border: 0px;\" title=\"image\" src=\"https:\/\/www.au-pays-des-merveilles.com\/blog\/wp-content\/uploads\/2010\/12\/image_thumb11.png\" border=\"0\" alt=\"image\" width=\"170\" height=\"240\" align=\"left\" \/><\/a>Comment \u00e7a se passe ? \u00e7a se passe que, petit (1), on se lave les cheveux avec le <strong>Shampooing soin<\/strong> au lait de karit\u00e9 et au miel : enrichie en agents nourrissants et r\u00e9parateurs, sa nouvelle formule apporte un soin sp\u00e9cifique aux cheveux secs. Sa mousse g\u00e9n\u00e9reuse enveloppe les cheveux de\u00a0 douceur et son parfum gourmand procure un v\u00e9ritable moment de plaisir. Nourris et r\u00e9par\u00e9s, les cheveux retrouvent douceur et souplesse. (<em>Flacon 250 ml &#8211; Prix estim\u00e9 : 2,80 euros<\/em>).<\/p>\n<p style=\"text-align: justify;\"><a href=\"https:\/\/www.au-pays-des-merveilles.com\/blog\/wp-content\/uploads\/2010\/12\/image12.png\"><img loading=\"lazy\" decoding=\"async\" style=\"background-image: none; padding-left: 0px; padding-right: 0px; display: inline; float: right; padding-top: 0px; border: 0px;\" title=\"image\" src=\"https:\/\/www.au-pays-des-merveilles.com\/blog\/wp-content\/uploads\/2010\/12\/image_thumb12.png\" border=\"0\" alt=\"image\" width=\"170\" height=\"240\" align=\"right\" \/><\/a>Petit (2), on d\u00e9m\u00eale ses cheveux secs en une minute grace \u00e0 l\u2019<strong>Apr\u00e8s-shampooing<\/strong> au beurre de karit\u00e9 et au miel. Sa texture l\u00e9g\u00e8re et fondante se r\u00e9partit facilement sur l\u2019ensemble des cheveux et les d\u00e9m\u00eale sans les alourdir. (<em>Tube de 200 ml &#8211; Prix estim\u00e9 : 2,80 euros<\/em>).<\/p>\n<p style=\"text-align: justify;\"><a href=\"https:\/\/www.au-pays-des-merveilles.com\/blog\/wp-content\/uploads\/2010\/12\/image13.png\"><img loading=\"lazy\" decoding=\"async\" style=\"background-image: none; margin: 15px 14px 15px 0px; padding-left: 0px; padding-right: 0px; display: inline; float: left; padding-top: 0px; border: 0px;\" title=\"image\" src=\"https:\/\/www.au-pays-des-merveilles.com\/blog\/wp-content\/uploads\/2010\/12\/image_thumb13.png\" border=\"0\" alt=\"image\" width=\"160\" height=\"146\" align=\"left\" \/><\/a>Petit (3), on chouchoute ses cheveux en appliquant le <strong>Masque soin<\/strong> au beurre de karit\u00e9 et au miel : gorg\u00e9 de beurre de karit\u00e9 et d\u2019ingr\u00e9dients nutritifs et r\u00e9parateurs, ce masque capillaire hydrate et nourrit intens\u00e9ment les fibres endommag\u00e9es du cheveu. En 3 minutes, sa texture beurre gourmande enveloppe les cheveux pour prendre soin de leur fibre. Nourris intens\u00e9ment et r\u00e9par\u00e9s, les cheveux sont fortifi\u00e9s. (<em>Pot de 300 ml &#8211; Prix estim\u00e9 : 4,90 euros<\/em>).<\/p>\n<p style=\"text-align: justify;\"><a href=\"https:\/\/www.au-pays-des-merveilles.com\/blog\/wp-content\/uploads\/2010\/12\/image14.png\"><img loading=\"lazy\" decoding=\"async\" style=\"background-image: none; padding-left: 0px; padding-right: 0px; display: inline; float: right; padding-top: 0px; border: 0px;\" title=\"image\" src=\"https:\/\/www.au-pays-des-merveilles.com\/blog\/wp-content\/uploads\/2010\/12\/image_thumb14.png\" border=\"0\" alt=\"image\" width=\"170\" height=\"240\" align=\"right\" \/><\/a>Petit (4), on rince \u00e0 l\u2019eau ti\u00e8de, on s\u00e8che ses cheveux et on facilite le coiffage avec la <strong>Cr\u00e8me de soin sans rin\u00e7age <\/strong>au lait de karit\u00e9 et au miel : enrichie en agents nourrissants et gainants, cette recette in\u00e9dite nourrit et facilite le coiffage des cheveux secs. Cette cr\u00e8me de soin nourrissante sans rin\u00e7age s\u2019utilise au quotidien sur cheveux secs ou humides : un nouveau geste soin ultra pratique ! Sa texture l\u00e9g\u00e8re et fondante facilite sa r\u00e9partition et nourrit les cheveux sans les alourdir. (<em>Flacon de 200 ml &#8211; Prix estim\u00e9 : 3,80 euros<\/em>).<\/p>\n<p style=\"text-align: justify;\"><a href=\"https:\/\/www.au-pays-des-merveilles.com\/blog\/wp-content\/uploads\/2010\/12\/image15.png\"><img loading=\"lazy\" decoding=\"async\" style=\"background-image: none; padding-left: 0px; padding-right: 0px; display: inline; float: left; padding-top: 0px; border: 0px;\" title=\"image\" src=\"https:\/\/www.au-pays-des-merveilles.com\/blog\/wp-content\/uploads\/2010\/12\/image_thumb15.png\" border=\"0\" alt=\"image\" width=\"170\" height=\"240\" align=\"left\" \/><\/a>Enfin, petit (5), si les cheveux sont vraiment tr\u00e8s secs, on les soigne avec l\u2019<strong>Huile nutrition intense<\/strong> \u00e0 l\u2019huile de karit\u00e9 et huile d\u2019argan : cette huile enrichie en huile de karit\u00e9 et huile d\u2019argan nourrit intens\u00e9ment et r\u00e9pare les cheveux tr\u00e8s secs et les prot\u00e8ge du dess\u00e9chement. On peut l\u2019utiliser avant le shampooing pour nourrir intens\u00e9ment les cheveux en appliquant sur cheveux secs quelques pulv\u00e9risations sur les longueurs et les pointes. On D\u00e9m\u00eale les cheveux \u00e0 l\u2019aide d\u2019une brosse et on laisse poser 15 minutes. On rince et on proc\u00e8des au shampoo.<span style=\"color: #444444;\"> <\/span>C\u2019est prouv\u00e9 ! L\u2019huile nutrition intense Le Petit Marseillais am\u00e9liore de 42% la texture r\u00eache du cheveu. (<em>Flacon spray de 150 ml &#8211; Prix estim\u00e9 : 6,20 euros<\/em>).<\/p>\n<p style=\"text-align: justify;\">Je suis compl\u00e9tement addict au parfum riche et gourmand de ces soins cocoon qui font penser \u00e0 l\u2019\u00e9t\u00e9 ! Souvent dans le m\u00e9tro d\u2019ailleurs, je n\u2019h\u00e9site pas \u00e0 plonger mon nez dans mes cheveux histoire de respirer ces senteurs Lune de Miel (un d\u00e9licat parfum de miel, sur un bouquet de frangipanier, de ch\u00e8vrefeuille et de fleurs de p\u00eachers, soutenue par des notes musqu\u00e9es et ambr\u00e9es) ! Quant aux cheveux, sans mentir, j\u2019ai nettement remarqu\u00e9 qu\u2019ils \u00e9taient plus souples et plus doux. Je fais ma cr\u00e2neuse !<\/p>\n<p style=\"text-align: justify;\">C\u2019est un programme indispensable &amp; \u00e0 petit prix pour lutter contre les cheveux de paille surtout si vous utilisez beaucoup les fers \u00e0 friser ou \u00e0 lisser qui les fragilisent.<\/p>\n<p style=\"text-align: right;\"><em>Un grand MERCI \u00e0 Alice pour ces petites merveilles qui font sentir bon des cheveux !<\/em><\/p>\n","protected":false},"excerpt":{"rendered":"<p>Pas la peine de vous dire qu\u2019en ce moment avec froid, mes cheveux sont plus secs, limite \u00e7a fait des petites fourches sur toute la longueur et je n\u2019arrive pas \u00e0 les coiffer. Mais c\u2019\u00e9tait sans compter la nouvelle gamme pour les cheveux secs de Le Petit Marseillais : un programme sur mesure de 5<\/p>\n","protected":false},"author":1,"featured_media":0,"comment_status":"open","ping_status":"open","sticky":false,"template":"","format":"standard","meta":{"footnotes":""},"categories":[6,20],"tags":[73,71,247,319,325,110,324,326,323,74],"class_list":["post-7669","post","type-post","status-publish","format-standard","hentry","category-beautiful-girl","category-buzz","tag-cheveux","tag-ete","tag-hiver","tag-huile","tag-karite","tag-le-petit-marseillais","tag-masque","tag-miel","tag-shampoing","tag-soins"],"_links":{"self":[{"href":"https:\/\/www.au-pays-des-merveilles.com\/blog\/wp-json\/wp\/v2\/posts\/7669","targetHints":{"allow":["GET"]}}],"collection":[{"href":"https:\/\/www.au-pays-des-merveilles.com\/blog\/wp-json\/wp\/v2\/posts"}],"about":[{"href":"https:\/\/www.au-pays-des-merveilles.com\/blog\/wp-json\/wp\/v2\/types\/post"}],"author":[{"embeddable":true,"href":"https:\/\/www.au-pays-des-merveilles.com\/blog\/wp-json\/wp\/v2\/users\/1"}],"replies":[{"embeddable":true,"href":"https:\/\/www.au-pays-des-merveilles.com\/blog\/wp-json\/wp\/v2\/comments?post=7669"}],"version-history":[{"count":0,"href":"https:\/\/www.au-pays-des-merveilles.com\/blog\/wp-json\/wp\/v2\/posts\/7669\/revisions"}],"wp:attachment":[{"href":"https:\/\/www.au-pays-des-merveilles.com\/blog\/wp-json\/wp\/v2\/media?parent=7669"}],"wp:term":[{"taxonomy":"category","embeddable":true,"href":"https:\/\/www.au-pays-des-merveilles.com\/blog\/wp-json\/wp\/v2\/categories?post=7669"},{"taxonomy":"post_tag","embeddable":true,"href":"https:\/\/www.au-pays-des-merveilles.com\/blog\/wp-json\/wp\/v2\/tags?post=7669"}],"curies":[{"name":"wp","href":"https:\/\/api.w.org\/{rel}","templated":true}]}}