{"id":7724,"date":"2010-12-19T00:08:48","date_gmt":"2010-12-18T23:08:48","guid":{"rendered":"http:\/\/www.au-pays-des-merveilles.com\/blog\/?p=7724"},"modified":"2019-03-22T17:17:28","modified_gmt":"2019-03-22T15:17:28","slug":"ba-25-decembre-cinema-les-toiles-enchantees","status":"publish","type":"post","link":"https:\/\/www.au-pays-des-merveilles.com\/blog\/2010\/12\/19\/ba-25-decembre-cinema-les-toiles-enchantees\/","title":{"rendered":"Le 25 d\u00e9cembre, on fait notre BA : on va au cin\u00e9ma!"},"content":{"rendered":"<p><a href=\"https:\/\/www.au-pays-des-merveilles.com\/blog\/wp-content\/uploads\/2010\/12\/Capture.jpg\"><img loading=\"lazy\" decoding=\"async\" style=\"background-image: none; margin: 15px auto; padding-left: 0px; padding-right: 0px; display: block; float: none; padding-top: 0px; border: 0px;\" title=\"Capture\" src=\"https:\/\/www.au-pays-des-merveilles.com\/blog\/wp-content\/uploads\/2010\/12\/Capture_thumb.jpg\" border=\"0\" alt=\"Capture\" width=\"454\" height=\"621\" \/><\/a><\/p>\n<p style=\"text-align: justify;\">Le<strong> 25 d\u00e9cembre<\/strong>, dans toute la France, la profession cin\u00e9matographique, et plus particuli\u00e8rement les distributeurs de films et exploitants de salles de cin\u00e9ma se mobilisent.<\/p>\n<p style=\"text-align: justify;\"><strong>Pour chaque place de cin\u00e9ma achet\u00e9e le jour de No\u00ebl, une partie sera revers\u00e9e \u00e0 l\u2019association<\/strong> <a rel=\"nofollow\" rel=\"nofollow noopener noreferrer\" href=\"http:\/\/www.lestoilesenchantees.com\/#\/association\" target=\"_blank\">LES TOILES ENCHANTEES<\/a>.<\/p>\n<p style=\"text-align: justify;\">Cette initiative est soutenue par la F\u00e9d\u00e9ration Nationale des Distributeurs de Films et par la F\u00e9d\u00e9ration Nationale des Cin\u00e9mas Fran\u00e7ais. Pr\u00e9sid\u00e9e par Alain Chabat, l\u2019association <a rel=\"nofollow\" rel=\"nofollow noopener noreferrer\" href=\"http:\/\/www.lestoilesenchantees.com\/#\/association\" target=\"_blank\">LES TOILES ENCHANTEES<\/a> sillonne les routes de France et organise dans les h\u00f4pitaux des projections de films \u00e0 l&rsquo;affiche pour les enfants et les adolescents malades ou handicap\u00e9s.<\/p>\n<div id=\"scid:5737277B-5D6D-4f48-ABFC-DD9C333F4C5D:ecd83bdf-9225-4b10-ab0c-1a7f31311acb\" class=\"wlWriterEditableSmartContent\" style=\"padding: 0px; margin: 0px auto; width: 448px; display: block; float: none;\">\n<div><object classid=\"clsid:d27cdb6e-ae6d-11cf-96b8-444553540000\" width=\"448\" height=\"252\" codebase=\"http:\/\/download.macromedia.com\/pub\/shockwave\/cabs\/flash\/swflash.cab#version=6,0,40,0\"><param name=\"allowFullScreen\" value=\"true\" \/><param name=\"allowScriptAccess\" value=\"always\" \/><param name=\"src\" value=\"http:\/\/www.dailymotion.com\/swf\/x4yxe8&amp;related=0\" \/><param name=\"allowfullscreen\" value=\"true\" \/><embed type=\"application\/x-shockwave-flash\" width=\"448\" height=\"252\" src=\"http:\/\/www.dailymotion.com\/swf\/x4yxe8&amp;related=0\" allowscriptaccess=\"always\" allowfullscreen=\"true\"\/><\/object><\/div>\n<\/div>\n<p style=\"text-align: justify;\">Cette association propose gratuitement aux h\u00f4pitaux p\u00e9diatriques ainsi qu\u2019aux centres sp\u00e9cialis\u00e9s pour enfants et adolescents malades et handicap\u00e9s, depuis 1997 et dans toute la France, des projections de films r\u00e9cents, simultan\u00e9ment \u00e0 leur sortie en salle (voire parfois m\u00eame en avant-premi\u00e8re) et souvent en pr\u00e9sence des acteurs\/actrices et\/ou metteurs en sc\u00e8ne et ce, sur un \u00e9cran g\u00e9ant mont\u00e9 pour l\u2019occasion.<\/p>\n<p><a href=\"https:\/\/www.au-pays-des-merveilles.com\/blog\/wp-content\/uploads\/2010\/12\/txt-chabat-copie.jpg\"><img loading=\"lazy\" decoding=\"async\" style=\"background-image: none; margin: 15px auto; padding-left: 0px; padding-right: 0px; display: block; float: none; padding-top: 0px; border: 0px;\" title=\"txt-chabat - copie\" src=\"https:\/\/www.au-pays-des-merveilles.com\/blog\/wp-content\/uploads\/2010\/12\/txt-chabat-copie_thumb.jpg\" border=\"0\" alt=\"txt-chabat - copie\" width=\"339\" height=\"340\" \/><\/a><\/p>\n<p style=\"text-align: right;\"><em>Alors le 25, on va voir quoi ?!<\/em><\/p>\n","protected":false},"excerpt":{"rendered":"<p>Le 25 d\u00e9cembre, dans toute la France, la profession cin\u00e9matographique, et plus particuli\u00e8rement les distributeurs de films et exploitants de salles de cin\u00e9ma se mobilisent. Pour chaque place de cin\u00e9ma achet\u00e9e le jour de No\u00ebl, une partie sera revers\u00e9e \u00e0 l\u2019association LES TOILES ENCHANTEES. Cette initiative est soutenue par la F\u00e9d\u00e9ration Nationale des Distributeurs de<\/p>\n","protected":false},"author":1,"featured_media":0,"comment_status":"open","ping_status":"open","sticky":false,"template":"","format":"standard","meta":{"footnotes":""},"categories":[20,5],"tags":[70],"class_list":["post-7724","post","type-post","status-publish","format-standard","hentry","category-buzz","category-cinema-musique-livres","tag-cinema"],"_links":{"self":[{"href":"https:\/\/www.au-pays-des-merveilles.com\/blog\/wp-json\/wp\/v2\/posts\/7724","targetHints":{"allow":["GET"]}}],"collection":[{"href":"https:\/\/www.au-pays-des-merveilles.com\/blog\/wp-json\/wp\/v2\/posts"}],"about":[{"href":"https:\/\/www.au-pays-des-merveilles.com\/blog\/wp-json\/wp\/v2\/types\/post"}],"author":[{"embeddable":true,"href":"https:\/\/www.au-pays-des-merveilles.com\/blog\/wp-json\/wp\/v2\/users\/1"}],"replies":[{"embeddable":true,"href":"https:\/\/www.au-pays-des-merveilles.com\/blog\/wp-json\/wp\/v2\/comments?post=7724"}],"version-history":[{"count":0,"href":"https:\/\/www.au-pays-des-merveilles.com\/blog\/wp-json\/wp\/v2\/posts\/7724\/revisions"}],"wp:attachment":[{"href":"https:\/\/www.au-pays-des-merveilles.com\/blog\/wp-json\/wp\/v2\/media?parent=7724"}],"wp:term":[{"taxonomy":"category","embeddable":true,"href":"https:\/\/www.au-pays-des-merveilles.com\/blog\/wp-json\/wp\/v2\/categories?post=7724"},{"taxonomy":"post_tag","embeddable":true,"href":"https:\/\/www.au-pays-des-merveilles.com\/blog\/wp-json\/wp\/v2\/tags?post=7724"}],"curies":[{"name":"wp","href":"https:\/\/api.w.org\/{rel}","templated":true}]}}