{"id":773,"date":"2008-06-17T07:00:46","date_gmt":"2008-06-17T05:00:46","guid":{"rendered":"http:\/\/www.au-pays-des-merveilles.com\/blog\/?p=773"},"modified":"2019-04-28T12:19:14","modified_gmt":"2019-04-28T10:19:14","slug":"internet-explorer-ou-firefox","status":"publish","type":"post","link":"https:\/\/www.au-pays-des-merveilles.com\/blog\/2008\/06\/17\/internet-explorer-ou-firefox\/","title":{"rendered":"Internet Explorer ou Firefox ?"},"content":{"rendered":"<p><a href=\"https:\/\/www.au-pays-des-merveilles.com\/blog\/wp-content\/uploads\/2008\/06\/firefox-vs-internet-explorer.jpg\"><img loading=\"lazy\" decoding=\"async\" src=\"https:\/\/www.au-pays-des-merveilles.com\/blog\/wp-content\/uploads\/2008\/06\/firefox-vs-internet-explorer-thumb.jpg\" alt=\"firefox-vs-internet-explorer\" width=\"220\" height=\"213\" align=\"left\" \/><\/a> Aujourd&rsquo;hui a lieu le lancement de la nouvelle version Firefox, la 3.<\/p>\n<p>Pour l&rsquo;occasion, Spreadfirefox a instaur\u00e9 le<a href=\"https:\/\/www.au-pays-des-merveilles.com\/blog\/wp-content\/uploads\/2008\/06\/firefox-vs-internet-explorer1.jpg\"> Firefox Download Day<\/a> o\u00f9 chaque internaute s&rsquo;engage \u00e0 t\u00e9l\u00e9charger le logiciel histoire de contribuer \u00e0 un record du monde !<\/p>\n<p>\u00ab\u00a0<em>T\u00e9l\u00e9chargez Firefox pendant le Download Day pour profiter de plus de s\u00e9curit\u00e9, des performances incroyables, et de nouvelles fonctionnalit\u00e9s qui changeront la mani\u00e8re dont vous utilisez le Web<\/em>\u00a0\u00bb<\/p>\n<p>Evidemment, je me suis inscrite ! Mais en fait je ne connais pas trop ce truc ! je ne connais qu&rsquo;Internet Explorer et je vous avoue qu&rsquo;il y a pas mal de bugs. Alors je m&rsquo;en remets \u00e0 vous ! est ce qu&rsquo;ici il y a des utilisateurs de Firefox ? et si oui, de me dire pourquoi vous avez choisi ce syst\u00e8me de navigation ?<\/p>\n<p>J&rsquo;ai trouv\u00e9 un comparatif l\u00e0 : mais il n&rsquo;est plus tr\u00e8s jeune, il date de 2004 !<\/p>\n<p>Qui participe au FDD ?<\/p>\n<p><em><span style=\"font-size: xx-small;\">Cr\u00e9dits photo : <\/span><\/em><em><span style=\"font-size: xx-small;\">http:\/\/www.miwim.fr<\/span><\/em><\/p>\n<p style=\"text-align: center;\">******<\/p>\n<p align=\"center\"><span style=\"text-decoration: underline;\">Petit bonheur du jour<\/span> : changement de programme pour les vacances cet \u00e9t\u00e9 avec mister loulou, plus de Vend\u00e9e mais une destination bien plus jolie &#8230; on y r\u00e9fl\u00e9chit &#8230; <img src=\"https:\/\/www.au-pays-des-merveilles.com\/blog\/wp-includes\/images\/smilies\/3.gif\" alt=\";)\" class=\"wp-smiley\" style=\"height: 1em; max-height: 1em;\" \/><\/p>\n","protected":false},"excerpt":{"rendered":"<p>Aujourd&rsquo;hui a lieu le lancement de la nouvelle version Firefox, la 3. Pour l&rsquo;occasion, Spreadfirefox a instaur\u00e9 le Firefox Download Day o\u00f9 chaque internaute s&rsquo;engage \u00e0 t\u00e9l\u00e9charger le logiciel histoire de contribuer \u00e0 un record du monde ! \u00ab\u00a0T\u00e9l\u00e9chargez Firefox pendant le Download Day pour profiter de plus de s\u00e9curit\u00e9, des performances incroyables, et de<\/p>\n","protected":false},"author":1,"featured_media":0,"comment_status":"open","ping_status":"open","sticky":false,"template":"","format":"standard","meta":{"footnotes":""},"categories":[7],"tags":[],"class_list":["post-773","post","type-post","status-publish","format-standard","hentry","category-geekeries"],"_links":{"self":[{"href":"https:\/\/www.au-pays-des-merveilles.com\/blog\/wp-json\/wp\/v2\/posts\/773","targetHints":{"allow":["GET"]}}],"collection":[{"href":"https:\/\/www.au-pays-des-merveilles.com\/blog\/wp-json\/wp\/v2\/posts"}],"about":[{"href":"https:\/\/www.au-pays-des-merveilles.com\/blog\/wp-json\/wp\/v2\/types\/post"}],"author":[{"embeddable":true,"href":"https:\/\/www.au-pays-des-merveilles.com\/blog\/wp-json\/wp\/v2\/users\/1"}],"replies":[{"embeddable":true,"href":"https:\/\/www.au-pays-des-merveilles.com\/blog\/wp-json\/wp\/v2\/comments?post=773"}],"version-history":[{"count":0,"href":"https:\/\/www.au-pays-des-merveilles.com\/blog\/wp-json\/wp\/v2\/posts\/773\/revisions"}],"wp:attachment":[{"href":"https:\/\/www.au-pays-des-merveilles.com\/blog\/wp-json\/wp\/v2\/media?parent=773"}],"wp:term":[{"taxonomy":"category","embeddable":true,"href":"https:\/\/www.au-pays-des-merveilles.com\/blog\/wp-json\/wp\/v2\/categories?post=773"},{"taxonomy":"post_tag","embeddable":true,"href":"https:\/\/www.au-pays-des-merveilles.com\/blog\/wp-json\/wp\/v2\/tags?post=773"}],"curies":[{"name":"wp","href":"https:\/\/api.w.org\/{rel}","templated":true}]}}