{"id":7731,"date":"2010-12-21T06:58:15","date_gmt":"2010-12-21T05:58:15","guid":{"rendered":"http:\/\/www.au-pays-des-merveilles.com\/blog\/?p=7731"},"modified":"2019-03-22T17:17:28","modified_gmt":"2019-03-22T15:17:28","slug":"mon-journal-des-petits-bonheurs","status":"publish","type":"post","link":"https:\/\/www.au-pays-des-merveilles.com\/blog\/2010\/12\/21\/mon-journal-des-petits-bonheurs\/","title":{"rendered":"Mon journal des petits bonheurs"},"content":{"rendered":"<p style=\"text-align: justify;\"><a href=\"https:\/\/www.au-pays-des-merveilles.com\/blog\/wp-content\/uploads\/2010\/12\/image19.png\"><img loading=\"lazy\" decoding=\"async\" style=\"background-image: none; margin: 15px auto; padding-left: 0px; padding-right: 0px; display: block; float: none; padding-top: 0px; border: 0px;\" title=\"image\" src=\"https:\/\/www.au-pays-des-merveilles.com\/blog\/wp-content\/uploads\/2010\/12\/image_thumb19.png\" border=\"0\" alt=\"image\" width=\"640\" height=\"373\" \/><\/a><\/p>\n<p style=\"text-align: justify;\">Je ne sais pas si vous vous souvenez mais il y a deux ans, \u00e0 chaque fin de billet, j\u2019\u00e9crivais mes petits bonheurs du jour : les petites choses de la vie quotidienne qui illuminaient mes journ\u00e9es. Un message, un colis, un coup de t\u00e9l\u00e9phone, une gourmandise, un fou rire, un sourire, un lieu magique, une rencontre \u2026 tout et n\u2019importe quoi peut dans une journ\u00e9e, m\u00eame en une minute, m\u2019apporter un petit bonheur.<\/p>\n<p style=\"text-align: justify;\">Alors, pour l\u2019ann\u00e9e prochaine, j\u2019ai d\u00e9cid\u00e9 de m\u2019y remettre ! J\u2019ai envie de garder et de collecter tous les petits bonheurs qui ponctueront mes journ\u00e9es en 2011. Mais je ne les \u00e9crirais pas ici, je le ferais sur mon journal. Ca fait tr\u00e8s longtemps que je n\u2019ai pas \u00e9crit de journal, \u00e7a doit bien faire 20 ans !\u00a0 tout simplement parce que je n\u2019en ai pas le temps et je me disais que le blog le rempla\u00e7ait en quelque sorte. Et pourtant, <a rel=\"nofollow\" rel=\"nofollow noopener noreferrer\" href=\"http:\/\/www.susannahconway.com\/\" target=\"_blank\">Susannah Conway<\/a>, avec son fameux \u201cUnravelling\u201d, m\u2019a donn\u00e9 envie de me remettre \u00e0 \u00e9crire. Et je trouvais que ces petits bonheurs \u00e9taient un bon compromis pour trouver le temps de s\u2019y mettre, de ne pas \u00e9crire des pages \u00e0 rallonge que je ne relirais pas mais plut\u00f4t de garder des petits souvenirs de cette ann\u00e9e.<\/p>\n<p style=\"text-align: justify;\">Pour cela, j\u2019ai choisi un tr\u00e8s joli journal, d\u00e9got\u00e9 chez <a rel=\"nofollow noopener noreferrer\" href=\"http:\/\/www.vertcerise.com\/2010\/10\/19\/jai-trouve-mon-agenda-2011\/\" target=\"_blank\" class=\"broken_link\">Vert Cerise<\/a> : le Frankie Diary 2011. Je trouvais que cet agenda tout mimi se pr\u00eatait bien \u00e0 la chose et me motiverait plus \u00e0 y poser ma plume ! <em>D\u2019autant que si le P\u00e8re No\u00ebl m\u2019apporte mon<a href=\"https:\/\/www.au-pays-des-merveilles.com\/blog\/2010\/12\/08\/wishlist-de-noel\/\"> Instax Mini<\/a>, il sera bien d\u00e9cor\u00e9 !<\/em> (<em>message subliminal<\/em> !)<\/p>\n<p style=\"text-align: justify;\">Du coup, entre <a href=\"https:\/\/www.au-pays-des-merveilles.com\/blog\/2010\/11\/08\/le-projet-365\/\">le projet 365<\/a> et mon journal des petits bonheurs, je vais peut \u00eatre demander aussi au P\u00e8re Nono d\u2019allonger les journ\u00e9es !! mais quoi de plus beau de se souvenir du temps pass\u00e9 ? Parfois, je ne me souviens m\u00eame pas de ce que j\u2019ai fait la veille, alors imaginez une ann\u00e9e !<\/p>\n<p style=\"text-align: justify;\">Donc c\u2019est d\u00e9cid\u00e9, cette ann\u00e9e, tous les jours, j\u2019aurais droit \u00e0 un petit bonheur ! Et vous ?!<\/p>\n","protected":false},"excerpt":{"rendered":"<p>Je ne sais pas si vous vous souvenez mais il y a deux ans, \u00e0 chaque fin de billet, j\u2019\u00e9crivais mes petits bonheurs du jour : les petites choses de la vie quotidienne qui illuminaient mes journ\u00e9es. Un message, un colis, un coup de t\u00e9l\u00e9phone, une gourmandise, un fou rire, un sourire, un lieu magique,<\/p>\n","protected":false},"author":1,"featured_media":0,"comment_status":"open","ping_status":"open","sticky":false,"template":"","format":"standard","meta":{"footnotes":""},"categories":[8,4],"tags":[337,336,203],"class_list":["post-7731","post","type-post","status-publish","format-standard","hentry","category-jolies-choses","category-ma-vie-mon-oeuvre","tag-bonheur","tag-journal-intime","tag-unravelling"],"_links":{"self":[{"href":"https:\/\/www.au-pays-des-merveilles.com\/blog\/wp-json\/wp\/v2\/posts\/7731","targetHints":{"allow":["GET"]}}],"collection":[{"href":"https:\/\/www.au-pays-des-merveilles.com\/blog\/wp-json\/wp\/v2\/posts"}],"about":[{"href":"https:\/\/www.au-pays-des-merveilles.com\/blog\/wp-json\/wp\/v2\/types\/post"}],"author":[{"embeddable":true,"href":"https:\/\/www.au-pays-des-merveilles.com\/blog\/wp-json\/wp\/v2\/users\/1"}],"replies":[{"embeddable":true,"href":"https:\/\/www.au-pays-des-merveilles.com\/blog\/wp-json\/wp\/v2\/comments?post=7731"}],"version-history":[{"count":0,"href":"https:\/\/www.au-pays-des-merveilles.com\/blog\/wp-json\/wp\/v2\/posts\/7731\/revisions"}],"wp:attachment":[{"href":"https:\/\/www.au-pays-des-merveilles.com\/blog\/wp-json\/wp\/v2\/media?parent=7731"}],"wp:term":[{"taxonomy":"category","embeddable":true,"href":"https:\/\/www.au-pays-des-merveilles.com\/blog\/wp-json\/wp\/v2\/categories?post=7731"},{"taxonomy":"post_tag","embeddable":true,"href":"https:\/\/www.au-pays-des-merveilles.com\/blog\/wp-json\/wp\/v2\/tags?post=7731"}],"curies":[{"name":"wp","href":"https:\/\/api.w.org\/{rel}","templated":true}]}}