{"id":7855,"date":"2011-01-06T14:09:40","date_gmt":"2011-01-06T13:09:40","guid":{"rendered":"http:\/\/www.au-pays-des-merveilles.com\/blog\/?p=7855"},"modified":"2011-01-06T14:10:00","modified_gmt":"2011-01-06T13:10:00","slug":"dites-les-blogueuses-comment-vous-faites-pour-vous-organiser","status":"publish","type":"post","link":"https:\/\/www.au-pays-des-merveilles.com\/blog\/2011\/01\/06\/dites-les-blogueuses-comment-vous-faites-pour-vous-organiser\/","title":{"rendered":"Dites les blogueuses, comment faites vous pour vous organiser ?!"},"content":{"rendered":"<p style=\"text-align: justify;\"><img loading=\"lazy\" decoding=\"async\" class=\"alignleft size-full wp-image-7857\" title=\"Print\" src=\"https:\/\/www.au-pays-des-merveilles.com\/blog\/wp-content\/uploads\/2011\/01\/93032549.jpg\" alt=\"\" width=\"170\" height=\"161\" \/>\u00a0 Aujourd&rsquo;hui, je me pose une question existencielle : comment font les autres pour s&rsquo;organiser ?! Je parle des blogueuses surtout !<\/p>\n<p style=\"text-align: justify;\">On m&rsquo;a fait le reproche derni\u00e8rement de passer trop de temps sur mon blog. Je veux bien l&rsquo;entendre, seulement ce n&rsquo;est pas tr\u00e8s vrai. Parce ce que, ce qu&rsquo;ils ne savent pas c&rsquo;est qu&rsquo;en fait je passe non\u00a0seulement du temps sur\u00a0mon blog mais j&rsquo;en passe\u00a0surtout sur\u00a0les autres blogs ! mais aussi Twitter, Flickr, les sites photos, des forums, et j&rsquo;en passe &#8230; donc forc\u00e9ment \u00e7a me prend du temps. J&rsquo;essaie au maximum de faire en sorte de ne pas trop \u00eatre dessus mais parfois on est oblig\u00e9 de faire des recherches &#8230; rien que pour trouver\u00a0les images\u00a0d&rsquo;illustration, \u00e7a prend du temps mine de rien ! Je ne sais pas si les gens se rendent compte en fait. D&rsquo;ailleurs en parlant de \u00e7a, je ne sais pas si les attach\u00e9es de presse s&rsquo;en rendent compte : on me propose souvent des \u00e9v\u00e9nements en journ\u00e9e la semaine, ou alors on me tarabuste parce que je n&rsquo;ai pas \u00e9crit tel ou tel article, mais savent ils ces gens qu&rsquo;on a un m\u00e9tier ? un homme ? des enfants ? une vie quoi !!<\/p>\n<p style=\"text-align: justify;\">Alors moi entre mon homme, la maison, le boulot, le blog, la photo, \u00a0les r\u00e9visions, \u00a0les loisirs, le sport, les copines &#8230; je sature ! et je suis perdue parfois ! et en plus, je n&rsquo;ai pas encore d&rsquo;enfants &#8230;<\/p>\n<p style=\"text-align: justify;\">\u00ab\u00a0Par quoi je commence ?!\u00a0\u00bb me dis je souvent !<\/p>\n<p style=\"text-align: justify;\">Alors je voulais savoir, vous, les blogueuses (m\u00eame les autres remarquez mais je pense que les blogueuses me comprendront mieux !), vous faites comment pour tout g\u00e9rer ? vous avez un planning ? ou vous ne dormez plus la nuit ?!<\/p>\n<p style=\"text-align: justify;\">HELP !! (sinon \u00e7a va hein !!)<\/p>\n<p style=\"text-align: justify;\"><em>cr\u00e9dit photo : Getty Images<\/em><\/p>\n","protected":false},"excerpt":{"rendered":"<p>\u00a0 Aujourd&rsquo;hui, je me pose une question existencielle : comment font les autres pour s&rsquo;organiser ?! Je parle des blogueuses surtout ! On m&rsquo;a fait le reproche derni\u00e8rement de passer trop de temps sur mon blog. Je veux bien l&rsquo;entendre, seulement ce n&rsquo;est pas tr\u00e8s vrai. Parce ce que, ce qu&rsquo;ils ne savent pas c&rsquo;est<\/p>\n","protected":false},"author":1,"featured_media":0,"comment_status":"open","ping_status":"open","sticky":false,"template":"","format":"standard","meta":{"footnotes":""},"categories":[7,4],"tags":[355,356],"class_list":["post-7855","post","type-post","status-publish","format-standard","hentry","category-geekeries","category-ma-vie-mon-oeuvre","tag-blog","tag-organisation"],"_links":{"self":[{"href":"https:\/\/www.au-pays-des-merveilles.com\/blog\/wp-json\/wp\/v2\/posts\/7855","targetHints":{"allow":["GET"]}}],"collection":[{"href":"https:\/\/www.au-pays-des-merveilles.com\/blog\/wp-json\/wp\/v2\/posts"}],"about":[{"href":"https:\/\/www.au-pays-des-merveilles.com\/blog\/wp-json\/wp\/v2\/types\/post"}],"author":[{"embeddable":true,"href":"https:\/\/www.au-pays-des-merveilles.com\/blog\/wp-json\/wp\/v2\/users\/1"}],"replies":[{"embeddable":true,"href":"https:\/\/www.au-pays-des-merveilles.com\/blog\/wp-json\/wp\/v2\/comments?post=7855"}],"version-history":[{"count":0,"href":"https:\/\/www.au-pays-des-merveilles.com\/blog\/wp-json\/wp\/v2\/posts\/7855\/revisions"}],"wp:attachment":[{"href":"https:\/\/www.au-pays-des-merveilles.com\/blog\/wp-json\/wp\/v2\/media?parent=7855"}],"wp:term":[{"taxonomy":"category","embeddable":true,"href":"https:\/\/www.au-pays-des-merveilles.com\/blog\/wp-json\/wp\/v2\/categories?post=7855"},{"taxonomy":"post_tag","embeddable":true,"href":"https:\/\/www.au-pays-des-merveilles.com\/blog\/wp-json\/wp\/v2\/tags?post=7855"}],"curies":[{"name":"wp","href":"https:\/\/api.w.org\/{rel}","templated":true}]}}