{"id":7871,"date":"2011-01-10T07:40:41","date_gmt":"2011-01-10T06:40:41","guid":{"rendered":"http:\/\/www.au-pays-des-merveilles.com\/blog\/?p=7871"},"modified":"2019-03-22T17:17:28","modified_gmt":"2019-03-22T15:17:28","slug":"soin-saison-hiver-vanille-caramel-sothys","status":"publish","type":"post","link":"https:\/\/www.au-pays-des-merveilles.com\/blog\/2011\/01\/10\/soin-saison-hiver-vanille-caramel-sothys\/","title":{"rendered":"Un peu de vanille &#038; de caramel dans votre soin?!"},"content":{"rendered":"<p style=\"text-align: center;\"><a href=\"https:\/\/www.au-pays-des-merveilles.com\/blog\/wp-content\/uploads\/2011\/01\/image.png\"><img loading=\"lazy\" decoding=\"async\" class=\"aligncenter\" style=\"background-image: none; margin: 15px auto; padding-left: 0px; padding-right: 0px; display: block; float: none; padding-top: 0px; border: 0px;\" title=\"image\" src=\"https:\/\/www.au-pays-des-merveilles.com\/blog\/wp-content\/uploads\/2011\/01\/image_thumb.png\" border=\"0\" alt=\"image\" width=\"640\" height=\"335\" \/><\/a><\/p>\n<p style=\"text-align: justify;\">Ha ha ! je vous vois bande de gourmandes ! On parle de vanille gourmande et de caramel fondant et tout de suite il y a du monde hein ! Ben vous avez bien raison ! Parce que ce soin est un vrai d\u00e9lice ! De quoi elle cause la dame ?!<\/p>\n<p style=\"text-align: justify;\">Je parle du <strong>nouveau soin professionnel de saison <\/strong><a href=\"http:\/\/www.sothys.com\" target=\"_blank\" rel=\"noopener noreferrer\"><strong>SOTHYS<\/strong><\/a><strong> Automne-Hiver 2010-2011<\/strong> biens\u00fbr !<\/p>\n<p style=\"text-align: justify;\"><em>Comme la nature, la peau vit au rythme des saisons et ses besoins changent\u2026 Afin d\u2019apporter \u00e0 la peau les \u00e9l\u00e9ments essentiels dont elle a besoin, <strong><a rel=\"nofollow\" rel=\"nofollow noopener noreferrer\" href=\"http:\/\/www.sothys.com\" target=\"_blank\">Sothys<\/a><\/strong> propose un concept in\u00e9dit : Les Soins Professionnels de saison. S\u2019inspirant des bienfaits de la nature, <strong><a rel=\"nofollow\" rel=\"nofollow noopener noreferrer\" href=\"http:\/\/www.sothys.com\" target=\"_blank\">Sothys<\/a> <\/strong>propose deux collections de soins saisonniers par an, associant cocktail d\u2019actifs in\u00e9dits, parfums gourmands et ambiance cocooning.<\/em><\/p>\n<p style=\"text-align: justify;\">Souvenez-vous, j\u2019avais d\u00e9j\u00e0 test\u00e9 il y a deux ans celui <a href=\"https:\/\/www.au-pays-des-merveilles.com\/blog\/2009\/11\/26\/ma-pause-gourmande-chez-sothys\/\" target=\"_blank\" rel=\"noopener noreferrer\">\u00e0 la figue<\/a> mais \u00e9galement <a href=\"https:\/\/www.au-pays-des-merveilles.com\/blog\/2010\/05\/27\/un-printemps-gourmand-chez-sothys\/\" target=\"_blank\" rel=\"noopener noreferrer\">\u00e0 la framboise et \u00e0 la rhubarbe<\/a>, une merveille ! Cet hiver, ce sera <span style=\"color: #dd8484;\"><strong>Vanille &amp; Caramel<\/strong><\/span> ! Tout un programme !<\/p>\n<p style=\"text-align: justify;\"><a href=\"https:\/\/www.au-pays-des-merveilles.com\/blog\/wp-content\/uploads\/2011\/01\/image1.png\"><img loading=\"lazy\" decoding=\"async\" style=\"background-image: none; margin: 0px 20px 0px 0px; padding-left: 0px; padding-right: 0px; display: inline; float: left; padding-top: 0px; border: 0px;\" title=\"image\" src=\"https:\/\/www.au-pays-des-merveilles.com\/blog\/wp-content\/uploads\/2011\/01\/image_thumb1.png\" border=\"0\" alt=\"image\" width=\"340\" height=\"255\" align=\"left\" \/><\/a>Tout d\u2019abord, le <span style=\"color: #dd8484;\">D\u00e9maquillage et le Nettoyage profond<\/span> du visage, du cou et du d\u00e9collet\u00e9 avec un gommage adapt\u00e9 en fonction du type de peau.<br \/>\nEnsuite, le <span style=\"color: #dd8484;\">Modelage relaxant d\u00e9lice de vanille<\/span> : une texture cr\u00e8me onctueuse de couleur vanille et au parfum gourmand \u00e9voquant la vanille et le caramel, avec des actifs de Polyph\u00e9nols de vanille anti-radicalaires et anti-oxydants et extraits gousse de vanille.<\/p>\n<p style=\"text-align: justify;\">Puis, <span style=\"color: #dd8484;\">l\u2019Application du sous masque<\/span> sur le visage et le cou en couche fine associant le d\u00e9lice de baille et le soin caramel fondant.<\/p>\n<p style=\"text-align: justify;\">On passe \u00e0 <span style=\"color: #dd8484;\">l\u2019Application du masque pelliculable Vanille<\/span> avec le fameux massage du cuir chevelu et des mains. Le masque Peel-Off se d\u00e9colle tout seul. Tr\u00e8s frais, il est adapt\u00e9 aux peaux manquant d\u2019\u00e9clat grace aux actifs gousse de vanille.<br \/>\nEnfin, pour terminer cette pause gourmande : <span style=\"color: #dd8484;\">Application du soin caramel fondant<\/span>, cette \u00e9mulsion laiteuse \u00e0 l\u2019exquis parfum vanille caramel nous fait craquer ! La peau retrouve luminosit\u00e9 et \u00e9clat.<\/p>\n<p style=\"text-align: justify;\">Et petit cadeau \u00e0 la fin pour prolonger les bienfaits du soin, l\u2019esth\u00e9ticienne nous offre une petite dose d\u2019une semaine environ du soin caramel fondant. Un r\u00e9gal !<\/p>\n<p style=\"text-align: justify;\">Impossible de r\u00e9sister \u00e0 ces parfums \u2026 seul regret : que Sothys ne vende pas les cr\u00e8mes hors soins ! C\u2019est fait expr\u00e8s je suis s\u00fbre,\u00a0 pour que l\u2019on revienne plus vite se d\u00e9lecter de ces petits moments de douceur !<\/p>\n<p style=\"text-align: justify;\">What is the price pour cette petite gourmandise ?! 85 \u20ac les 40 minutes \u00e0 L\u2019Institut <a rel=\"nofollow\" href=\"http:\/\/www.sothys.com\">Sothys<\/a> 128, rue du Faubourg Saint Honor\u00e9 \u2013 75008 Paris, ou 50 \u20ac dans les instituts d\u00e9positaires. + d\u2019infos sur <a rel=\"nofollow\" href=\"http:\/\/www.sothys.com\">www.sothys.com<\/a><\/p>\n<p style=\"text-align: right;\"><em>Merci Sandrine &amp; <a rel=\"nofollow\" rel=\"nofollow noopener noreferrer\" href=\"http:\/\/www.sothys.com\" target=\"_blank\">Sothys<\/a> pour cette d\u00e9licieuse escale revitalisante !<\/em><\/p>\n<p style=\"text-align: right;\"><em>Restez connect\u00e9es les filles ! j\u2019ai une info sympa pour vous tout bient\u00f4t concernant les soins de saison ! ^^<\/em><\/p>\n","protected":false},"excerpt":{"rendered":"<p>Ha ha ! je vous vois bande de gourmandes ! On parle de vanille gourmande et de caramel fondant et tout de suite il y a du monde hein ! Ben vous avez bien raison ! Parce que ce soin est un vrai d\u00e9lice ! De quoi elle cause la dame ?! Je parle du<\/p>\n","protected":false},"author":1,"featured_media":0,"comment_status":"open","ping_status":"open","sticky":false,"template":"","format":"standard","meta":{"footnotes":""},"categories":[6,20],"tags":[49,245,360,107,331,74,66,361],"class_list":["post-7871","post","type-post","status-publish","format-standard","hentry","category-beautiful-girl","category-buzz","tag-beaute","tag-cadeau","tag-caramel","tag-creme","tag-gourmandise","tag-soins","tag-sothys","tag-vanille"],"_links":{"self":[{"href":"https:\/\/www.au-pays-des-merveilles.com\/blog\/wp-json\/wp\/v2\/posts\/7871","targetHints":{"allow":["GET"]}}],"collection":[{"href":"https:\/\/www.au-pays-des-merveilles.com\/blog\/wp-json\/wp\/v2\/posts"}],"about":[{"href":"https:\/\/www.au-pays-des-merveilles.com\/blog\/wp-json\/wp\/v2\/types\/post"}],"author":[{"embeddable":true,"href":"https:\/\/www.au-pays-des-merveilles.com\/blog\/wp-json\/wp\/v2\/users\/1"}],"replies":[{"embeddable":true,"href":"https:\/\/www.au-pays-des-merveilles.com\/blog\/wp-json\/wp\/v2\/comments?post=7871"}],"version-history":[{"count":0,"href":"https:\/\/www.au-pays-des-merveilles.com\/blog\/wp-json\/wp\/v2\/posts\/7871\/revisions"}],"wp:attachment":[{"href":"https:\/\/www.au-pays-des-merveilles.com\/blog\/wp-json\/wp\/v2\/media?parent=7871"}],"wp:term":[{"taxonomy":"category","embeddable":true,"href":"https:\/\/www.au-pays-des-merveilles.com\/blog\/wp-json\/wp\/v2\/categories?post=7871"},{"taxonomy":"post_tag","embeddable":true,"href":"https:\/\/www.au-pays-des-merveilles.com\/blog\/wp-json\/wp\/v2\/tags?post=7871"}],"curies":[{"name":"wp","href":"https:\/\/api.w.org\/{rel}","templated":true}]}}