{"id":8018,"date":"2011-02-01T07:00:07","date_gmt":"2011-02-01T06:00:07","guid":{"rendered":"http:\/\/www.au-pays-des-merveilles.com\/blog\/?p=8018"},"modified":"2019-10-27T20:48:31","modified_gmt":"2019-10-27T18:48:31","slug":"extensions-cheveux-ethnicia","status":"publish","type":"post","link":"https:\/\/www.au-pays-des-merveilles.com\/blog\/2011\/02\/01\/extensions-cheveux-ethnicia\/","title":{"rendered":"Ma chevelure de r\u00eave par ETHNICIA"},"content":{"rendered":"<p>Avant :<\/p>\n<p><a href=\"https:\/\/www.au-pays-des-merveilles.com\/blog\/wp-content\/uploads\/2011\/01\/revlon.jpg\"><img loading=\"lazy\" decoding=\"async\" style=\"background-image: none; margin: 15px auto; padding-left: 0px; padding-right: 0px; display: block; float: none; padding-top: 0px; border: 0px;\" title=\"revlon\" src=\"https:\/\/www.au-pays-des-merveilles.com\/blog\/wp-content\/uploads\/2011\/01\/revlon_thumb.jpg\" border=\"0\" alt=\"revlon\" width=\"604\" height=\"490\" \/><\/a><\/p>\n<p>Apr\u00e8s :<\/p>\n<p><a href=\"https:\/\/www.au-pays-des-merveilles.com\/blog\/wp-content\/uploads\/2011\/01\/IMG_0940.jpg\"><img loading=\"lazy\" decoding=\"async\" style=\"background-image: none; margin: 15px auto; padding-left: 0px; padding-right: 0px; display: block; float: none; padding-top: 0px; border: 0px;\" title=\"IMG_0940\" src=\"https:\/\/www.au-pays-des-merveilles.com\/blog\/wp-content\/uploads\/2011\/01\/IMG_0940_thumb.jpg\" border=\"0\" alt=\"IMG_0940\" width=\"524\" height=\"784\" \/><\/a><\/p>\n<p style=\"text-align: justify;\">Bluffant non ?!<\/p>\n<p style=\"text-align: justify;\">Et bien tout \u00e7a c\u2019est grace \u00e0 <a rel=\"nofollow noopener noreferrer\" rel=\"nofollow noopener noreferrer\" href=\"http:\/\/www.ethnicia.com\/\" target=\"_blank\">ETHNICIA<\/a>. Je vous avais dit <a href=\"https:\/\/www.au-pays-des-merveilles.com\/blog\/2011\/01\/20\/ethnicia-ma-revelation-beaute\/\" target=\"_blank\" rel=\"noopener noreferrer\">la derni\u00e8re fois<\/a> que j\u2019\u00e9tais excit\u00e9e comme une puce parce que j\u2019avais rendez-vous, c\u2019\u00e9tait pour mes cheveux ! Maintenant j\u2019ai les cheveux longs, le r\u00eave !<\/p>\n<p style=\"text-align: justify;\">J\u2019ai toujours aim\u00e9 les cheveux longs. J\u2019essayais tant bien que mal de les laisser pousser. Le probl\u00e8me c\u2019est que pass\u00e9 quelques mois, j\u2019ai l\u2019impression de ne plus avoir de coupe. Ca me gonfle, alors je coupe ! Et je me retrouve \u00e0 chaque fois avec un carr\u00e9.<\/p>\n<p style=\"text-align: justify;\">La solution ? les extensions ! Ca faisait un moment que je lorgnais pour m\u2019en faire poser mais \u00e9videmment ce qui me faisait r\u00e9fl\u00e9chir c\u2019\u00e9tait le prix, puis la peur que l\u2019on voit tout de suite que j\u2019ai des \u201cfaux\u201d cheveux, probl\u00e8me de couleur \u2026 foutaises tout \u00e7a !!<\/p>\n<p style=\"text-align: justify;\">Je m\u2019explique. Je file au salon Ethnicia sur l\u2019ile Saint Louis, \u00e0 c\u00f4t\u00e9 de mon travail, pour un<strong> premier rendez-vous : le diagnostic<\/strong>. La coiffeuse regarde le volume des cheveux pour savoir combien de m\u00e8ches vont \u00eatre command\u00e9es, 180 pour moi parce que j\u2019ai beaucoup de cheveux !<em> Une chance certes mais pas tout le temps je peux vous l\u2019assurer !<\/em> Ensuite elle regarde la couleur des cheveux pour retrouver la m\u00eame teinte que ses m\u00e8ches. Et l\u00e0 on rigole \u2026 un coup sous la lumi\u00e8re, un coup dehors \u2026 oui ce serait idiot de me retrouver avec des m\u00e8ches brunes. Et ma hantise c\u2019\u00e9tait \u00e7a : que \u00e7a se voit ! On arrive \u00e0 se mettre d\u2019accord et elle choisit deux couleurs de m\u00e8ches vu que mes cheveux sont d\u00e9j\u00e0 m\u00e9ch\u00e9s. Enfin, elle me demande si je veux que \u00e7a dure longtemps (5 \u00e0 6 mois) ou peu (2 \u00e0 3 mois), c\u2019est ce qui va diff\u00e9rencier la m\u00e9thode. Tant qu\u2019\u00e0 faire, autant souffrir pour longtemps non ?! C\u2019est parti ! On prend rendez-vous. Je tr\u00e9pigne d\u2019impatience !<\/p>\n<p><a href=\"https:\/\/www.au-pays-des-merveilles.com\/blog\/wp-content\/uploads\/2011\/01\/IMG_0876.jpg\"><img loading=\"lazy\" decoding=\"async\" style=\"background-image: none; margin: 15px auto; padding-left: 0px; padding-right: 0px; display: block; float: none; padding-top: 0px; border: 0px;\" title=\"IMG_0876\" src=\"https:\/\/www.au-pays-des-merveilles.com\/blog\/wp-content\/uploads\/2011\/01\/IMG_0876_thumb.jpg\" border=\"0\" alt=\"IMG_0876\" width=\"424\" height=\"634\" \/><\/a><\/p>\n<p style=\"text-align: justify;\"><strong>Deuxi\u00e8me rendez-vous : la pose des extensions<\/strong>. La coiffeuse m\u2019avait pr\u00e9venu, il faut s\u2019attendre \u00e0 ce que \u00e7a dure au mois trois heures, j\u2019avais alors pris ma journ\u00e9e. Je fais la connaissance d\u2019Adiza, mon experte en extensions ! Elle m\u2019explique d\u2019abord comment \u00e7a fonctionne : ce sera une pose \u00e0 la <strong>K\u00e9ratine (\u00e0 chaud) :<\/strong> lorsqu&rsquo;elles sont pos\u00e9es \u00e0 la k\u00e9ratine, cela signifie que l\u2019on fixe \u00e0 la racine de cheveu \u00e0 l&rsquo;aide d&rsquo;un point de k\u00e9ratine une m\u00e8che de cheveu correspondant au cheveu. Le r\u00e9sultat est compl\u00e8tement naturel. Alors que pour la <strong>M\u00e9thode \u00e0 froid<\/strong> (qui dure moins longtemps) on<strong> <\/strong>fixe \u00e0 l&rsquo;aide d&rsquo;un anneau en t\u00e9flon, une m\u00e8che \u00e0 la racine des cheveux. Ensuite, elle me donne des conseils quant \u00e0 l\u2019entretien des extensions. Enfin, on passe \u00e0 la pose ! Avec surprise, je d\u00e9couvre mes nouveaux cheveux : EXACTEMENT la m\u00eame couleur que mes vrais cheveux ! dingue !<\/p>\n<p style=\"text-align: justify;\">C\u2019est parti pour plus de 4 heures de pose. Oui, 4 heures parce que c\u2019est un vrai travail de titan ! M\u00e8che par m\u00e8che, elle pose les cheveux sur ma chevelure (volumineuse je le rappelle) grace \u00e0 un appareil qui permet de fixer la k\u00e9ratine. Je vous avouerai que ce n\u2019\u00e9tait pas une partie de plaisir parce que \u00e7a tire sur la t\u00eate comme si on vous tirait les cheveux, ce n\u2019est pas tr\u00e8s agr\u00e9able. Mais bon, faut souffrir pour \u00eatre belle disait ma grand-m\u00e8re ! Au fur et \u00e0 mesure, je voyais se dessiner une chevelure de sir\u00e8ne qui descendait jusqu\u2019en bas du dos. Entre- temps, j\u2019ai fait la connaissance d\u2019Astrid, une coiffeuse du salon qui adore faire \u00e7a et qui a donn\u00e9 un coup de main \u00e0 sa coll\u00e8gue ! J\u2019en ai profit\u00e9 pour lui demander conseil parce qu\u2019elle m\u00eame en portait ! A la fin de la pose, c\u2019est impressionnant, je ne me reconnais pas ! Et bon faut le dire, au d\u00e9but, \u00e7a tire sur la t\u00eate ! Adiza propose de me les couper \u2026 oui parce que bon l\u00e0 c\u2019\u00e9tait vraiment trop long. Hop un petit coup de ciseaux plus tard et un passage au fer \u00e0 lisser, et j\u2019ai envie de pleurer tellement je suis heureuse !!<\/p>\n<p style=\"text-align: justify;\">Ca fait tr\u00e8s naturel, on a l\u2019impression que ce sont mes cheveux. C\u2019est bluffant !<\/p>\n<p><a href=\"https:\/\/www.au-pays-des-merveilles.com\/blog\/wp-content\/uploads\/2011\/01\/Portrait.jpg\"><img loading=\"lazy\" decoding=\"async\" style=\"background-image: none; margin: 15px auto; padding-left: 0px; padding-right: 0px; display: block; float: none; padding-top: 0px; border: 0px;\" title=\"Portrait\" src=\"https:\/\/www.au-pays-des-merveilles.com\/blog\/wp-content\/uploads\/2011\/01\/Portrait_thumb.jpg\" border=\"0\" alt=\"Portrait\" width=\"424\" height=\"634\" \/><\/a><\/p>\n<p style=\"text-align: justify;\"><strong>Ce que j\u2019en pense apr\u00e8s deux semaines<\/strong> :\u00a0 ils sont toujours aussi beaux (heureusement vous me direz ! mais ce qu\u2019il y a c\u2019est que j\u2019en ai perdu pas mal, la coiffeuse m\u2019avait pr\u00e9venu : on en perd 10 % au d\u00e9but \u00e0 peu pr\u00e8s, je ne m\u2019inqui\u00e8te pas donc !), ils sont tous doux. Je regrette de ne pas l\u2019avoir fait avant d\u2019avoir rencontr\u00e9 mon loulou parce que je me suis faite accoster sans mentir, pas moins de 5 fois, du salon de coiffure \u00e0 chez moi !! Ca attire le m\u00e2le les cheveux longs !!<\/p>\n<p style=\"text-align: justify;\">En revanche, c\u2019est de l\u2019entretien. Il faut utiliser un shampoing doux et un d\u00e9m\u00ealant (je vous &eacute;pargne le <a rel=\"nofollow\" href=\"http:\/\/www.apaisyl.com\/produits\/solutions-expertes\/apaisyl-poux\/apaisyl-poux,s,4017,,.html\" class=\"broken_link\">traitement anti-poux<\/a>, m&ecirc;me si vu la longueur, inutile de vous dire que mes cheveux trainent partout) et des cr\u00e8mes pour le brush. Il convient d\u2019\u00e9viter les masques au d\u00e9but. Je mets deux fois plus de temps \u00e0 les laver, les s\u00e9cher, les lisser. Voici mes deux outils indispensables du moment : mon s\u00e8che cheveux <a rel=\"nofollow\" href=\"http:\/\/www.philips.fr\/c\/coiffure\/salondry-control-2-200-w-hp8182_00\/prd\/\">SalonDry Control<\/a> de PHILIPS et le lisseur version Midnight Collection <a rel=\"nofollow\" href=\"http:\/\/www.ghdhair.com\/fr\/\" class=\"broken_link\">GHD <\/a>(une tuerie !).<\/p>\n<p style=\"text-align: center;\"><a href=\"https:\/\/www.au-pays-des-merveilles.com\/blog\/wp-content\/uploads\/2011\/01\/IMG_0973.jpg\"><img loading=\"lazy\" decoding=\"async\" style=\"background-image: none; margin: 15px 0px; padding-left: 0px; padding-right: 0px; display: inline; padding-top: 0px; border: 0px;\" title=\"IMG_0973\" src=\"https:\/\/www.au-pays-des-merveilles.com\/blog\/wp-content\/uploads\/2011\/01\/IMG_0973_thumb.jpg\" border=\"0\" alt=\"IMG_0973\" width=\"404\" height=\"271\" \/><\/a> <a href=\"https:\/\/www.au-pays-des-merveilles.com\/blog\/wp-content\/uploads\/2011\/01\/IMG_0916.jpg\"><img loading=\"lazy\" decoding=\"async\" style=\"background-image: none; margin: 15px 0px; padding-left: 0px; padding-right: 0px; display: inline; padding-top: 0px; border: 0px;\" title=\"IMG_0916\" src=\"https:\/\/www.au-pays-des-merveilles.com\/blog\/wp-content\/uploads\/2011\/01\/IMG_0916_thumb.jpg\" border=\"0\" alt=\"IMG_0916\" width=\"264\" height=\"394\" \/><\/a><\/p>\n<p style=\"text-align: justify;\">On peut tout \u00e0 fait les lisser, les boucler, les tresser \u2026 comme de vrais cheveux. Le tout est \u00e9videmment de ne pas passer le lisseur ou le fer \u00e0 friser sur la k\u00e9ratine.<\/p>\n<p style=\"text-align: justify;\">Le soir, il ne faut pas oublier de les attacher, au risque de les voir emm\u00eal\u00e9s le lendemain.<\/p>\n<p style=\"text-align: justify;\">Au d\u00e9but, on a une d\u00e9sagr\u00e9able sensation que \u00e7a tire sur la t\u00eate et d\u2019avoir un poids mais \u00e7a passe au bout de deux-trois jours. De m\u00eame, il faut les coiffer en les tenant comme une queue de cheval pour \u00e9viter de tirer dessus (j\u2019ai perdu une m\u00e8che en faisant \u00e7a une fois, \u00e7a fait un dr\u00f4le d\u2019effet !). Apr\u00e8s tout \u00e7a, vous oubliez vite que ce sont des extensions et vous adoptez tous les tics des minettes aux cheveux longs ! (je fais attention maintenant parce que combien de fois je me suis tir\u00e9e la t\u00eate quand je m\u2019asseyais ou quand je m\u2019habillais ! la blonde !!).<\/p>\n<p><a href=\"https:\/\/www.au-pays-des-merveilles.com\/blog\/wp-content\/uploads\/2011\/01\/IMG_0999bis.jpg\"><img loading=\"lazy\" decoding=\"async\" style=\"background-image: none; margin: 15px auto; padding-left: 0px; padding-right: 0px; display: block; float: none; padding-top: 0px; border: 0px;\" title=\"IMG_0999bis\" src=\"https:\/\/www.au-pays-des-merveilles.com\/blog\/wp-content\/uploads\/2011\/01\/IMG_0999bis_thumb.jpg\" border=\"0\" alt=\"IMG_0999bis\" width=\"424\" height=\"634\" \/><\/a><\/p>\n<p><span style=\"text-decoration: underline;\">Envie de tenter l\u2019exp\u00e9rience ?<\/span> alors prenez rendez-vous chez <a rel=\"nofollow noopener noreferrer\" rel=\"nofollow noopener noreferrer\" href=\"http:\/\/www.ethnicia.com\/\" target=\"_blank\">ETHNICIA<\/a> au num\u00e9ro suivant : 01-47-70-88-99. Plusieurs salons sont dispo.<\/p>\n<p><a href=\"https:\/\/www.au-pays-des-merveilles.com\/blog\/wp-content\/uploads\/2011\/01\/E.jpg\"><img loading=\"lazy\" decoding=\"async\" style=\"background-image: none; margin: 15px auto; padding-left: 0px; padding-right: 0px; display: block; float: none; padding-top: 0px; border: 0px;\" title=\"E\" src=\"https:\/\/www.au-pays-des-merveilles.com\/blog\/wp-content\/uploads\/2011\/01\/E_thumb.jpg\" border=\"0\" alt=\"E\" width=\"640\" height=\"359\" \/><\/a><\/p>\n<p><span style=\"text-decoration: underline;\">Prix<\/span> : forfait extensions \u00e0 partir de 750 \u20ac<\/p>\n<p><span style=\"text-decoration: underline;\">Vid\u00e9o<\/span> : pour en savoir plus, lookez voir la vid\u00e9o sur Ethnicia TV<\/p>\n<p>H\u00e9\u00e9\u00e9 pssstt ! pour info, Ethnicia <span style=\"text-decoration: underline;\"><strong>lance son bar \u00e0 soin pour la beaut\u00e9 de vos cheveux<\/strong><\/span> ! Un diagnostic de vos cheveux et un soin sur mesure <span style=\"text-decoration: underline;\"><strong>offrant 300 combinaisons de soins possibles. <\/strong><\/span>Pour ce nouveau service Ethnicia s&rsquo;associe \u00e0 System Professionnal. Moi je sais d\u00e9j\u00e0 o\u00f9 je vais faire entretenir mes nouveaux cheveux ! ^^<\/p>\n<p style=\"text-align: right;\"><em>Un <strong>ENORME MERCI<\/strong> \u00e0 Adiza et Astrid du salon <a rel=\"nofollow noopener noreferrer\" rel=\"nofollow noopener noreferrer\" href=\"http:\/\/www.ethnicia.com\/\" target=\"_blank\">ETHNICIA<\/a> de l\u2019\u00eele Saint Louis pour leur patience, \u00e0 Hapsatou qui m\u2019a conseill\u00e9 et m\u2019a offert ce beau cadeau (tu es un ange !), et biens\u00fbr \u00e0 <a rel=\"nofollow noopener noreferrer\" rel=\"nofollow noopener noreferrer\" href=\"http:\/\/www.ivy-mag.com\/\" target=\"_blank\">Virginie<\/a> qui me rend belle !<\/em><\/p>\n<p style=\"text-align: right;\"><em>Cr\u00e9dit photos : <a href=\"https:\/\/www.au-pays-des-merveilles.com\/blog\/\">Au Pays des Merveilles<\/a><br \/>\n<\/em><\/p>\n","protected":false},"excerpt":{"rendered":"<p>Avant : Apr\u00e8s : Bluffant non ?! Et bien tout \u00e7a c\u2019est grace \u00e0 ETHNICIA. Je vous avais dit la derni\u00e8re fois que j\u2019\u00e9tais excit\u00e9e comme une puce parce que j\u2019avais rendez-vous, c\u2019\u00e9tait pour mes cheveux ! Maintenant j\u2019ai les cheveux longs, le r\u00eave ! J\u2019ai toujours aim\u00e9 les cheveux longs. J\u2019essayais tant bien que<\/p>\n","protected":false},"author":1,"featured_media":0,"comment_status":"open","ping_status":"open","sticky":false,"template":"","format":"standard","meta":{"footnotes":""},"categories":[6],"tags":[49,398,73,382,397],"class_list":["post-8018","post","type-post","status-publish","format-standard","hentry","category-beautiful-girl","tag-beaute","tag-blonde","tag-cheveux","tag-ethnicia","tag-extension"],"_links":{"self":[{"href":"https:\/\/www.au-pays-des-merveilles.com\/blog\/wp-json\/wp\/v2\/posts\/8018","targetHints":{"allow":["GET"]}}],"collection":[{"href":"https:\/\/www.au-pays-des-merveilles.com\/blog\/wp-json\/wp\/v2\/posts"}],"about":[{"href":"https:\/\/www.au-pays-des-merveilles.com\/blog\/wp-json\/wp\/v2\/types\/post"}],"author":[{"embeddable":true,"href":"https:\/\/www.au-pays-des-merveilles.com\/blog\/wp-json\/wp\/v2\/users\/1"}],"replies":[{"embeddable":true,"href":"https:\/\/www.au-pays-des-merveilles.com\/blog\/wp-json\/wp\/v2\/comments?post=8018"}],"version-history":[{"count":0,"href":"https:\/\/www.au-pays-des-merveilles.com\/blog\/wp-json\/wp\/v2\/posts\/8018\/revisions"}],"wp:attachment":[{"href":"https:\/\/www.au-pays-des-merveilles.com\/blog\/wp-json\/wp\/v2\/media?parent=8018"}],"wp:term":[{"taxonomy":"category","embeddable":true,"href":"https:\/\/www.au-pays-des-merveilles.com\/blog\/wp-json\/wp\/v2\/categories?post=8018"},{"taxonomy":"post_tag","embeddable":true,"href":"https:\/\/www.au-pays-des-merveilles.com\/blog\/wp-json\/wp\/v2\/tags?post=8018"}],"curies":[{"name":"wp","href":"https:\/\/api.w.org\/{rel}","templated":true}]}}