{"id":8070,"date":"2011-02-05T07:59:32","date_gmt":"2011-02-05T06:59:32","guid":{"rendered":"http:\/\/www.au-pays-des-merveilles.com\/blog\/?p=8070"},"modified":"2019-06-23T15:27:57","modified_gmt":"2019-06-23T13:27:57","slug":"%e2%99%a1-les-liens-du-week-end-%e2%99%a1-14","status":"publish","type":"post","link":"https:\/\/www.au-pays-des-merveilles.com\/blog\/2011\/02\/05\/%e2%99%a1-les-liens-du-week-end-%e2%99%a1-14\/","title":{"rendered":"\u2661 Les liens du week-end \u2661 # 14"},"content":{"rendered":"<p style=\"text-align: justify;\"><em><a href=\"https:\/\/www.au-pays-des-merveilles.com\/blog\/wp-content\/uploads\/2011\/01\/19-01-111.jpg\"><img loading=\"lazy\" decoding=\"async\" style=\"background-image: none; margin: 15px auto; padding-left: 0px; padding-right: 0px; display: block; float: none; padding-top: 0px; border: 0px;\" title=\"19-01-11\" src=\"https:\/\/www.au-pays-des-merveilles.com\/blog\/wp-content\/uploads\/2011\/01\/19-01-11_thumb1.jpg\" border=\"0\" alt=\"19-01-11\" width=\"684\" height=\"457\" \/><\/a><\/em><\/p>\n<p style=\"text-align: center;\"><em>\u00a9 <\/em><em>Au Pays des Merveilles<\/em><em> 2011<\/em><\/p>\n<p style=\"text-align: justify;\">Bon alors je ne sais pas ce que j\u2019ai gland\u00e9 la semaine derni\u00e8re mais j\u2019ai effac\u00e9 malencontreusement les liens du week-end \u00e9dition 12, la nulle ! En voulant le r\u00e9cup\u00e9rer par mon \u00e9diteur, \u00e7a me l\u2019a supprim\u00e9 ! Arrgghhh !! Du coup, je vous remets la photo de l\u2019instax, et je vous donne le lien de mon acheteur parce que je vous raconte pas le nombre de mails que j\u2019ai re\u00e7u \u00e0 ce sujet donc je pense que \u00e7a peut en int\u00e9resser plus d\u2019un par ici !<\/p>\n<p style=\"text-align: justify;\">&#x2665; <strong>SHOPPING<\/strong> : the famous INSTAX mini de Fujifilm avec toutes ses petites babioles (piles, \u00e9tui, album, pinces et fil, stylos et deux packs de photos), achet\u00e9 sur ib\u00e9 chez <a rel=\"nofollow noopener noreferrer\" rel=\"nofollow noopener noreferrer\" href=\"http:\/\/myworld.ebay.fr\/analog-life\/\" target=\"_blank\">analog-life<\/a> que vous pourrez trouver ici (merci encore <a rel=\"nofollow noopener noreferrer\" rel=\"nofollow noopener noreferrer\" href=\"http:\/\/chroniqueblonde.blogspot.com\/\" target=\"_blank\">Marie<\/a> pour le lien !). Je l\u2019ai achet\u00e9 dans les 130 euros \u00e0 peu pr\u00e8s. N\u2019h\u00e9sitez pas quand vous passez la commande \u00e0 bien lui dire de cocher la case \u201cgift\u201d sur son colis, \u00e7a vous \u00e9vitera de payer des frais de douanes. Je suis tellement fan que j\u2019ai rachet\u00e9 des packs de photos chez un autre vendeur <a rel=\"nofollow noopener noreferrer\" rel=\"nofollow noopener noreferrer\" href=\"http:\/\/myworld.ebay.fr\/esimaging\/\" target=\"_blank\">esimaging<\/a> que vous pourrez trouver ici. Je lui ai d\u2019ailleurs command\u00e9 des stickers pour mettre sur les polas (c\u2019est inutile on est d\u2019accord mais que voulez vous je suis faible pour ce genre de choses !!). Bon shopping ! ^^<\/p>\n<p style=\"text-align: justify;\">&#x2665; <strong>PHOTO<\/strong> : je vais tr\u00e8s certainement participer au <a rel=\"nofollow noopener noreferrer\" rel=\"nofollow noopener noreferrer\" href=\"http:\/\/creativebootcamp.blogspot.com\/\" target=\"_blank\">Creativity Boot Camp<\/a> au Printemps, en attendant vous pouvez toujours t\u00e9l\u00e9charger le <a rel=\"nofollow noopener noreferrer\" rel=\"nofollow noopener noreferrer\" href=\"http:\/\/creativebootcamp.blogspot.com\/2011\/01\/creativity-boot-camp-workbook.html\" target=\"_blank\">workbook<\/a> (joli cadeau ! merci Madeline Bea !).<\/p>\n<p style=\"text-align: justify;\">Et sinon, autre sujet, si vous aimez les photos look Holga, un nouveau site est ouvert pour les fans : Hello Holga. Tr\u00e8s chouette !<\/p>\n<p style=\"text-align: justify;\">&#x2665; <strong>DECO<\/strong> : le mag en ligne ADORE version british is out !<\/p>\n<p style=\"text-align: justify;\">&#x2665; <strong>COOKING <\/strong>: les cr\u00eapes ok ! mais si on faisait des gaufres aussi ? Merci <a rel=\"nofollow noopener noreferrer\" rel=\"nofollow noopener noreferrer\" href=\"http:\/\/www.chefnini.com\/gaufres-au-speculoos\/\" target=\"_blank\">chef Nini<\/a> ! (bon moi faut vraiment que je m\u2019ach\u00e8te un gaufrier !)<\/p>\n<p style=\"text-align: justify;\">&#x2665; <strong>BEAUTY<\/strong> : une vid\u00e9o (encore) chez <a rel=\"nofollow noopener noreferrer\" href=\"http:\/\/www.lisaeldridge.com\/video\/15116\/cheryl-cole-uk-elle-cover-look\/\" target=\"_blank\" class=\"broken_link\">Lisa Eldridge Make Up<\/a> \u2026 j\u2019adore sa d\u00e9mo pour avoir le m\u00eame look que Cheryl Cole ! rrhaaa pourquoi j\u2019suis pas brune ?!<\/p>\n<p style=\"text-align: justify;\">Bon week-end ! Moi je pars r\u00e9viser mon concours de la semaine prochaine \u2026 pfff \u2026<\/p>\n","protected":false},"excerpt":{"rendered":"<p>\u00a9 Au Pays des Merveilles 2011 Bon alors je ne sais pas ce que j\u2019ai gland\u00e9 la semaine derni\u00e8re mais j\u2019ai effac\u00e9 malencontreusement les liens du week-end \u00e9dition 12, la nulle ! En voulant le r\u00e9cup\u00e9rer par mon \u00e9diteur, \u00e7a me l\u2019a supprim\u00e9 ! Arrgghhh !! Du coup, je vous remets la photo de l\u2019instax,<\/p>\n","protected":false},"author":1,"featured_media":0,"comment_status":"open","ping_status":"open","sticky":false,"template":"","format":"standard","meta":{"footnotes":""},"categories":[236],"tags":[49,407,47,208,284,408,388,237,200,80,195,300,56],"class_list":["post-8070","post","type-post","status-publish","format-standard","hentry","category-les-liens-du-week-end","tag-beaute","tag-crepes","tag-cuisine","tag-deco","tag-ebay","tag-gaufres","tag-instax","tag-liens","tag-make-up","tag-maquillage","tag-photo","tag-shopping","tag-week-end"],"_links":{"self":[{"href":"https:\/\/www.au-pays-des-merveilles.com\/blog\/wp-json\/wp\/v2\/posts\/8070","targetHints":{"allow":["GET"]}}],"collection":[{"href":"https:\/\/www.au-pays-des-merveilles.com\/blog\/wp-json\/wp\/v2\/posts"}],"about":[{"href":"https:\/\/www.au-pays-des-merveilles.com\/blog\/wp-json\/wp\/v2\/types\/post"}],"author":[{"embeddable":true,"href":"https:\/\/www.au-pays-des-merveilles.com\/blog\/wp-json\/wp\/v2\/users\/1"}],"replies":[{"embeddable":true,"href":"https:\/\/www.au-pays-des-merveilles.com\/blog\/wp-json\/wp\/v2\/comments?post=8070"}],"version-history":[{"count":0,"href":"https:\/\/www.au-pays-des-merveilles.com\/blog\/wp-json\/wp\/v2\/posts\/8070\/revisions"}],"wp:attachment":[{"href":"https:\/\/www.au-pays-des-merveilles.com\/blog\/wp-json\/wp\/v2\/media?parent=8070"}],"wp:term":[{"taxonomy":"category","embeddable":true,"href":"https:\/\/www.au-pays-des-merveilles.com\/blog\/wp-json\/wp\/v2\/categories?post=8070"},{"taxonomy":"post_tag","embeddable":true,"href":"https:\/\/www.au-pays-des-merveilles.com\/blog\/wp-json\/wp\/v2\/tags?post=8070"}],"curies":[{"name":"wp","href":"https:\/\/api.w.org\/{rel}","templated":true}]}}