{"id":8242,"date":"2011-02-09T08:00:16","date_gmt":"2011-02-09T07:00:16","guid":{"rendered":"http:\/\/www.au-pays-des-merveilles.com\/blog\/?p=8242"},"modified":"2019-06-23T15:27:58","modified_gmt":"2019-06-23T13:27:58","slug":"un-voyage-feerique-en-autriche-2","status":"publish","type":"post","link":"https:\/\/www.au-pays-des-merveilles.com\/blog\/2011\/02\/09\/un-voyage-feerique-en-autriche-2\/","title":{"rendered":"{Carnet de voyages} Un voyage f\u00e9\u00e9rique en Autriche ~ 2\/2"},"content":{"rendered":"<p style=\"text-align: justify;\"><img loading=\"lazy\" decoding=\"async\" src=\"http:\/\/www.blogrider.fr\/v2\/track-vb-94001.html\" alt=\"\" width=\"1\" height=\"1\" border=\"0\" \/><\/p>\n<p style=\"text-align: justify;\">Lundi matin, que c\u2019est grisant de savoir qu\u2019on ne bosse pas et qu\u2019on est \u00e0 un millier de kms de son taf !! Malheureusement, nous avons eu moins de chance que les deux premiers jours puisqu\u2019il neigeait \u00e0 gros flocons en <a rel=\"nofollow noopener noreferrer\" rel=\"nofollow noopener noreferrer\" title=\"Autriche\" href=\"http:\/\/www.blogrider.fr\/v2\/track-cc-1175-vb-94001.html\" target=\"_blank\" rel=\"nofollow noopener\">Autriche<\/a>.<\/p>\n<p style=\"text-align: justify;\">Apr\u00e8s un petit d\u00e9jeuner copieux, nous disons au revoir (et surtout \u00e0 bient\u00f4t !) \u00e0 Gudrun, la responsable de <a rel=\"nofollow noopener noreferrer\" rel=\"nofollow noopener noreferrer\" href=\"http:\/\/www.weissesroessl.at\/\" target=\"_blank\" rel=\"nofollow noopener\">l\u2019Auberge du Cheval Blanc<\/a>, et prenons la route pour quelques heures afin de rejoindre la station de sport d\u2019hiver Zell am See.<\/p>\n<p style=\"text-align: justify;\"><img loading=\"lazy\" decoding=\"async\" class=\"aligncenter size-large wp-image-8250\" title=\"Panoramic view from the Schmittenhoehe\" src=\"https:\/\/www.au-pays-des-merveilles.com\/blog\/wp-content\/uploads\/2011\/02\/Panoramic-view-from-the-Schmittenhoehe-1024x200.jpg\" alt=\"\" width=\"681\" height=\"133\" srcset=\"https:\/\/www.au-pays-des-merveilles.com\/blog\/wp-content\/uploads\/2011\/02\/Panoramic-view-from-the-Schmittenhoehe-1024x200.jpg 1024w, https:\/\/www.au-pays-des-merveilles.com\/blog\/wp-content\/uploads\/2011\/02\/Panoramic-view-from-the-Schmittenhoehe-300x58.jpg 300w\" sizes=\"auto, (max-width: 681px) 100vw, 681px\" \/><\/p>\n<p style=\"text-align: center;\">\u274b\u274b\u274b\u274b\u274b\u274b\u274b\u274b\u274b\u274b\u274b\u274b\u274b\u274b\u274b\u274b<\/p>\n<p style=\"text-align: center;\"><!--more--><\/p>\n<p style=\"text-align: justify;\"><a rel=\"nofollow noopener noreferrer\" rel=\"nofollow noopener noreferrer\" title=\"Autriche\" href=\"http:\/\/www.blogrider.fr\/v2\/track-cc-1175-vb-94001.html\" target=\"_blank\" rel=\"nofollow noopener\">Day \u2013 3<\/a><\/p>\n<p style=\"text-align: justify;\">Les conditions m\u00e9t\u00e9o n\u2019\u00e9taient pas tr\u00e8s bonnes \u00e0 cause de la neige, on n\u2019a alors pas bien vu le paysage tout au long du chemin. Cela \u00e9tant, notre arriv\u00e9e \u00e0 l\u2019H\u00f4tel Salzburgerhof allait nous rendre le smile en moins de deux !<\/p>\n<p style=\"text-align: center;\"><a href=\"https:\/\/www.au-pays-des-merveilles.com\/blog\/wp-content\/uploads\/2011\/02\/DSC03139_thumb2.jpg\"><img loading=\"lazy\" decoding=\"async\" style=\"background-image: none; margin: 15px 0px; padding-left: 0px; padding-right: 0px; display: inline; padding-top: 0px; border: 0px;\" title=\"DSC03139_thumb2\" src=\"https:\/\/www.au-pays-des-merveilles.com\/blog\/wp-content\/uploads\/2011\/02\/DSC03139_thumb2_thumb.jpg\" alt=\"DSC03139_thumb2\" width=\"344\" height=\"259\" border=\"0\" \/><\/a> <a href=\"https:\/\/www.au-pays-des-merveilles.com\/blog\/wp-content\/uploads\/2011\/02\/DSC03137_thumb1.jpg\"><img loading=\"lazy\" decoding=\"async\" style=\"background-image: none; margin: 15px 0px; padding-left: 0px; padding-right: 0px; display: inline; padding-top: 0px; border: 0px;\" title=\"DSC03137_thumb1\" src=\"https:\/\/www.au-pays-des-merveilles.com\/blog\/wp-content\/uploads\/2011\/02\/DSC03137_thumb1_thumb.jpg\" alt=\"DSC03137_thumb1\" width=\"284\" height=\"377\" border=\"0\" \/><\/a><\/p>\n<p style=\"text-align: justify;\">Comment vous dire ? pour moi, franchir la porte de l\u2019H\u00f4tel Salzburgerhof c\u2019est comme aller au paradis ! Sans mentir, je n\u2019ai jamais vu un h\u00f4tel aussi beau dans une station de ski ! Une d\u00e9co \u00e0 carreaux like british, dans un int\u00e9rieur en bois, c\u2019est si chaleureux qu\u2019on s\u2019y sent tout de suite bien ! C\u2019est tout \u00e0 fait l\u2019id\u00e9e que je me faisais de la d\u00e9co autrichienne ! Nous sommes accueillis par la charmante propri\u00e9taire des lieux, Mme Holleis, qui nous souhaite la bienvenue et nous propose tout de suite de d\u00e9couvrir nos chambres. J\u2019en tr\u00e9pignais d\u2019avance !<\/p>\n<p style=\"text-align: center;\"><a href=\"https:\/\/www.au-pays-des-merveilles.com\/blog\/wp-content\/uploads\/2011\/02\/Art23_thumb3.jpg\"><img loading=\"lazy\" decoding=\"async\" class=\"aligncenter\" style=\"background-image: none; margin: 15px 0px; padding-left: 0px; padding-right: 0px; display: inline; padding-top: 0px; border: 0px;\" title=\"Art23_thumb3\" src=\"https:\/\/www.au-pays-des-merveilles.com\/blog\/wp-content\/uploads\/2011\/02\/Art23_thumb3_thumb.jpg\" alt=\"Art23_thumb3\" width=\"680\" height=\"171\" border=\"0\" \/><\/a><\/p>\n<p style=\"text-align: justify;\">Alors c\u2019est simple, une fois que j\u2019ai ouvert la porte de ma suite, je suis rest\u00e9e bouche b\u00e9e par tant d\u2019espace et de beaut\u00e9. Laetitia pourrait vous le confirmer, quand elle est pass\u00e9e devant ma porte, j\u2019\u00e9tais bloqu\u00e9e !!<\/p>\n<p style=\"text-align: center;\"><a href=\"https:\/\/www.au-pays-des-merveilles.com\/blog\/wp-content\/uploads\/2011\/02\/DSC03043_thumb10.jpg\"><img loading=\"lazy\" decoding=\"async\" class=\"aligncenter\" style=\"background-image: none; margin: 15px 0px; padding-left: 0px; padding-right: 0px; display: inline; padding-top: 0px; border: 0px;\" title=\"DSC03043_thumb10\" src=\"https:\/\/www.au-pays-des-merveilles.com\/blog\/wp-content\/uploads\/2011\/02\/DSC03043_thumb10_thumb.jpg\" alt=\"DSC03043_thumb10\" width=\"680\" height=\"511\" border=\"0\" \/><\/a><\/p>\n<p style=\"text-align: justify;\">De toute fa\u00e7on c\u2019est pas compliqu\u00e9, la chambre est plus grande que mon appart ! Je me suis empress\u00e9e de prendre 40000 photos et m\u00eame faire une vid\u00e9o. Une petite visite ?<\/p>\n<div id=\"scid:5737277B-5D6D-4f48-ABFC-DD9C333F4C5D:f9f8041b-ec05-4cc7-93ac-0aee9c3d1601\" class=\"class\" style=\"padding: 0px; margin: 0px auto; width: 448px; display: block; float: none; text-align: justify;\">\n<p><object width=\"448\" height=\"252\" classid=\"clsid:d27cdb6e-ae6d-11cf-96b8-444553540000\" codebase=\"http:\/\/download.macromedia.com\/pub\/shockwave\/cabs\/flash\/swflash.cab#version=6,0,40,0\"><param name=\"src\" value=\"http:\/\/www.youtube.com\/v\/0NEaszUp8Yw?hd=1\" \/><param name=\"wmode\" value=\"transparent\" \/><embed type=\"application\/x-shockwave-flash\" width=\"448\" height=\"252\" src=\"http:\/\/www.youtube.com\/v\/0NEaszUp8Yw?hd=1\" wmode=\"transparent\" \/><\/object><\/p>\n<div class=\"wlEditField\" style=\"width: 448px; clear: both; font-size: 0.8em;\">Entrez la l\u00e9gende de la vid\u00e9o ici<\/div>\n<\/div>\n<p style=\"text-align: justify;\">C\u2019est beau hein ?! ben c\u2019est pas fini ! nous n\u2019\u00e9tions pas au bout de nos surprises !<\/p>\n<p style=\"text-align: justify;\">Il \u00e9tait l\u2019heure de d\u00e9jeuner.<\/p>\n<p style=\"text-align: center;\"><a href=\"https:\/\/www.au-pays-des-merveilles.com\/blog\/wp-content\/uploads\/2011\/02\/DSC03052_thumb1.jpg\"><img loading=\"lazy\" decoding=\"async\" class=\"aligncenter\" style=\"background-image: none; margin: 15px 0px; padding-left: 0px; padding-right: 0px; display: inline; padding-top: 0px; border: 0px;\" title=\"DSC03052_thumb1\" src=\"https:\/\/www.au-pays-des-merveilles.com\/blog\/wp-content\/uploads\/2011\/02\/DSC03052_thumb1_thumb.jpg\" alt=\"DSC03052_thumb1\" width=\"680\" height=\"511\" border=\"0\" \/><\/a><\/p>\n<p style=\"text-align: justify;\">La table \u00e9tait dress\u00e9e et nous \u00e9tions ravis de pouvoir d\u00e9guster la fine cuisine de l\u2019h\u00f4tel.<\/p>\n<p style=\"text-align: justify;\"><a href=\"https:\/\/www.au-pays-des-merveilles.com\/blog\/wp-content\/uploads\/2011\/02\/Art15_thumb2.jpg\"><img loading=\"lazy\" decoding=\"async\" style=\"background-image: none; margin: 15px auto; padding-left: 0px; padding-right: 0px; display: block; float: none; padding-top: 0px; border: 0px;\" title=\"Art15_thumb2\" src=\"https:\/\/www.au-pays-des-merveilles.com\/blog\/wp-content\/uploads\/2011\/02\/Art15_thumb2_thumb.jpg\" alt=\"Art15_thumb2\" width=\"640\" height=\"215\" border=\"0\" \/><\/a><\/p>\n<p style=\"text-align: justify;\">C\u2019\u00e9tait excellent et si raffin\u00e9. Le demi citron enrhuban\u00e9 dans du tulle, c\u2019est so chic ! Un d\u00e9lice.<\/p>\n<p style=\"text-align: justify;\">Mme Holleis est venue nous chercher apr\u00e8s le repas afin de nous faire visiter l\u2019h\u00f4tel. C\u2019est un vrai labyrinthe, mais j\u2019aurais bien aim\u00e9 m\u2019y perdre plus longtemps tellement c\u2019\u00e9tait beau ! Le \u201cch\u00e2teau\u201d est bien articul\u00e9 : au sous sol, se trouve une salle de pratique pour le golf, un coiffeur, une piscine int\u00e9rieure, un bassin d\u2019eau sal\u00e9, les hammams et saunas, un hammam finois, on ne compte plus le nombre de cabines pour les soins tellement il y en a ! On monte un \u00e9tage o\u00f9 se trouve la salle de gym, la piscine int\u00e9rieure qui communique avec l\u2019ext\u00e9rieur, des salles de repos avec des matelas \u00e0 eau, un hammam, la salle d\u2019attente et on monte encore un \u00e9tage o\u00f9 on trouve d\u2019autres salles de repos et le jaccuzzi ext\u00e9rieur. C\u2019est juste magnifique ! On a toutes h\u00e2te de profiter de toutes ces merveilles.<\/p>\n<p style=\"text-align: justify;\"><a href=\"https:\/\/www.au-pays-des-merveilles.com\/blog\/wp-content\/uploads\/2011\/02\/Art16_thumb4.jpg\"><img loading=\"lazy\" decoding=\"async\" style=\"background-image: none; margin: 15px auto; padding-left: 0px; padding-right: 0px; display: block; float: none; padding-top: 0px; border: 0px;\" title=\"Art16_thumb4\" src=\"https:\/\/www.au-pays-des-merveilles.com\/blog\/wp-content\/uploads\/2011\/02\/Art16_thumb4_thumb.jpg\" alt=\"Art16_thumb4\" width=\"680\" height=\"609\" border=\"0\" \/><\/a><\/p>\n<p style=\"text-align: justify;\">Mais avant, on enfile nos manteaux et on part \u00e0 la d\u00e9couverte du domaine skiable du Schmittenh\u00f4he \u00e0 2000 m. d\u2019altitude. On fait la connaissance de la d\u00e9licieuse Nicole qui s\u2019occupe du t\u00e9l\u00e9ph\u00e9rique. Celui-ci est bien plus moderne que celui de la veille ! Les cabines sont tr\u00e8s grandes, il y a m\u00eame des t\u00e9l\u00e9s \u00e0 l\u2019int\u00e9rieur. J\u2019ai mieux support\u00e9 la mont\u00e9e, c\u2019est moins impressionnant que le Zw\u00f6lferhorn \u2026 c\u2019est peut \u00eatre parce que je m\u2019y sentais plus en s\u00e9curit\u00e9, je ne sais pas !<\/p>\n<p style=\"text-align: justify;\"><a href=\"https:\/\/www.au-pays-des-merveilles.com\/blog\/wp-content\/uploads\/2005\/01\/Art17_thumb4.jpg\"><img loading=\"lazy\" decoding=\"async\" style=\"background-image: none; margin: 15px auto; padding-left: 0px; padding-right: 0px; display: block; float: none; padding-top: 0px; border: 0px;\" title=\"Art17_thumb4\" src=\"https:\/\/www.au-pays-des-merveilles.com\/blog\/wp-content\/uploads\/2011\/02\/Art17_thumb4_thumb.jpg\" alt=\"Art17_thumb4\" width=\"680\" height=\"680\" border=\"0\" \/><\/a><\/p>\n<p style=\"text-align: justify;\">Alors pas de bol parce que la neige ne s\u2019arr\u00eate pas et nous n\u2019avons pas pu admirer le paysage qui part du glacier du Kitzsteinhorn \u00e0 3 029 m\u00e8tres d&rsquo;altitude jusqu&rsquo;aux rives du lac de Zell, ni faire une balade au sommet. Le froid \u00e9tait glacial et on s\u2019en prenait plein la poire ! Du coup, que fait on ? et si on allait s\u2019installer au chaud dans le refuge ?!<\/p>\n<p style=\"text-align: justify;\">Autour d\u2019un apfelstrudel et d\u2019une tasse de th\u00e9, nous avons appris que les travaux de construction du nouveau spa Tauern s\u2019achevaient. Le plus grand chantier touristique d&rsquo;Autriche se transforme en un espace de bien-\u00eatre de plus de 48 000 m\u00e8tres carr\u00e9s. Les visiteurs y trouveront saunas, hammams et piscines mais aussi un catalogue complet d&rsquo;activit\u00e9s sportives avec des \u00e9quipements de cardiotraining et de musculation. 17 cabines seront am\u00e9nag\u00e9es dans l&rsquo;espace spa pour les soins de beaut\u00e9 et les massages. Un h\u00f4tel quatre \u00e9toiles avec 320 lits viendra m\u00eame s&rsquo;int\u00e9grer dans ce nouveau centre exclusif \u00e0 Kaprun. L\u2019extension de la station au sommet du Kitzsteinhorn abritera apr\u00e8s son ach\u00e8vement un cin\u00e9ma, un restaurant et un centre d&rsquo;information sur le mont qui domine Kaprun. En coop\u00e9ration avec le parc national Hohe Tauern, une galerie de 360 m\u00e8tres de long sera par ailleurs am\u00e9nag\u00e9e afin d&rsquo;expliquer dans cinq espaces d&rsquo;information la formation du massif Hohe Tauern et du Kitzsteinhorn notamment. A compter de l&rsquo;\u00e9t\u00e9 2011, une nouvelle plate-forme panoramique verra \u00e9galement le jour.<\/p>\n<p style=\"text-align: justify;\">Nous avons pu voir les skieurs chevronn\u00e9s partir \u00e0 l\u2019encontre de la temp\u00eate ! N\u2019emp\u00eache, je ne sais pas si j\u2019aurais \u00e9t\u00e9 capable de descendre la vall\u00e9e vu qu\u2019il y a beaucoup de pistes noires (les pistes vertes n\u2019existent pas chez eux, ha ha ha !!). On va se contenter de reprendre le t\u00e9l\u00e9ph\u00e9rique !<\/p>\n<p style=\"text-align: center;\"><a href=\"https:\/\/www.au-pays-des-merveilles.com\/blog\/wp-content\/uploads\/2011\/02\/DSC03130_thumb2.jpg\"><img loading=\"lazy\" decoding=\"async\" class=\"aligncenter\" style=\"background-image: none; margin: 15px 0px; padding-left: 0px; padding-right: 0px; display: inline; padding-top: 0px; border: 0px;\" title=\"DSC03130_thumb2\" src=\"https:\/\/www.au-pays-des-merveilles.com\/blog\/wp-content\/uploads\/2011\/02\/DSC03130_thumb2_thumb.jpg\" alt=\"DSC03130_thumb2\" width=\"680\" height=\"511\" border=\"0\" \/><\/a><\/p>\n<p style=\"text-align: justify;\">En bonnes blogueuses beaut\u00e9 &amp; mode que nous sommes, on n\u2019a pas pu s\u2019emp\u00eacher avec <a rel=\"nofollow noopener noreferrer\" rel=\"nofollow noopener noreferrer\" href=\"http:\/\/www.monblogdefille.com\/blog\/\" target=\"_blank\" rel=\"nofollow noopener\">H\u00e9l\u00e8ne<\/a>, <a rel=\"nofollow noopener noreferrer\" rel=\"nofollow noopener noreferrer\" href=\"http:\/\/www.thebeautyandthegeek.fr\/\" target=\"_blank\" rel=\"nofollow noopener\">C\u00e9cile<\/a> et Laetitia de faire un stop shopping au village ! Je n\u2019ai pas pu m\u2019emp\u00eacher de ramener un baume \u00e0 l\u00e8vres au Propolis, conseill\u00e9 par Nicole !! Apr\u00e8s un d\u00e9tour par les petites boutiques et notamment <a rel=\"nofollow noopener noreferrer\" rel=\"nofollow noopener noreferrer\" href=\"http:\/\/www.swarovski.com\/Web_FR\/fr\/index\" target=\"_blank\" rel=\"nofollow noopener\">Swarovski<\/a>, on retourne \u00e0 l\u2019h\u00f4tel profiter de l\u2019espace Wellness.<\/p>\n<p style=\"text-align: justify;\"><a href=\"https:\/\/www.au-pays-des-merveilles.com\/blog\/wp-content\/uploads\/2011\/02\/IMG_1183_thumb1.jpg\"><img loading=\"lazy\" decoding=\"async\" style=\"background-image: none; margin: 15px auto; padding-left: 0px; padding-right: 0px; display: block; float: none; padding-top: 0px; border: 0px;\" title=\"IMG_1183_thumb1\" src=\"https:\/\/www.au-pays-des-merveilles.com\/blog\/wp-content\/uploads\/2011\/02\/IMG_1183_thumb1_thumb.jpg\" alt=\"IMG_1183_thumb1\" width=\"684\" height=\"514\" border=\"0\" \/><\/a><\/p>\n<p style=\"text-align: justify;\"><em>\u00a9 <a rel=\"nofollow noopener noreferrer\" rel=\"nofollow noopener noreferrer\" href=\"http:\/\/www.thebeautyandthegeek.fr\/\" target=\"_blank\" rel=\"nofollow noopener\">C\u00e9cile<\/a> 2011<\/em><\/p>\n<p style=\"text-align: justify;\">Avec <a rel=\"nofollow noopener noreferrer\" rel=\"nofollow noopener noreferrer\" href=\"http:\/\/www.monblogdefille.com\/blog\/\" target=\"_blank\" rel=\"nofollow noopener\">H\u00e9l\u00e8ne<\/a> et <a rel=\"nofollow noopener noreferrer\" rel=\"nofollow noopener noreferrer\" href=\"http:\/\/www.thebeautyandthegeek.fr\/\" target=\"_blank\" rel=\"nofollow noopener\">C\u00e9cile<\/a>, on se d\u00e9p\u00eache de prendre rendez-vous pour un soin dans la soir\u00e9e. Les prestations propos\u00e9es sont nombreuses et il est difficile de faire un choix. La directrice de l\u2019\u00e9tablissement nous conseille le Phytomassopodia (PMP) ou massage des pieds, le massage au miel de montagne, le traitement du dos, le massage corporel int\u00e9gral, le massage wellness anti stress, le soin du visage au collagen, ou encore la relaxation \u201cLigne St Barth\u201d. J\u2019ai choisi le massage du corps int\u00e9gral destin\u00e9 \u00e0 rel\u00e2cher la musculature et \u00e0 d\u00e9nouer les contractions.<\/p>\n<p style=\"text-align: center;\"><a href=\"https:\/\/www.au-pays-des-merveilles.com\/blog\/wp-content\/uploads\/2011\/02\/DSC03147_thumb2.jpg\"><img loading=\"lazy\" decoding=\"async\" class=\"aligncenter\" style=\"background-image: none; margin: 15px 0px; padding-left: 0px; padding-right: 0px; display: inline; padding-top: 0px; border: 0px;\" title=\"DSC03147_thumb2\" src=\"https:\/\/www.au-pays-des-merveilles.com\/blog\/wp-content\/uploads\/2011\/02\/DSC03147_thumb2_thumb.jpg\" alt=\"DSC03147_thumb2\" width=\"680\" height=\"511\" border=\"0\" \/><\/a><\/p>\n<p style=\"text-align: justify;\">Mais avant les festivit\u00e9s, j\u2019ai enfil\u00e9 mon maillot pour profiter de la piscine int\u00e9rieure et ext\u00e9rieure : quelle impression de pouvoir toucher la neige alors qu\u2019on barbote dans une eau chauff\u00e9e ! Le d\u00e9cor est magnifique, la f\u00e9\u00e9rie est totale ! Je pars avec C\u00e9cile tester les diff\u00e9rents saunas. Plusieurs cabines sont propos\u00e9es et pour vous aider dans votre visite, le maitre des lieux vous indique la marche \u00e0 suivre ! Il vous frotte m\u00eame le dos avec du sel pour le d\u00e9crassage soit total !! Une douche apr\u00e8s et votre peau est douce comme celle d\u2019un b\u00e9b\u00e9. Derni\u00e8re d\u00e9couverte avant mon soin : le jacuzzi en plein air o\u00f9 j\u2019y ai retrouv\u00e9 Laetitia et Isabelle ! Le truc de dingue !! Il neige, vous \u00eates dans le jacuzzi sous le ciel \u00e9toil\u00e9 et le feu de bois cr\u00e9pite juste \u00e0 c\u00f4t\u00e9. Est ce un r\u00eave ?! On \u00e9tait euphorique avec les filles !!<\/p>\n<p style=\"text-align: justify;\"><a href=\"https:\/\/www.au-pays-des-merveilles.com\/blog\/wp-content\/uploads\/2011\/02\/Art18_thumb1.jpg\"><img loading=\"lazy\" decoding=\"async\" style=\"background-image: none; margin: 15px auto; padding-left: 0px; padding-right: 0px; display: block; float: none; padding-top: 0px; border: 0px;\" title=\"Art18_thumb1\" src=\"https:\/\/www.au-pays-des-merveilles.com\/blog\/wp-content\/uploads\/2011\/02\/Art18_thumb1_thumb.jpg\" alt=\"Art18_thumb1\" width=\"680\" height=\"511\" border=\"0\" \/><\/a><\/p>\n<p style=\"text-align: justify;\">18h30 : l\u2019heure de mon soin. L\u2019esth\u00e9ticienne vient me chercher, elle parle parfaitement l\u2019anglais, ce qui facilite la chose ! Je mets le magnifique string en papier, je m\u2019installe et c\u2019\u00e9tait parti pour 50 minutes de bonheur ! Elle m\u2019a mass\u00e9 de la t\u00eate aux pieds avec une huile de massage de la ligne de soins \u201cSt Barth\u201d qui sentait d\u00e9licieusement bon. Elle est douce et dynamique \u00e0 la fois. Elle me demande si je supporte ses pressions, \u201cno problem my dear !\u201d. La d\u00e9tente est TOTALE ! Je suis au paradis ! J\u2019\u00e9tais tellement dans le cosmos qu\u2019elle s\u2019y est prise \u00e0 deux fois pour me dire que c\u2019\u00e9tait fini ! Elle me conseille de prendre mon temps et de m\u2019allonger dans une des salles de repos afin de prolonger les bienfaits de la d\u00e9tente mais il est d\u00e9j\u00e0 tard et je dois prendre ma douche avant d\u2019aller d\u00eener.<\/p>\n<p style=\"text-align: justify;\"><a href=\"https:\/\/www.au-pays-des-merveilles.com\/blog\/wp-content\/uploads\/2011\/02\/Art20_thumb1.jpg\"><img loading=\"lazy\" decoding=\"async\" style=\"background-image: none; margin: 15px auto; padding-left: 0px; padding-right: 0px; display: block; float: none; padding-top: 0px; border: 0px;\" title=\"Art20_thumb1\" src=\"https:\/\/www.au-pays-des-merveilles.com\/blog\/wp-content\/uploads\/2011\/02\/Art20_thumb1_thumb.jpg\" alt=\"Art20_thumb1\" width=\"364\" height=\"484\" border=\"0\" \/><\/a><\/p>\n<p style=\"text-align: justify;\">Je descends au restaurant rejoindre tout le monde. On \u00e9tait toutes ravies de nos soins et on avait qu\u2019une seule envie : recommencer ! Nous avons pris l\u2019ap\u00e9ritif avec la maitresse de maison, qui nous a conduit \u00e0 notre table pour le d\u00eener.<\/p>\n<p style=\"text-align: justify;\"><a href=\"https:\/\/www.au-pays-des-merveilles.com\/blog\/wp-content\/uploads\/2011\/02\/Art21_thumb3.jpg\"><img loading=\"lazy\" decoding=\"async\" style=\"background-image: none; margin: 15px auto; padding-left: 0px; padding-right: 0px; display: block; float: none; padding-top: 0px; border: 0px;\" title=\"Art21_thumb3\" src=\"https:\/\/www.au-pays-des-merveilles.com\/blog\/wp-content\/uploads\/2011\/02\/Art21_thumb3_thumb.jpg\" alt=\"Art21_thumb3\" width=\"680\" height=\"314\" border=\"0\" \/><\/a><\/p>\n<p style=\"text-align: justify;\">2 toques Gault &amp; Millau et 3 \u00e9toiles \u00e0 la carte, \u00e7a ira non ?! Inutile de vous dire que c\u2019\u00e9tait d\u00e9licieux, le menu parle de lui m\u00eame !<\/p>\n<p style=\"text-align: justify;\">Avant de partir faire dodo, avec les filles, on d\u00e9cid\u00e9 de faire notre fameuse vid\u00e9o beaut\u00e9 !<\/p>\n<p style=\"text-align: justify;\">La soir\u00e9e s\u2019ach\u00e8ve, je repars dans ma jolie suite \u2026 j\u2019\u00e9tais les 40 lumi\u00e8res de la chambre (!) sauf celle de mon chevet \u2026 je ne trouve pas l\u2019interrupteur !! hahaha !! <em>Je l\u2019ai d\u00e9branch\u00e9 !! <\/em><\/p>\n<p style=\"text-align: center;\">\u274b\u274b\u274b\u274b\u274b\u274b\u274b\u274b\u274b\u274b\u274b\u274b\u274b\u274b\u274b\u274b<\/p>\n<p style=\"text-align: justify;\"><a rel=\"nofollow noopener noreferrer\" rel=\"nofollow noopener noreferrer\" title=\"Autriche\" href=\"http:\/\/www.blogrider.fr\/v2\/track-cc-1175-vb-94001.html\" target=\"_blank\" rel=\"nofollow noopener\">Day &#8211; 4<\/a><\/p>\n<p style=\"text-align: justify;\">R\u00e9veil en douceur, j\u2019ouvre les rideaux et je vois qu\u2019il neige encore. C\u2019est bien dommage, il va falloir partir plus t\u00f4t pour rejoindre l\u2019a\u00e9roport. Ce n\u2019est pas grave, je d\u00e9cide de profiter \u00e0 fond des derniers moments dans cet endroit somptueux.<\/p>\n<p style=\"text-align: justify;\"><a href=\"https:\/\/www.au-pays-des-merveilles.com\/blog\/wp-content\/uploads\/2011\/02\/Art22_thumb1.jpg\"><img loading=\"lazy\" decoding=\"async\" style=\"background-image: none; margin: 15px auto; padding-left: 0px; padding-right: 0px; display: block; float: none; padding-top: 0px; border: 0px;\" title=\"Art22_thumb1\" src=\"https:\/\/www.au-pays-des-merveilles.com\/blog\/wp-content\/uploads\/2011\/02\/Art22_thumb1_thumb.jpg\" alt=\"Art22_thumb1\" width=\"680\" height=\"511\" border=\"0\" \/><\/a><\/p>\n<p style=\"text-align: justify;\">Je pars, emmitoufl\u00e9e dans mon peignoir, tester le bassin d\u2019eau sal\u00e9e de la Mer Morte, tellement sal\u00e9e qu\u2019il parait que l\u2019on flotte : le Floating Pool !<\/p>\n<p style=\"text-align: justify;\"><a href=\"https:\/\/www.au-pays-des-merveilles.com\/blog\/wp-content\/uploads\/2011\/02\/1_thumb2.jpg\"><img loading=\"lazy\" decoding=\"async\" style=\"background-image: none; margin: 15px auto; padding-left: 0px; padding-right: 0px; display: block; float: none; padding-top: 0px; border: 0px;\" title=\"1_thumb2\" src=\"https:\/\/www.au-pays-des-merveilles.com\/blog\/wp-content\/uploads\/2011\/02\/1_thumb2_thumb.jpg\" alt=\"1_thumb2\" width=\"640\" height=\"430\" border=\"0\" \/><\/a><\/p>\n<p style=\"text-align: justify;\">J\u2019\u00e9tais seule dans cet endroit ferm\u00e9, bleut\u00e9. Quelle \u00e9trange sensation ! J\u2019ai l\u2019impression d\u2019\u00eatre dans la kryptonite de Superman avec la d\u00e9co !! Au sortir de l\u2019eau, on sent effectivement que la peau est tr\u00e8s sal\u00e9e. Ca tiraille. Parait il que c\u2019est tr\u00e8s bon pour les personnes souffrant de psoriasis ou d\u2019ecz\u00e9ma. Je prends une douche juste \u00e0 c\u00f4t\u00e9 et remonte m\u2019habiller pour d\u00e9guster le petit d\u00e9jeuner.<\/p>\n<p style=\"text-align: justify;\">Quelle merveille ce petit d\u00e9j\u2019 ! Je n\u2019ai pas c\u00e9d\u00e9 \u00e0 la tentation des plats sal\u00e9s. Je pr\u00e9f\u00e8re les petites douceurs moi le matin ! Petits pains, viennoiseries, gaufres, confitures, miel, yahourt, fruits, jus d\u2019orange \u2026 je me suis r\u00e9gal\u00e9e !<\/p>\n<p style=\"text-align: justify;\"><a href=\"https:\/\/www.au-pays-des-merveilles.com\/blog\/wp-content\/uploads\/2011\/02\/DSC03165_thumb1.jpg\"><img loading=\"lazy\" decoding=\"async\" style=\"background-image: none; margin: 15px auto; padding-left: 0px; padding-right: 0px; display: block; float: none; padding-top: 0px; border: 0px;\" title=\"DSC03165_thumb1\" src=\"https:\/\/www.au-pays-des-merveilles.com\/blog\/wp-content\/uploads\/2011\/02\/DSC03165_thumb1_thumb.jpg\" alt=\"DSC03165_thumb1\" width=\"644\" height=\"482\" border=\"0\" \/><\/a><\/p>\n<p style=\"text-align: justify;\">Alors que les filles partaient pour un dernier tour en ville, j\u2019ai pr\u00e9f\u00e9r\u00e9 profiter de ma grande chambre et tester le hammam dans ma salle de bain. Surprise, je n\u2019avais pas vu qu\u2019en plus il y avait la douche !! Un vrai petit moment de bonheur \u00e9goiste !<\/p>\n<p style=\"text-align: justify;\">Le c\u0153ur lourd, je plie bagage et rejoins tout le monde. La navette pour l\u2019a\u00e9roport nous attendait. L\u2019adorable propri\u00e9taire et deux de ses h\u00f4tesses nous ont salu\u00e9 sur le parvis de l\u2019h\u00f4tel (et moi je pleure !!)<\/p>\n<p style=\"text-align: justify;\">En cours de route, nous avons pu d\u00e9guster les lunch bags donn\u00e9s par l\u2019h\u00f4tel. Arriv\u00e9s \u00e0 l\u2019a\u00e9roport de Munich, nous avons fait les boutiques en attendant le d\u00e9collage. Le r\u00eave est fini, il faut rentrer \u00e0 Paris.<\/p>\n<p style=\"text-align: center;\">\u274b\u274b\u274b\u274b\u274b\u274b\u274b\u274b\u274b\u274b\u274b\u274b\u274b\u274b\u274b\u274b<\/p>\n<p style=\"text-align: center;\"><img loading=\"lazy\" decoding=\"async\" class=\"aligncenter size-large wp-image-8251\" title=\"Zell am See by night\" src=\"https:\/\/www.au-pays-des-merveilles.com\/blog\/wp-content\/uploads\/2011\/02\/Zell-am-See-by-night-1024x683.jpg\" alt=\"\" width=\"680\" height=\"453\" srcset=\"https:\/\/www.au-pays-des-merveilles.com\/blog\/wp-content\/uploads\/2011\/02\/Zell-am-See-by-night-1024x683.jpg 1024w, https:\/\/www.au-pays-des-merveilles.com\/blog\/wp-content\/uploads\/2011\/02\/Zell-am-See-by-night-300x200.jpg 300w\" sizes=\"auto, (max-width: 680px) 100vw, 680px\" \/><\/p>\n<p style=\"text-align: justify;\">Un mot : MAGIQUE ! Ce voyage \u00e9tait magique ! L\u2019Autriche r\u00e9serve de bien belles surprises : de magnifiques paysages, des h\u00f4tels de r\u00eave, une cuisine gourmande, des habitants chaleureux. J\u2019ai bien conscience que nous sommes all\u00e9s dans de tr\u00e8s beaux h\u00f4tels. Cela \u00e9tant, les tarifs sont raisonnables vu les prestations propos\u00e9es et si vous voulez trouver moins cher, ce n\u2019est pas l\u2019offre qui manque !<\/p>\n<p style=\"text-align: justify;\">Je voulais dire un <strong><span style=\"font-size: small;\">ENORME MERCI<\/span><\/strong> \u00e0 l\u2019\u00e9quipe Adrider (Arnaud &amp; Khlauda), Gudrun (<a rel=\"nofollow noopener noreferrer\" rel=\"nofollow noopener noreferrer\" href=\"http:\/\/www.austria.info\/fr\" target=\"_blank\" rel=\"nofollow noopener\">Office National du Tourisme Autrichien<\/a>), Gudrun et toute l\u2019\u00e9quipe de l\u2019\u00e9quipe de l\u2019h\u00f4tel <a rel=\"nofollow noopener noreferrer\" rel=\"nofollow noopener noreferrer\" href=\"http:\/\/www.weissesroessl.at\/\" target=\"_blank\" rel=\"nofollow noopener\">Im Weissen R\u00f6ssl<\/a>, l\u2019Office du Tourisme de Wolfgangsee, Mme Holleis et toute l\u2019\u00e9quipe de l\u2019h\u00f4tel Salzburgerhof, Nicole de Zell am see qui ont fait de ce voyage un r\u00eave !<\/p>\n<p style=\"text-align: justify;\">Merci \u00e9galement \u00e0 mes acolytes <a rel=\"nofollow noopener noreferrer\" rel=\"nofollow noopener noreferrer\" href=\"http:\/\/www.monblogdefille.com\/blog\/\" target=\"_blank\" rel=\"nofollow noopener\">H\u00e9l\u00e8ne<\/a>, Isabelle, <a rel=\"nofollow noopener noreferrer\" rel=\"nofollow noopener noreferrer\" href=\"http:\/\/www.thebeautyandthegeek.fr\/\" target=\"_blank\" rel=\"nofollow noopener\">C\u00e9cile<\/a> et Laetitia pour la bonne ambiance qui r\u00e9gnait pendant ces 4 jours !<\/p>\n<p style=\"text-align: justify;\">J\u2019esp\u00e8re que mes r\u00e9cits vont ont donn\u00e9 envie de d\u00e9couvrir ce fabuleux pays qu&rsquo;est <a rel=\"nofollow noopener noreferrer\" rel=\"nofollow noopener noreferrer\" title=\"Autriche\" href=\"http:\/\/www.blogrider.fr\/v2\/track-cc-1175-vb-94001.html\" target=\"_blank\" rel=\"nofollow noopener\">l&rsquo;Autriche<\/a>. Moi je sais d\u00e9j\u00e0 o\u00f9 je vais aller cet \u00e9t\u00e9 \u2026<\/p>\n<p style=\"text-align: justify;\">Auf Wiedersehen !<\/p>\n<p style=\"text-align: center;\">\u274b\u274b\u274b\u274b\u274b\u274b\u274b\u274b\u274b\u274b\u274b\u274b\u274b\u274b\u274b\u274b<\/p>\n<h1 style=\"text-align: justify;\"><span style=\"text-decoration: underline;\">Adresses :<\/span><\/h1>\n<p style=\"text-align: justify;\">&#8211; <span style=\"text-decoration: underline;\"><strong>H\u00f4tel et restaurant<\/strong><\/span> : H\u00d4TEL SYBARITIQUE DE GOLF &amp; WELLNESS SALZBURGERHOF*****<\/p>\n<p style=\"text-align: justify;\">Auerspergstra\u00dfe 11 A-5700 Zell am See Tel: +43 6542 765 Fax: +43 6542 765 66<\/p>\n<p style=\"text-align: justify;\"><em>Tarifs : entre 120\u20ac et 320\u20ac la nuit\/pers l\u2019hiver et entre 95\u20ac et 310\u20ac la nuit\/pers l\u2019\u00e9t\u00e9<\/em><\/p>\n<p style=\"text-align: justify;\">&#8211; <strong><span style=\"text-decoration: underline;\">Lieux \u00e0 d\u00e9couvrir<\/span><\/strong> :<\/p>\n<p style=\"text-align: justify;\">&#8211; Station Zell am see Kaprun : http:\/\/www.zellamsee-kaprun.com\/en<\/p>\n<p style=\"text-align: justify;\">&#8211; T\u00e9l\u00e9ph\u00e9rique Schmitten : http:\/\/www.schmitten.at\/index.php?id=1&amp;L=1<\/p>\n<p style=\"text-align: justify;\"><em>Vous pourrez retrouver toutes les adresses dans mon <a href=\"https:\/\/www.au-pays-des-merveilles.com\/blog\/address-book-2\/\" target=\"_blank\" rel=\"noopener noreferrer\">Address Book<\/a> !<\/em><\/p>\n<p style=\"text-align: justify;\"><em>Voyage de presse sponsoris\u00e9 par Adrider<\/em><\/p>\n","protected":false},"excerpt":{"rendered":"<p>Lundi matin, que c\u2019est grisant de savoir qu\u2019on ne bosse pas et qu\u2019on est \u00e0 un millier de kms de son taf !! Malheureusement, nous avons eu moins de chance que les deux premiers jours puisqu\u2019il neigeait \u00e0 gros flocons en Autriche. Apr\u00e8s un petit d\u00e9jeuner copieux, nous disons au revoir (et surtout \u00e0 bient\u00f4t<\/p>\n","protected":false},"author":1,"featured_media":0,"comment_status":"open","ping_status":"open","sticky":false,"template":"","format":"standard","meta":{"footnotes":""},"categories":[20,11],"tags":[374,49,243,413,41,407,47,411,247,378,412,416,414,51,159,58,415,377,1429],"class_list":["post-8242","post","type-post","status-publish","format-standard","hentry","category-buzz","category-voyages","tag-autriche","tag-beaute","tag-bien-etre","tag-cheval","tag-chocolat","tag-crepes","tag-cuisine","tag-gourmandises","tag-hiver","tag-hotel","tag-jaccuzzi","tag-kaiserschmarrn","tag-lac","tag-massage","tag-piscine","tag-restaurant","tag-sachertorte","tag-spa","tag-voyage"],"_links":{"self":[{"href":"https:\/\/www.au-pays-des-merveilles.com\/blog\/wp-json\/wp\/v2\/posts\/8242","targetHints":{"allow":["GET"]}}],"collection":[{"href":"https:\/\/www.au-pays-des-merveilles.com\/blog\/wp-json\/wp\/v2\/posts"}],"about":[{"href":"https:\/\/www.au-pays-des-merveilles.com\/blog\/wp-json\/wp\/v2\/types\/post"}],"author":[{"embeddable":true,"href":"https:\/\/www.au-pays-des-merveilles.com\/blog\/wp-json\/wp\/v2\/users\/1"}],"replies":[{"embeddable":true,"href":"https:\/\/www.au-pays-des-merveilles.com\/blog\/wp-json\/wp\/v2\/comments?post=8242"}],"version-history":[{"count":0,"href":"https:\/\/www.au-pays-des-merveilles.com\/blog\/wp-json\/wp\/v2\/posts\/8242\/revisions"}],"wp:attachment":[{"href":"https:\/\/www.au-pays-des-merveilles.com\/blog\/wp-json\/wp\/v2\/media?parent=8242"}],"wp:term":[{"taxonomy":"category","embeddable":true,"href":"https:\/\/www.au-pays-des-merveilles.com\/blog\/wp-json\/wp\/v2\/categories?post=8242"},{"taxonomy":"post_tag","embeddable":true,"href":"https:\/\/www.au-pays-des-merveilles.com\/blog\/wp-json\/wp\/v2\/tags?post=8242"}],"curies":[{"name":"wp","href":"https:\/\/api.w.org\/{rel}","templated":true}]}}