{"id":8260,"date":"2011-02-10T00:35:32","date_gmt":"2011-02-09T23:35:32","guid":{"rendered":"http:\/\/www.au-pays-des-merveilles.com\/blog\/?p=8260"},"modified":"2019-03-22T17:17:26","modified_gmt":"2019-03-22T15:17:26","slug":"concours-cine-paul","status":"publish","type":"post","link":"https:\/\/www.au-pays-des-merveilles.com\/blog\/2011\/02\/10\/concours-cine-paul\/","title":{"rendered":"2 places pour la projection priv\u00e9e de \u00ab\u00a0Paul\u00a0\u00bb \u00e0 gagner !"},"content":{"rendered":"<p><a href=\"https:\/\/www.au-pays-des-merveilles.com\/blog\/wp-content\/uploads\/2011\/02\/image1.png\"><img loading=\"lazy\" decoding=\"async\" style=\"background-image: none; margin: 15px auto; padding-left: 0px; padding-right: 0px; display: block; float: none; padding-top: 0px; border: 0px;\" title=\"image\" src=\"https:\/\/www.au-pays-des-merveilles.com\/blog\/wp-content\/uploads\/2011\/02\/image_thumb3.png\" border=\"0\" alt=\"image\" width=\"364\" height=\"484\" \/><\/a><\/p>\n<p style=\"text-align: justify;\">Depuis 60 ans, Paul, un extraterrestre, vit sur terre et collabore avec le gouvernement am\u00e9ricain. Il se cache \u00e0 l&rsquo;abri des regards dans une base militaire ultra secr\u00e8te&#8230; Paul est \u00e0 l&rsquo;origine de tout ce qu\u2019on a pu imaginer sur les extraterrestres, du merchandising aux sc\u00e9narios de <em>Rencontres du troisi\u00e8me type <\/em>, <em>E.T.<\/em> ou encore <em>X Files<\/em>. H\u00e9las pour lui, maintenant que le gouvernement am\u00e9ricain lui a soutir\u00e9 toutes les informations int\u00e9ressantes sur la vie extraterrestre, il d\u00e9cide de se d\u00e9barrasser de lui. Paul r\u00e9ussit alors \u00e0 s&rsquo;\u00e9chapper et tombe nez \u00e0 nez avec deux adolescents attard\u00e9s fans de science-fiction qui sillonnent les \u00c9tats-Unis en camping car. Paul les convainc de l&#8217;emmener avec eux et de l&rsquo;aider \u00e0 quitter la terre. La t\u00e2che s\u2019av\u00e8re d&rsquo;autant plus difficile pour nos deux \u00ab\u00a0h\u00e9ros du dimanche\u00a0\u00bb qu&rsquo;ils sont poursuivis par un flic implacable assist\u00e9 de deux pieds nickel\u00e9s du FBI&#8230;<\/p>\n<p style=\"text-align: justify;\"><em>Date de sortie cin\u00e9ma : <\/em><a href=\"http:\/\/www.allocine.fr\/film\/agenda.html?week=2011-03-02\"><em>2 mars 2011<\/em><\/a><\/p>\n<p style=\"text-align: justify;\"><em>R\u00e9alis\u00e9 par <\/em><a href=\"http:\/\/www.allocine.fr\/personne\/fichepersonne_gen_cpersonne=25031.html\"><em>Greg Mottola<\/em><\/a><br \/>\n<em>Avec <\/em><a href=\"http:\/\/www.allocine.fr\/personne\/fichepersonne_gen_cpersonne=43981.html\"><em>Simon Pegg<\/em><\/a><em>, <\/em><a href=\"http:\/\/www.allocine.fr\/personne\/fichepersonne_gen_cpersonne=98438.html\"><em>Nick Frost<\/em><\/a><em>, <\/em><a href=\"http:\/\/www.allocine.fr\/personne\/fichepersonne_gen_cpersonne=124415.html\"><em>Seth Rogen<\/em><\/a><em>, <\/em><a href=\"http:\/\/www.allocine.fr\/film\/casting_gen_cfilm=131015.html\"><em>plus<\/em><\/a><\/p>\n<p style=\"text-align: justify;\"><em>Long-m\u00e9trage <\/em><a href=\"http:\/\/www.allocine.fr\/film\/tous\/pays-5001\/\"><em>fran\u00e7ais<\/em><\/a><em> , <\/em><a href=\"http:\/\/www.allocine.fr\/film\/tous\/pays-5002\/\"><em>am\u00e9ricain<\/em><\/a><em> , <\/em><a href=\"http:\/\/www.allocine.fr\/film\/tous\/pays-5004\/\"><em>britannique<\/em><\/a><em> , <\/em><a href=\"http:\/\/www.allocine.fr\/film\/tous\/pays-5017\/\"><em>espagnol<\/em><\/a><em> . Genre : <\/em><a href=\"http:\/\/www.allocine.fr\/film\/tous\/genre-13005\/\"><em>Com\u00e9die<\/em><\/a><em> , <\/em><a href=\"http:\/\/www.allocine.fr\/film\/tous\/genre-13021\/\"><em>Science fiction<\/em><\/a><br \/>\n<em>Dur\u00e9e : 01h42min Ann\u00e9e de production : <\/em><a href=\"http:\/\/www.allocine.fr\/film\/tous\/decennie-2010\/?year=2010\"><em>2010<\/em><\/a><br \/>\n<em>Distributeur : <\/em><a href=\"http:\/\/www.allocine.fr\/societe\/fichesociete-15897\/\"><em>Universal Pictures International France<\/em><\/a><\/p>\n<p style=\"text-align: justify;\">Grace au club 300 Allocin\u00e9, je peux vous faire gagner <strong>deux places pour la projection priv\u00e9e <a rel=\"nofollow\" rel=\"nofollow noopener noreferrer\" href=\"http:\/\/www.allocine.fr\/film\/fichefilm_gen_cfilm=131015.html\" target=\"_blank\">Paul<\/a><\/strong> qui aura lieu<strong> <\/strong>le <strong>Mardi 15 F\u00e9vrier \u00e0 partir de 19h30<\/strong>, \u00e0 Paris.<\/p>\n<p style=\"text-align: justify;\">Alors si vous \u00eates dispo et sur Paris mardi, laissez un commentaire (jusqu\u2019\u00e0 samedi soir 20h), je ferais un tirage au sort, r\u00e9sultats le dimanche. Il me faudra les noms le + vite possible ok ?!<\/p>\n<p style=\"text-align: justify;\">Good luck !<\/p>\n<p style=\"text-align: justify;\"><span style=\"color: #ff99cc;\"><span style=\"text-decoration: underline;\">Edit du dimanche<\/span> : j&rsquo;ai pos\u00e9 la question sur<a rel=\"nofollow\" href=\"http:\/\/twitter.com\/#!\/missginy\" class=\"broken_link\"> mon twitter<\/a> et on m&rsquo;a r\u00e9pondu le n\u00b0 2<br \/>\n<\/span><\/p>\n<p style=\"text-align: justify;\"><span style=\"color: #ff99cc;\">Bravo <\/span>yummykaty\u00a0<span style=\"color: #ff99cc;\"> ! je te mail tout de suite ! <\/span><\/p>\n","protected":false},"excerpt":{"rendered":"<p>Depuis 60 ans, Paul, un extraterrestre, vit sur terre et collabore avec le gouvernement am\u00e9ricain. Il se cache \u00e0 l&rsquo;abri des regards dans une base militaire ultra secr\u00e8te&#8230; Paul est \u00e0 l&rsquo;origine de tout ce qu\u2019on a pu imaginer sur les extraterrestres, du merchandising aux sc\u00e9narios de Rencontres du troisi\u00e8me type , E.T. ou encore<\/p>\n","protected":false},"author":1,"featured_media":0,"comment_status":"open","ping_status":"open","sticky":false,"template":"","format":"standard","meta":{"footnotes":""},"categories":[5,25],"tags":[70,1430],"class_list":["post-8260","post","type-post","status-publish","format-standard","hentry","category-cinema-musique-livres","category-concours","tag-cinema","tag-concours"],"_links":{"self":[{"href":"https:\/\/www.au-pays-des-merveilles.com\/blog\/wp-json\/wp\/v2\/posts\/8260","targetHints":{"allow":["GET"]}}],"collection":[{"href":"https:\/\/www.au-pays-des-merveilles.com\/blog\/wp-json\/wp\/v2\/posts"}],"about":[{"href":"https:\/\/www.au-pays-des-merveilles.com\/blog\/wp-json\/wp\/v2\/types\/post"}],"author":[{"embeddable":true,"href":"https:\/\/www.au-pays-des-merveilles.com\/blog\/wp-json\/wp\/v2\/users\/1"}],"replies":[{"embeddable":true,"href":"https:\/\/www.au-pays-des-merveilles.com\/blog\/wp-json\/wp\/v2\/comments?post=8260"}],"version-history":[{"count":0,"href":"https:\/\/www.au-pays-des-merveilles.com\/blog\/wp-json\/wp\/v2\/posts\/8260\/revisions"}],"wp:attachment":[{"href":"https:\/\/www.au-pays-des-merveilles.com\/blog\/wp-json\/wp\/v2\/media?parent=8260"}],"wp:term":[{"taxonomy":"category","embeddable":true,"href":"https:\/\/www.au-pays-des-merveilles.com\/blog\/wp-json\/wp\/v2\/categories?post=8260"},{"taxonomy":"post_tag","embeddable":true,"href":"https:\/\/www.au-pays-des-merveilles.com\/blog\/wp-json\/wp\/v2\/tags?post=8260"}],"curies":[{"name":"wp","href":"https:\/\/api.w.org\/{rel}","templated":true}]}}