{"id":8417,"date":"2011-03-01T07:16:54","date_gmt":"2011-03-01T06:16:54","guid":{"rendered":"http:\/\/www.au-pays-des-merveilles.com\/blog\/?p=8417"},"modified":"2019-04-28T12:11:51","modified_gmt":"2019-04-28T10:11:51","slug":"fevrier-2011-p365","status":"publish","type":"post","link":"https:\/\/www.au-pays-des-merveilles.com\/blog\/2011\/03\/01\/fevrier-2011-p365\/","title":{"rendered":"F\u00e9vrier 2011 {P365}"},"content":{"rendered":"<p><a href=\"https:\/\/www.au-pays-des-merveilles.com\/blog\/wp-content\/uploads\/2011\/02\/Fvrier-2011-collage.jpg\"><img loading=\"lazy\" decoding=\"async\" style=\"background-image: none; margin: 15px auto; padding-left: 0px; padding-right: 0px; display: block; float: none; padding-top: 0px; border: 0px;\" title=\"F\u00e9vrier 2011 collage\" src=\"https:\/\/www.au-pays-des-merveilles.com\/blog\/wp-content\/uploads\/2011\/02\/Fvrier-2011-collage_thumb.jpg\" border=\"0\" alt=\"F\u00e9vrier 2011 collage\" width=\"504\" height=\"783\" \/><\/a><\/p>\n<p style=\"text-align: justify;\">J\u2019en reviens pas que le mois de f\u00e9vrier soit d\u00e9j\u00e0 fini ! A sa d\u00e9charge, il n\u2019avait que 28 petits jours. J\u2019ai \u00e9t\u00e9 malade la moiti\u00e9 du temps (quelques comprim&eacute;s d&#039;<a rel=\"nofollow\" href=\"http:\/\/www.lehning.com\/index.php\/fr\/qui-sommes-nous\/une-ethique-de-sante-au-naturel\/lhomeopathie.html\" class=\"broken_link\">hom&eacute;opathie<\/a>, et hop c&#039;est reparti) et une autre semaine a \u00e9t\u00e9 mang\u00e9e par mon concours donc forc\u00e9ment j\u2019ai pas vu grand chose ! J\u2019ai fait beaucoup plus de photos au reflex ce mois-ci et il n\u2019y a pas \u00e0 dire on apprend vraiment quand on pratique plus souvent !<\/p>\n<p style=\"text-align: justify;\"><a href=\"https:\/\/www.au-pays-des-merveilles.com\/blog\/wp-content\/uploads\/2011\/02\/ComposezReglezDeclenchez-2.jpg\"><img loading=\"lazy\" decoding=\"async\" style=\"background-image: none; margin: 15px 20px 15px 0px; padding-left: 0px; padding-right: 0px; display: inline; float: left; padding-top: 0px; border: 0px;\" title=\"ComposezReglezDeclenchez (2)\" src=\"https:\/\/www.au-pays-des-merveilles.com\/blog\/wp-content\/uploads\/2011\/02\/ComposezReglezDeclenchez-2_thumb.jpg\" border=\"0\" alt=\"ComposezReglezDeclenchez (2)\" width=\"151\" height=\"164\" align=\"left\" \/><\/a>Un livre m\u2019aide beaucoup en ce moment, c\u2019est celui de Anne-laure Jacquart \u201c<a rel=\"nofollow noopener noreferrer\" rel=\"nofollow noopener noreferrer\" href=\"http:\/\/www.facebook.com\/pages\/Composez-reglez-declenchez-La-photo-pas-a-pas-Anne-Laure-Jacquart\/183307641710002\" target=\"_blank\">Composez, r\u00e9glez, d\u00e9clenchez<\/a> !\u201d. C\u2019est une mine d\u2019or d\u2019infos et de conseils pour les d\u00e9butants ou m\u00eame pour les photographes avertis. Il est tr\u00e8s agr\u00e9able \u00e0 lire et tr\u00e8s facile \u00e0 comprendre. Un must ! Je vous le conseille vivement.<\/p>\n<p style=\"text-align: justify;\">Le mois de Mars s\u2019annonce bien (charg\u00e9 d\u2019ailleurs !), je pense faire de jolies photos !<\/p>\n<p style=\"text-align: justify;\">On continue ?!<\/p>\n<p style=\"text-align: justify;\"><a rel=\"nofollow\" href=\"http:\/\/www.flickr.com\/groups\/2011-en-photos\/\">2011 en photos<\/a><\/p>\n","protected":false},"excerpt":{"rendered":"<p>J\u2019en reviens pas que le mois de f\u00e9vrier soit d\u00e9j\u00e0 fini ! A sa d\u00e9charge, il n\u2019avait que 28 petits jours. J\u2019ai \u00e9t\u00e9 malade la moiti\u00e9 du temps (quelques comprim&eacute;s d&#039;hom&eacute;opathie, et hop c&#039;est reparti) et une autre semaine a \u00e9t\u00e9 mang\u00e9e par mon concours donc forc\u00e9ment j\u2019ai pas vu grand chose ! J\u2019ai fait<\/p>\n","protected":false},"author":1,"featured_media":0,"comment_status":"open","ping_status":"open","sticky":false,"template":"","format":"standard","meta":{"footnotes":""},"categories":[13,26],"tags":[312,61,354,195],"class_list":["post-8417","post","type-post","status-publish","format-standard","hentry","category-calendrier","category-photography","tag-canon","tag-livre","tag-p365","tag-photo"],"_links":{"self":[{"href":"https:\/\/www.au-pays-des-merveilles.com\/blog\/wp-json\/wp\/v2\/posts\/8417","targetHints":{"allow":["GET"]}}],"collection":[{"href":"https:\/\/www.au-pays-des-merveilles.com\/blog\/wp-json\/wp\/v2\/posts"}],"about":[{"href":"https:\/\/www.au-pays-des-merveilles.com\/blog\/wp-json\/wp\/v2\/types\/post"}],"author":[{"embeddable":true,"href":"https:\/\/www.au-pays-des-merveilles.com\/blog\/wp-json\/wp\/v2\/users\/1"}],"replies":[{"embeddable":true,"href":"https:\/\/www.au-pays-des-merveilles.com\/blog\/wp-json\/wp\/v2\/comments?post=8417"}],"version-history":[{"count":0,"href":"https:\/\/www.au-pays-des-merveilles.com\/blog\/wp-json\/wp\/v2\/posts\/8417\/revisions"}],"wp:attachment":[{"href":"https:\/\/www.au-pays-des-merveilles.com\/blog\/wp-json\/wp\/v2\/media?parent=8417"}],"wp:term":[{"taxonomy":"category","embeddable":true,"href":"https:\/\/www.au-pays-des-merveilles.com\/blog\/wp-json\/wp\/v2\/categories?post=8417"},{"taxonomy":"post_tag","embeddable":true,"href":"https:\/\/www.au-pays-des-merveilles.com\/blog\/wp-json\/wp\/v2\/tags?post=8417"}],"curies":[{"name":"wp","href":"https:\/\/api.w.org\/{rel}","templated":true}]}}