{"id":8503,"date":"2011-03-14T07:00:27","date_gmt":"2011-03-14T06:00:27","guid":{"rendered":"http:\/\/www.au-pays-des-merveilles.com\/blog\/?p=8503"},"modified":"2019-03-22T17:17:25","modified_gmt":"2019-03-22T15:17:25","slug":"un-peu-de-pastel-dans-votre-printemps","status":"publish","type":"post","link":"https:\/\/www.au-pays-des-merveilles.com\/blog\/2011\/03\/14\/un-peu-de-pastel-dans-votre-printemps\/","title":{"rendered":"Un peu de pastel dans votre printemps"},"content":{"rendered":"<p style=\"text-align: justify;\"><a href=\"https:\/\/www.au-pays-des-merveilles.com\/blog\/wp-content\/uploads\/2011\/03\/image1.png\"><img loading=\"lazy\" decoding=\"async\" style=\"background-image: none; margin: 15px auto; padding-left: 0px; padding-right: 0px; display: block; float: none; padding-top: 0px; border: 0px;\" title=\"image\" src=\"https:\/\/www.au-pays-des-merveilles.com\/blog\/wp-content\/uploads\/2011\/03\/image_thumb1.png\" border=\"0\" alt=\"image\" width=\"644\" height=\"255\" \/><\/a><\/p>\n<p style=\"text-align: justify;\"><a rel=\"nofollow\" rel=\"nofollow noopener noreferrer\" href=\"http:\/\/fr.clarins.com\" target=\"_blank\">CLARINS<\/a> me surprend de collection en collection ! Je prends toujours autant de plaisir \u00e0 d\u00e9couvrir les nouvelles couleurs, les nouvelles mati\u00e8res des maquillages propos\u00e9s par la marque.<\/p>\n<p style=\"text-align: justify;\">Cette ann\u00e9e, le pastel est le ma\u00eetre mot de la collection maquillage printemps ! Ce n\u2019est pas pour me d\u00e9plaire. Je suis fan du maquillage l\u00e9ger et naturel.<\/p>\n<p style=\"text-align: justify;\">Plusieurs looks make-up sont propos\u00e9s en fonction des diff\u00e9rents produits de la collection. Donc apr\u00e8s, mon teint <a href=\"https:\/\/www.au-pays-des-merveilles.com\/blog\/2011\/02\/17\/mon-programme-quotidien-avene\/\">soign\u00e9<\/a> et <a href=\"https:\/\/www.au-pays-des-merveilles.com\/blog\/2011\/03\/08\/gamme-couvrance-avene\/\">sans d\u00e9faut<\/a>, j\u2019applique :<\/p>\n<p style=\"text-align: justify;\"><img decoding=\"async\" style=\"background-image: none; margin: 15px 20px 15px 0px; padding-left: 0px; padding-right: 0px; display: inline; float: left; padding-top: 0px; border: 0px;\" src=\"http:\/\/fr.clarins.com\/wcsstore\/clarins2\/images\/catalog\/T6\/C05\/C050107005.jpg\" border=\"0\" alt=\"\" align=\"left\" \/><\/p>\n<p style=\"text-align: justify;\">* le <strong>Blush Prodige<\/strong> (33,63 \u20ac): le fard \u00e0 joues poudre couleurs &amp; lumi\u00e8res. Il a des teintes mates qui sculptent le visage et des teintes iris\u00e9es qui mettent en valeur les reliefs en accrochant la lumi\u00e8re. Il est compos\u00e9 de pigments min\u00e9raux et d\u2019extraits v\u00e9g\u00e9taux pour une texture nouvelle g\u00e9n\u00e9ration et de poudre de bambou et d\u2019extrait de tomate qui assurent l&rsquo;\u00e9clat bonne mine. Plusieurs couleurs sont propos\u00e9es. Ma pr\u00e9f\u00e9rence va \u00e0 la Soft Peach, parfait pour illuminer un teint de porcelaine <em>(\u00e7a fait plus glam dit comme \u00e7a que bidet par exemple !)<\/em><\/p>\n<p style=\"text-align: justify;\"><a href=\"https:\/\/www.au-pays-des-merveilles.com\/blog\/wp-content\/uploads\/2011\/03\/image2.png\"><img loading=\"lazy\" decoding=\"async\" style=\"background-image: none; margin: 0px 0px 0px 20px; padding-left: 0px; padding-right: 0px; display: inline; float: right; padding-top: 0px; border: 0px;\" title=\"image\" src=\"https:\/\/www.au-pays-des-merveilles.com\/blog\/wp-content\/uploads\/2011\/03\/image_thumb2.png\" border=\"0\" alt=\"image\" width=\"240\" height=\"125\" align=\"right\" \/><\/a>Ensuite, je m\u2019\u00e9clate avec les diff\u00e9rentes couleurs de la sublime * <strong>palette yeux Neo Pastel Ombres &amp; Liner<\/strong> (\u00e9dition limit\u00e9e) (39,60 \u20ac). On peut utiliser les fards \u00e0 sec ou mouill\u00e9s pour un maquillage plus soutenu. Un actif anti-pollution pr\u00e9serve l\u2019\u00e9piderme fragile des paupi\u00e8res et les prot\u00e8ge \u00e9galement des radicaux libres. Je suis fan de ces couleurs toutes douces et qui se m\u00e9langent \u00e0 l\u2019infini. Et d\u2019avoir le liner dans la m\u00eame palette, c\u2019est quand m\u00eame bien pratique ! On termine le maquillage des yeux en les sublimant avec le * <strong>mascara Wonder Volume<\/strong> (22,82 \u20ac).<\/p>\n<p style=\"text-align: justify;\"><a href=\"https:\/\/www.au-pays-des-merveilles.com\/blog\/wp-content\/uploads\/2011\/03\/4.jpg\"><img loading=\"lazy\" decoding=\"async\" style=\"background-image: none; margin: 15px 20px 15px 0px; padding-left: 0px; padding-right: 0px; display: inline; float: left; padding-top: 0px; border: 0px;\" title=\"4\" src=\"https:\/\/www.au-pays-des-merveilles.com\/blog\/wp-content\/uploads\/2011\/03\/4_thumb.jpg\" border=\"0\" alt=\"4\" width=\"58\" height=\"240\" align=\"left\" \/><\/a>Et enfin, pour les l\u00e8vres, deux options s\u2019offrent \u00e0 nous ! Soit on opte pour le * <strong>Rouge Hydra Nude<\/strong> (\u00e9dition limit\u00e9e) (19,03 \u20ac) qui grace \u00e0 sa formule innovante, v\u00e9ritable concentr\u00e9 d&rsquo;actifs, se transforme en cr\u00e8me au contact des l\u00e8vres. Il glisse d\u00e9licieusement pour une application facile et une bouche aux contours d\u00e9finis. 4 teintes sont dispos, je suis fan de ces rouges, super naturels.<\/p>\n<p style=\"text-align: justify;\"><a href=\"https:\/\/www.au-pays-des-merveilles.com\/blog\/wp-content\/uploads\/2011\/03\/5.jpg\"><img loading=\"lazy\" decoding=\"async\" style=\"background-image: none; margin: 15px 0px 15px 20px; padding-left: 0px; padding-right: 0px; display: inline; float: right; padding-top: 0px; border: 0px;\" title=\"5\" src=\"https:\/\/www.au-pays-des-merveilles.com\/blog\/wp-content\/uploads\/2011\/03\/5_thumb.jpg\" border=\"0\" alt=\"5\" width=\"71\" height=\"240\" align=\"right\" \/><\/a>Soit on choisit le * <strong>Joli Rouge Brillant<\/strong> (19,97\u20ac) qui fait briller les l\u00e8vres et qui agit comme soin \u00e9galement. Les couleurs sont plus vari\u00e9es mais \u00e7a reste tr\u00e8s naturel et bien brillant. On a tous les avantages d\u2019un gloss sans les inconv\u00e9nients !<\/p>\n<p style=\"text-align: justify;\">En manque d\u2019id\u00e9es quant \u00e0 l\u2019application de toutes ces merveilles ? C\u2019est pas grave, Clarins pense \u00e0 nous puisqu\u2019il propose pas moins de cinq looks sur <a rel=\"nofollow\" rel=\"nofollow noopener noreferrer\" href=\"http:\/\/fr.clarins.com\/webapp\/wcs\/stores\/servlet\/Clarins_Neo-Pastel_collection_10001_10203_-2\" target=\"_blank\">le site<\/a> : neo pastels, nude, day time, seductive, ou trendy. Il y en a un pour chaque jour de la semaine, on s\u2019inspire et on rentabilise ! En m\u00eame temps, je ne sais pas si vous avez remarqu\u00e9 mais je vous ai indiqu\u00e9 les prix, \u00e7a reste un maquillage tr\u00e8s raisonnable non ?<\/p>\n<p style=\"text-align: justify;\">Je suis conquise par ce look romantique qui ira parfaitement avec les tendances mode du moment comme les fleurs et la dentelle ! Perfect !<\/p>\n<p style=\"text-align: justify;\">Il me tarde ce printemps quand m\u00eame !<\/p>\n<p style=\"text-align: right;\"><em>Un grand Merci \u00e0 <a rel=\"nofollow\" rel=\"nofollow noopener noreferrer\" href=\"http:\/\/fr.clarins.com\" target=\"_blank\">Clarins<\/a> de m&rsquo;avoir fait d\u00e9couvrir ces jolis produits !<\/em><\/p>\n","protected":false},"excerpt":{"rendered":"<p>CLARINS me surprend de collection en collection ! Je prends toujours autant de plaisir \u00e0 d\u00e9couvrir les nouvelles couleurs, les nouvelles mati\u00e8res des maquillages propos\u00e9s par la marque. Cette ann\u00e9e, le pastel est le ma\u00eetre mot de la collection maquillage printemps ! Ce n\u2019est pas pour me d\u00e9plaire. Je suis fan du maquillage l\u00e9ger et<\/p>\n","protected":false},"author":1,"featured_media":0,"comment_status":"open","ping_status":"open","sticky":false,"template":"","format":"standard","meta":{"footnotes":""},"categories":[6,20],"tags":[49,111,200,80],"class_list":["post-8503","post","type-post","status-publish","format-standard","hentry","category-beautiful-girl","category-buzz","tag-beaute","tag-clarins","tag-make-up","tag-maquillage"],"_links":{"self":[{"href":"https:\/\/www.au-pays-des-merveilles.com\/blog\/wp-json\/wp\/v2\/posts\/8503","targetHints":{"allow":["GET"]}}],"collection":[{"href":"https:\/\/www.au-pays-des-merveilles.com\/blog\/wp-json\/wp\/v2\/posts"}],"about":[{"href":"https:\/\/www.au-pays-des-merveilles.com\/blog\/wp-json\/wp\/v2\/types\/post"}],"author":[{"embeddable":true,"href":"https:\/\/www.au-pays-des-merveilles.com\/blog\/wp-json\/wp\/v2\/users\/1"}],"replies":[{"embeddable":true,"href":"https:\/\/www.au-pays-des-merveilles.com\/blog\/wp-json\/wp\/v2\/comments?post=8503"}],"version-history":[{"count":0,"href":"https:\/\/www.au-pays-des-merveilles.com\/blog\/wp-json\/wp\/v2\/posts\/8503\/revisions"}],"wp:attachment":[{"href":"https:\/\/www.au-pays-des-merveilles.com\/blog\/wp-json\/wp\/v2\/media?parent=8503"}],"wp:term":[{"taxonomy":"category","embeddable":true,"href":"https:\/\/www.au-pays-des-merveilles.com\/blog\/wp-json\/wp\/v2\/categories?post=8503"},{"taxonomy":"post_tag","embeddable":true,"href":"https:\/\/www.au-pays-des-merveilles.com\/blog\/wp-json\/wp\/v2\/tags?post=8503"}],"curies":[{"name":"wp","href":"https:\/\/api.w.org\/{rel}","templated":true}]}}