{"id":8538,"date":"2011-03-16T07:47:47","date_gmt":"2011-03-16T06:47:47","guid":{"rendered":"http:\/\/www.au-pays-des-merveilles.com\/blog\/?p=8538"},"modified":"2019-03-22T17:17:25","modified_gmt":"2019-03-22T15:17:25","slug":"maquillage-printemps-ete-2011-burberry","status":"publish","type":"post","link":"https:\/\/www.au-pays-des-merveilles.com\/blog\/2011\/03\/16\/maquillage-printemps-ete-2011-burberry\/","title":{"rendered":"Tendance nude chez Burberry"},"content":{"rendered":"<p style=\"text-align: justify;\"><a href=\"https:\/\/www.au-pays-des-merveilles.com\/blog\/wp-content\/uploads\/2011\/03\/image5.png\"><img loading=\"lazy\" decoding=\"async\" style=\"background-image: none; margin: 15px auto; padding-left: 0px; padding-right: 0px; display: block; float: none; padding-top: 0px; border: 0px;\" title=\"image\" src=\"https:\/\/www.au-pays-des-merveilles.com\/blog\/wp-content\/uploads\/2011\/03\/image_thumb4.png\" border=\"0\" alt=\"image\" width=\"363\" height=\"484\" \/><\/a><\/p>\n<p style=\"text-align: center;\"><em>Cr\u00e9dit photo :\u00a0 \u00ab\u00a0Courtesy of Burberry\u00a0\u00bb &amp; mannequin : \u00ab\u00a0British model Cara Delevingne\u00a0\u00bb<\/em><\/p>\n<p style=\"text-align: justify;\">Je ne connaissais pas du tout le <a rel=\"nofollow\" href=\"http:\/\/fr.burberry.com\/store\/beauty-fragrance\/?WT.ac=LP_H_B2\" class=\"broken_link\">maquillage Burberry<\/a> jusqu\u2019\u00e0 ce que je re\u00e7oive la collection Printemps-Et\u00e9 de cette ann\u00e9e. Et j\u2019en suis ravie parce que je d\u00e9couvre de nouvelles mati\u00e8res, de nouveaux parfums, de nouvelles couleurs mais aussi de nouveaux packagings. D\u2019ailleurs ils sont tellement jolis que je n\u2019ai m\u00eame pas envie de tremper mon pinceau pour ne pas les abimer (<em>compl\u00e8tement timbr\u00e9e la fille !<\/em>). Mais bon quand je vois le magnifique make-up sur la minette de cette photo, je fonce chercher mes outils et je me lance ! (<em>ouai y a du boulot on est d\u2019accord<\/em> !)<\/p>\n<p style=\"text-align: justify;\">Alors \u00e9videmment, le nude suppose un teint impeccable comme je vous le disais la semaine derni\u00e8re. 3 looks make-up sont propos\u00e9s par la marque en fonction des teintes choisies : nude, \u00e9clatant ou ensoleill\u00e9. Avec les teintes que j\u2019ai re\u00e7u, j\u2019ai fait un petit mixage des trois.<\/p>\n<p style=\"text-align: justify;\"><a href=\"https:\/\/www.au-pays-des-merveilles.com\/blog\/wp-content\/uploads\/2011\/03\/IMG_1285.jpg\"><img loading=\"lazy\" decoding=\"async\" style=\"background-image: none; margin: 15px 20px 15px 0px; padding-left: 0px; padding-right: 0px; display: inline; float: left; padding-top: 0px; border: 0px;\" title=\"IMG_1285\" src=\"https:\/\/www.au-pays-des-merveilles.com\/blog\/wp-content\/uploads\/2011\/03\/IMG_1285_thumb.jpg\" border=\"0\" alt=\"IMG_1285\" width=\"244\" height=\"226\" align=\"left\" \/><\/a>J\u2019ai appliqu\u00e9 le fard \u00e0 paupi\u00e8res Trench No.02 sur l\u2019int\u00e9gralit\u00e9 de la paupi\u00e8re ; puis j\u2019ai ajout\u00e9 la teinte Pearl Grey No.17 sur la paupi\u00e8re mobile et sous la ligne de l\u2019\u0153il pour un regard plus prononc\u00e9.<\/p>\n<p style=\"text-align: justify;\">Les fards \u00e0 paupi\u00e8res sont bien pigment\u00e9s mais j\u2019ai quand m\u00eame appliqu\u00e9 une base sur mes yeux pour bien les faire tenir.<\/p>\n<p style=\"text-align: justify;\"><a href=\"https:\/\/www.au-pays-des-merveilles.com\/blog\/wp-content\/uploads\/2011\/03\/IMG_1289.jpg\"><img loading=\"lazy\" decoding=\"async\" style=\"background-image: none; margin: 15px 0px 15px 20px; padding-left: 0px; padding-right: 0px; display: inline; float: right; padding-top: 0px; border: 0px;\" title=\"IMG_1289\" src=\"https:\/\/www.au-pays-des-merveilles.com\/blog\/wp-content\/uploads\/2011\/03\/IMG_1289_thumb.jpg\" border=\"0\" alt=\"IMG_1289\" width=\"164\" height=\"244\" align=\"right\" \/><\/a>Ensuite, j\u2019utilise le blush LIGHT GLOW Earthy Blush No.07. Je l\u2019applique sur les paumettes et je remonte jusqu\u2019\u00e0 la base des cheveux pour un effet sculptant et naturel. Les pinceaux sont de bonne qualit\u00e9, contrairement \u00e0 certaines autres marques, donc on peut tr\u00e8s bien s\u2019en servir. Mais je pr\u00e9f\u00e8re utiliser mon pinceau Sigma, plus facile pour estomper si j\u2019en mets trop ! Ces poudres sentent divinement bon !<\/p>\n<p style=\"text-align: justify;\"><a href=\"https:\/\/www.au-pays-des-merveilles.com\/blog\/wp-content\/uploads\/2011\/03\/IMG_1294.jpg\"><img loading=\"lazy\" decoding=\"async\" style=\"background-image: none; margin: 15px 20px 15px 0px; padding-left: 0px; padding-right: 0px; display: inline; float: left; padding-top: 0px; border: 0px;\" title=\"IMG_1294\" src=\"https:\/\/www.au-pays-des-merveilles.com\/blog\/wp-content\/uploads\/2011\/03\/IMG_1294_thumb.jpg\" border=\"0\" alt=\"IMG_1294\" width=\"164\" height=\"244\" align=\"left\" \/><\/a>Enfin la touche finale, et c\u2019est ce que je pr\u00e9f\u00e8re dans ce make-up : les rouges \u00e0 l\u00e8vres. Rien que les noms donnent envie : delicate rose, english rose et romantic rose. J\u2019utilise ce dernier pour finir mon look nude.<\/p>\n<p style=\"text-align: justify;\">Je suis fan de ces couleurs tr\u00e8s naturelles. Les textures sont fondantes et tiennent bien.\u00a0 Les packagings sont tops parce qu\u2019ils sont aimant\u00e9s, du coup impossible d\u2019oublier de les fermer ! De vraies petites merveilles !<\/p>\n<p style=\"text-align: justify;\">Ces couleurs sont adapt\u00e9es \u00e0 toutes les carnations pour recr\u00e9er les looks des d\u00e9fil\u00e9s <a rel=\"nofollow\" rel=\"nofollow noopener noreferrer\" href=\"http:\/\/fr.burberry.com\/store\/\" target=\"_blank\">Burberry<\/a> facilement !<\/p>\n<p style=\"text-align: justify;\"><a href=\"https:\/\/www.au-pays-des-merveilles.com\/blog\/wp-content\/uploads\/2011\/03\/image6.png\"><img loading=\"lazy\" decoding=\"async\" style=\"background-image: none; margin: 15px 0px; padding-left: 0px; padding-right: 0px; display: inline; padding-top: 0px; border: 0px;\" title=\"image\" src=\"https:\/\/www.au-pays-des-merveilles.com\/blog\/wp-content\/uploads\/2011\/03\/image_thumb5.png\" border=\"0\" alt=\"image\" width=\"214\" height=\"300\" \/><\/a><a href=\"https:\/\/www.au-pays-des-merveilles.com\/blog\/wp-content\/uploads\/2011\/03\/image7.png\"><img loading=\"lazy\" decoding=\"async\" style=\"background-image: none; margin: 15px 0px; padding-left: 0px; padding-right: 0px; display: inline; padding-top: 0px; border: 0px;\" title=\"image\" src=\"https:\/\/www.au-pays-des-merveilles.com\/blog\/wp-content\/uploads\/2011\/03\/image_thumb6.png\" border=\"0\" alt=\"image\" width=\"214\" height=\"300\" \/><\/a><a href=\"https:\/\/www.au-pays-des-merveilles.com\/blog\/wp-content\/uploads\/2011\/03\/image8.png\"><img loading=\"lazy\" decoding=\"async\" style=\"background-image: none; margin: 15px 0px; padding-left: 0px; padding-right: 0px; display: inline; padding-top: 0px; border: 0px;\" title=\"image\" src=\"https:\/\/www.au-pays-des-merveilles.com\/blog\/wp-content\/uploads\/2011\/03\/image_thumb7.png\" border=\"0\" alt=\"image\" width=\"214\" height=\"300\" \/><\/a><\/p>\n<p style=\"text-align: justify;\">Ce maquillage est parfait pour avoir bonne mine sans avoir l\u2019air maquill\u00e9e, id\u00e9al quand il fait une chaleur \u00e0 crever !<\/p>\n<p style=\"text-align: justify;\">D\u2019ailleurs pour info, pour l\u2019automne-hiver 2011, on va retrouver un peu ce style avec un regard plus intense : yeux charbonneux et sourcils travaill\u00e9s.<\/p>\n<p style=\"text-align: center;\"><a href=\"https:\/\/www.au-pays-des-merveilles.com\/blog\/wp-content\/uploads\/2011\/03\/image9.png\"><img loading=\"lazy\" decoding=\"async\" style=\"background-image: none; padding-left: 0px; padding-right: 0px; display: inline; padding-top: 0px; border: 0px;\" title=\"image\" src=\"https:\/\/www.au-pays-des-merveilles.com\/blog\/wp-content\/uploads\/2011\/03\/image_thumb8.png\" border=\"0\" alt=\"image\" width=\"324\" height=\"484\" \/><\/a><a href=\"https:\/\/www.au-pays-des-merveilles.com\/blog\/wp-content\/uploads\/2011\/03\/image10.png\"><img loading=\"lazy\" decoding=\"async\" style=\"background-image: none; padding-left: 0px; padding-right: 0px; display: inline; padding-top: 0px; border: 0px;\" title=\"image\" src=\"https:\/\/www.au-pays-des-merveilles.com\/blog\/wp-content\/uploads\/2011\/03\/image_thumb9.png\" border=\"0\" alt=\"image\" width=\"324\" height=\"484\" \/><\/a><\/p>\n<p style=\"text-align: justify;\">J\u2019ai pas l\u2019impression qu\u2019elles sont maquill\u00e9es quand je les regarde ! Bref, je vous en reparlerai d\u2019ici l\u00e0 ! En attendant, vous pouvez toujours looker le d\u00e9fil\u00e9 !<\/p>\n<div id=\"scid:5737277B-5D6D-4f48-ABFC-DD9C333F4C5D:264143fe-42fb-4934-9066-307742d557c6\" class=\"wlWriterEditableSmartContent\" style=\"margin: 0px auto; width: 448px; display: block; float: none; padding: 0px; text-align: justify;\">\n<div><object width=\"448\" height=\"252\"><param name=\"movie\" value=\"http:\/\/www.youtube.com\/v\/kjQQ_SMxbPQ?hl=en&amp;hd=1\" \/><embed type=\"application\/x-shockwave-flash\" width=\"448\" height=\"252\" src=\"http:\/\/www.youtube.com\/v\/kjQQ_SMxbPQ?hl=en&amp;hd=1\"\/><\/object><\/div>\n<\/div>\n<p style=\"text-align: right;\"><em>Merci <a rel=\"nofollow\" rel=\"nofollow noopener noreferrer\" href=\"http:\/\/fr.burberry.com\/store\/\" target=\"_blank\">Burberry<\/a> !<\/em><\/p>\n<p style=\"text-align: right;\"><em><a rel=\"nofollow\" href=\"http:\/\/fr.burberry.com\/store\/beauty-fragrance\/?WT.ac=LP_H_B2\" class=\"broken_link\">E-shop<\/a><br \/>\n<\/em><\/p>\n<div style=\"position: absolute; top: 1978.8px; left: 167px; width: 166px; height: 46px; z-index: 10000; text-align: justify;\"><\/div>\n<div style=\"position: absolute; top: 2042px; left: 167px; width: 166px; height: 46px; z-index: 10000; text-align: justify;\"><\/div>\n","protected":false},"excerpt":{"rendered":"<p>Cr\u00e9dit photo :\u00a0 \u00ab\u00a0Courtesy of Burberry\u00a0\u00bb &amp; mannequin : \u00ab\u00a0British model Cara Delevingne\u00a0\u00bb Je ne connaissais pas du tout le maquillage Burberry jusqu\u2019\u00e0 ce que je re\u00e7oive la collection Printemps-Et\u00e9 de cette ann\u00e9e. Et j\u2019en suis ravie parce que je d\u00e9couvre de nouvelles mati\u00e8res, de nouveaux parfums, de nouvelles couleurs mais aussi de nouveaux packagings.<\/p>\n","protected":false},"author":1,"featured_media":0,"comment_status":"open","ping_status":"open","sticky":false,"template":"","format":"standard","meta":{"footnotes":""},"categories":[6,20],"tags":[49,282,200,80],"class_list":["post-8538","post","type-post","status-publish","format-standard","hentry","category-beautiful-girl","category-buzz","tag-beaute","tag-burberry","tag-make-up","tag-maquillage"],"_links":{"self":[{"href":"https:\/\/www.au-pays-des-merveilles.com\/blog\/wp-json\/wp\/v2\/posts\/8538","targetHints":{"allow":["GET"]}}],"collection":[{"href":"https:\/\/www.au-pays-des-merveilles.com\/blog\/wp-json\/wp\/v2\/posts"}],"about":[{"href":"https:\/\/www.au-pays-des-merveilles.com\/blog\/wp-json\/wp\/v2\/types\/post"}],"author":[{"embeddable":true,"href":"https:\/\/www.au-pays-des-merveilles.com\/blog\/wp-json\/wp\/v2\/users\/1"}],"replies":[{"embeddable":true,"href":"https:\/\/www.au-pays-des-merveilles.com\/blog\/wp-json\/wp\/v2\/comments?post=8538"}],"version-history":[{"count":0,"href":"https:\/\/www.au-pays-des-merveilles.com\/blog\/wp-json\/wp\/v2\/posts\/8538\/revisions"}],"wp:attachment":[{"href":"https:\/\/www.au-pays-des-merveilles.com\/blog\/wp-json\/wp\/v2\/media?parent=8538"}],"wp:term":[{"taxonomy":"category","embeddable":true,"href":"https:\/\/www.au-pays-des-merveilles.com\/blog\/wp-json\/wp\/v2\/categories?post=8538"},{"taxonomy":"post_tag","embeddable":true,"href":"https:\/\/www.au-pays-des-merveilles.com\/blog\/wp-json\/wp\/v2\/tags?post=8538"}],"curies":[{"name":"wp","href":"https:\/\/api.w.org\/{rel}","templated":true}]}}