{"id":8602,"date":"2011-03-21T06:42:24","date_gmt":"2011-03-21T05:42:24","guid":{"rendered":"http:\/\/www.au-pays-des-merveilles.com\/blog\/?p=8602"},"modified":"2019-03-22T17:17:25","modified_gmt":"2019-03-22T15:17:25","slug":"wanted-coco-shine-chanel","status":"publish","type":"post","link":"https:\/\/www.au-pays-des-merveilles.com\/blog\/2011\/03\/21\/wanted-coco-shine-chanel\/","title":{"rendered":"Wanted : le rose \u00e0 l\u00e8vres de Vanessa"},"content":{"rendered":"<p style=\"text-align: justify;\">&nbsp;<\/p>\n<p><a href=\"https:\/\/www.au-pays-des-merveilles.com\/blog\/wp-content\/uploads\/2011\/03\/image12.png\"><img loading=\"lazy\" decoding=\"async\" class=\"aligncenter\" style=\"background-image: none; margin: 15px auto; padding-left: 0px; padding-right: 0px; display: block; float: none; padding-top: 0px; border: 0px;\" title=\"image\" src=\"https:\/\/www.au-pays-des-merveilles.com\/blog\/wp-content\/uploads\/2011\/03\/image_thumb11.png\" border=\"0\" alt=\"image\" width=\"430\" height=\"484\" \/><\/a><\/p>\n<p style=\"text-align: justify;\">Dites, c\u2019est quoi la couleur de son rose \u00e0 l\u00e8vres ?! Je sais juste que c\u2019est le nouveau <a rel=\"nofollow\" rel=\"nofollow noopener noreferrer\" href=\"http:\/\/www.chanel.com\/fr_FR\/parfums-beaute\/Maquillage-Rouges-%C3%A0-L%C3%A8vres-90598?WT.srch=1\" target=\"_blank\">Coco Shine de Chanel<\/a> qui sort ce mois-ci. Je trouve la couleur sublime mais je me demande si elle existe vraiment ou s\u2019il n\u2019y a pas du Photoshop l\u00e0 dessous ! Il n\u2019en demeure pas moins que je ne me lasse pas de regarder cette photo si lumineuse et qui me fait ind\u00e9niablement penser au Printemps ! Bon alors voil\u00e0, je veux le m\u00eame ! Parait il que le rose c\u2019est le nouveau rouge \u00e0 l\u00e8vres (plus facile \u00e0 assumer que le rouge non ?!).<\/p>\n<p style=\"text-align: justify;\">Bon et sinon, je rentre d\u2019un chouette week-end alsacien. Je suis d\u00e9calqu\u00e9e mais promis, j\u2019essaie de vous faire le compte rendu tr\u00e8s vite !<\/p>\n<p style=\"text-align: justify;\">Bon d\u00e9but de semaine !<\/p>\n","protected":false},"excerpt":{"rendered":"<p>&nbsp; Dites, c\u2019est quoi la couleur de son rose \u00e0 l\u00e8vres ?! Je sais juste que c\u2019est le nouveau Coco Shine de Chanel qui sort ce mois-ci. Je trouve la couleur sublime mais je me demande si elle existe vraiment ou s\u2019il n\u2019y a pas du Photoshop l\u00e0 dessous ! Il n\u2019en demeure pas moins<\/p>\n","protected":false},"author":1,"featured_media":0,"comment_status":"open","ping_status":"open","sticky":false,"template":"","format":"standard","meta":{"footnotes":""},"categories":[6],"tags":[49,463,69,206,202],"class_list":["post-8602","post","type-post","status-publish","format-standard","hentry","category-beautiful-girl","tag-beaute","tag-chanel","tag-printemps","tag-rose","tag-rouge-a-levres"],"_links":{"self":[{"href":"https:\/\/www.au-pays-des-merveilles.com\/blog\/wp-json\/wp\/v2\/posts\/8602","targetHints":{"allow":["GET"]}}],"collection":[{"href":"https:\/\/www.au-pays-des-merveilles.com\/blog\/wp-json\/wp\/v2\/posts"}],"about":[{"href":"https:\/\/www.au-pays-des-merveilles.com\/blog\/wp-json\/wp\/v2\/types\/post"}],"author":[{"embeddable":true,"href":"https:\/\/www.au-pays-des-merveilles.com\/blog\/wp-json\/wp\/v2\/users\/1"}],"replies":[{"embeddable":true,"href":"https:\/\/www.au-pays-des-merveilles.com\/blog\/wp-json\/wp\/v2\/comments?post=8602"}],"version-history":[{"count":0,"href":"https:\/\/www.au-pays-des-merveilles.com\/blog\/wp-json\/wp\/v2\/posts\/8602\/revisions"}],"wp:attachment":[{"href":"https:\/\/www.au-pays-des-merveilles.com\/blog\/wp-json\/wp\/v2\/media?parent=8602"}],"wp:term":[{"taxonomy":"category","embeddable":true,"href":"https:\/\/www.au-pays-des-merveilles.com\/blog\/wp-json\/wp\/v2\/categories?post=8602"},{"taxonomy":"post_tag","embeddable":true,"href":"https:\/\/www.au-pays-des-merveilles.com\/blog\/wp-json\/wp\/v2\/tags?post=8602"}],"curies":[{"name":"wp","href":"https:\/\/api.w.org\/{rel}","templated":true}]}}