{"id":8789,"date":"2011-04-09T08:00:49","date_gmt":"2011-04-09T06:00:49","guid":{"rendered":"http:\/\/www.au-pays-des-merveilles.com\/blog\/?p=8789"},"modified":"2019-04-28T12:15:42","modified_gmt":"2019-04-28T10:15:42","slug":"%e2%99%a1-les-liens-du-week-end-%e2%99%a1-23","status":"publish","type":"post","link":"https:\/\/www.au-pays-des-merveilles.com\/blog\/2011\/04\/09\/%e2%99%a1-les-liens-du-week-end-%e2%99%a1-23\/","title":{"rendered":"\u2661 Les liens du week-end \u2661 # 23"},"content":{"rendered":"<p><a href=\"https:\/\/www.au-pays-des-merveilles.com\/blog\/wp-content\/uploads\/2011\/04\/92-02-04-11.jpg\"><img loading=\"lazy\" decoding=\"async\" style=\"background-image: none; margin: 15px auto; padding-left: 0px; padding-right: 0px; display: block; float: none; padding-top: 0px; border: 0px;\" title=\"92-02-04-11\" src=\"https:\/\/www.au-pays-des-merveilles.com\/blog\/wp-content\/uploads\/2011\/04\/92-02-04-11_thumb.jpg\" border=\"0\" alt=\"92-02-04-11\" width=\"724\" height=\"484\" \/><\/a><\/p>\n<p style=\"text-align: justify;\">&#x2665; <strong>COOK :<\/strong> une petite<a rel=\"nofollow\" href=\"http:\/\/www.latartinegourmande.com\/2011\/04\/04\/tartelette-gluten-free\/\"> tartelette<\/a> aux l\u00e9gumes verts ? m\u00eame que la recette est en fran\u00e7ais ! <img src=\"https:\/\/www.au-pays-des-merveilles.com\/blog\/wp-includes\/images\/smilies\/3.gif\" alt=\";)\" class=\"wp-smiley\" style=\"height: 1em; max-height: 1em;\" \/><\/p>\n<p style=\"text-align: justify;\">&#x2665; <strong>VOYAGE<\/strong> : on part en<a rel=\"nofollow\" href=\"http:\/\/www.kateheadley.net\/?postID=132&amp;india\"> Inde<\/a> ce week-end grace \u00e0 <a rel=\"nofollow\" href=\"http:\/\/www.kateheadley.net\">Kate Headley<\/a> &#8230; rraaa ces photos !<\/p>\n<p style=\"text-align: justify;\">&#x2665; <strong>DIY <\/strong>: des DIY \u00e0 la pelle ? c&rsquo;est sur la nouvelle page <a rel=\"nofollow\" href=\"http:\/\/theinspiredroom.net\/diy\/\">DIY de The Inspired Room<\/a> qu&rsquo;on en trouve ! en anglais certes mais il y a du choix !<\/p>\n<p style=\"text-align: justify;\">&#x2665; <strong>MAG<\/strong> : on peut lire le Cath Kidston Mag <a rel=\"nofollow noopener noreferrer\" href=\"http:\/\/www.cathkidston.co.uk\/t-onlinemagazine.aspx\" target=\"_blank\" class=\"broken_link\">en ligne<\/a> !<\/p>\n<p style=\"text-align: justify;\">&#x2665; <strong>PHOTO <\/strong>: alors l\u00e0 c\u2019est LA bonne nouvelle de la semaine, Cannelle et Vanille viendra faire un <a rel=\"nofollow noopener noreferrer\" rel=\"nofollow noopener noreferrer\" href=\"http:\/\/cannelle-vanille.blogspot.com\/2011\/04\/announcing-my-food-styling-photography.html\" target=\"_blank\">workshop<\/a> en France en octobre (en Dordogne il me semble), je \u201cstay tuned\u201d pour ne pas louper \u00e7a !<\/p>\n<p style=\"text-align: center;\">&#x2665;&#x2665;&#x2665;&#x2665;&#x2665;&#x2665;&#x2665;&#x2665;&#x2665;&#x2665;&#x2665;&#x2665;&#x2665;&#x2665;&#x2665;&#x2665;&#x2665;&#x2665;<\/p>\n<p style=\"text-align: center;\">Et sinon, la gagnante du jeu <a href=\"https:\/\/www.au-pays-des-merveilles.com\/blog\/2011\/04\/01\/the-sims-medieval\/\" target=\"_blank\" rel=\"noopener noreferrer\">Les Sims Medieval<\/a> (<em>dont je suis compl\u00e8tement accro depuis quelques jours<\/em> !) est :<\/p>\n<p style=\"text-align: center;\">DREISS<\/p>\n<p style=\"text-align: center;\">Tu m\u2019as bien fait rire avec ton commentaire. Pour assouvir tes id\u00e9es folles, tu vas pouvoir voyager dans le temps et faire ta sorci\u00e8re ! Je te mail !<\/p>\n<p style=\"text-align: center;\">Merci \u00e0 toutes pour vos participations ! D\u2019autres cadeaux arrivent bient\u00f4t ! (<em>moi j\u2019aimerai juste arr\u00eater le temps pour pouvoir \u00e9crire tout ce que j\u2019ai \u00e0 vous dire ! c\u2019est possible vous croyez<\/em> ?!)<\/p>\n<p style=\"text-align: center;\">En attendant, on va se contenter de deux petits jours de repos !<\/p>\n<p style=\"text-align: center;\">Bon week-end !<\/p>\n","protected":false},"excerpt":{"rendered":"<p>&#x2665; COOK : une petite tartelette aux l\u00e9gumes verts ? m\u00eame que la recette est en fran\u00e7ais ! &#x2665; VOYAGE : on part en Inde ce week-end grace \u00e0 Kate Headley &#8230; rraaa ces photos ! &#x2665; DIY : des DIY \u00e0 la pelle ? c&rsquo;est sur la nouvelle page DIY de The Inspired Room<\/p>\n","protected":false},"author":1,"featured_media":0,"comment_status":"open","ping_status":"open","sticky":false,"template":"","format":"standard","meta":{"footnotes":""},"categories":[236],"tags":[440,47,1433,237,256,195,1429,56],"class_list":["post-8789","post","type-post","status-publish","format-standard","hentry","category-les-liens-du-week-end","tag-cook","tag-cuisine","tag-diy","tag-liens","tag-magazines","tag-photo","tag-voyage","tag-week-end"],"_links":{"self":[{"href":"https:\/\/www.au-pays-des-merveilles.com\/blog\/wp-json\/wp\/v2\/posts\/8789","targetHints":{"allow":["GET"]}}],"collection":[{"href":"https:\/\/www.au-pays-des-merveilles.com\/blog\/wp-json\/wp\/v2\/posts"}],"about":[{"href":"https:\/\/www.au-pays-des-merveilles.com\/blog\/wp-json\/wp\/v2\/types\/post"}],"author":[{"embeddable":true,"href":"https:\/\/www.au-pays-des-merveilles.com\/blog\/wp-json\/wp\/v2\/users\/1"}],"replies":[{"embeddable":true,"href":"https:\/\/www.au-pays-des-merveilles.com\/blog\/wp-json\/wp\/v2\/comments?post=8789"}],"version-history":[{"count":0,"href":"https:\/\/www.au-pays-des-merveilles.com\/blog\/wp-json\/wp\/v2\/posts\/8789\/revisions"}],"wp:attachment":[{"href":"https:\/\/www.au-pays-des-merveilles.com\/blog\/wp-json\/wp\/v2\/media?parent=8789"}],"wp:term":[{"taxonomy":"category","embeddable":true,"href":"https:\/\/www.au-pays-des-merveilles.com\/blog\/wp-json\/wp\/v2\/categories?post=8789"},{"taxonomy":"post_tag","embeddable":true,"href":"https:\/\/www.au-pays-des-merveilles.com\/blog\/wp-json\/wp\/v2\/tags?post=8789"}],"curies":[{"name":"wp","href":"https:\/\/api.w.org\/{rel}","templated":true}]}}