{"id":8814,"date":"2011-04-11T14:00:55","date_gmt":"2011-04-11T12:00:55","guid":{"rendered":"http:\/\/www.au-pays-des-merveilles.com\/blog\/?p=8814"},"modified":"2019-03-22T17:17:24","modified_gmt":"2019-03-22T15:17:24","slug":"projection-privee-3d-lg","status":"publish","type":"post","link":"https:\/\/www.au-pays-des-merveilles.com\/blog\/2011\/04\/11\/projection-privee-3d-lg\/","title":{"rendered":"L&rsquo;\u00e9v\u00e8nement 3D \u00e0 ne pas manquer !"},"content":{"rendered":"<p>&nbsp;<\/p>\n<p><center><object width=\"640\" height=\"390\"><param name=\"movie\" value=\"http:\/\/www.youtube.com\/v\/wFIMxHKeCa4?fs=1&amp;hl=fr_FR\" \/><param name=\"allowFullScreen\" value=\"true\" \/><param name=\"allowscriptaccess\" value=\"always\" \/><embed type=\"application\/x-shockwave-flash\" width=\"640\" height=\"390\" src=\"http:\/\/www.youtube.com\/v\/wFIMxHKeCa4?fs=1&amp;hl=fr_FR\" allowscriptaccess=\"always\" allowfullscreen=\"true\"\/><\/object><\/center><\/p>\n<p>Le 21 avril,<a rel=\"nofollow\" href=\"http:\/\/www.lg.com\/fr\/index.jsp\" class=\"broken_link\"> LG France<\/a> cr\u00e9era l\u2019\u00e9v\u00e8nement en mettant en \u0153uvre la plus grande projection priv\u00e9e en 3D au monde ! rien que \u00e7a !<\/p>\n<p style=\"text-align: justify;\">En effet, le public aura la chance d\u2019assister \u00e0 deux records du monde : la projection sur un \u00e9cran de <strong>27 m\u00e8tres de large<\/strong> et le plus grand nombre de participants pour une projection 3D.<\/p>\n<p style=\"text-align: justify;\">L\u2019\u00e9v\u00e8nement se d\u00e9roulera au <strong>Grand Palais<\/strong>, lieu o\u00f9 il n\u2019y a jamais eu de projection de films depuis sa cr\u00e9ation en 1900. Ce sera exceptionnel d\u2019autant que certaines stars vont participer \u00e0 l\u2019op\u00e9ration comme Sophie Marceau, Claude Lelouch, Pascal Elb\u00e9, Vahina Giocante \u2026 le <strong>tapis rouge<\/strong> sera d\u00e9ball\u00e9 !<\/p>\n<p style=\"text-align: justify;\">D\u2019autres animations et surprises en cours de pr\u00e9paration seront communiqu\u00e9es sur le <a rel=\"nofollow noopener noreferrer\" href=\"http:\/\/twitter.com\/#!\/LG_Blog_France\" target=\"_blank\" class=\"broken_link\">twitter LG<\/a>.<\/p>\n<p style=\"text-align: justify;\">Vous voulez participer \u00e0 cet \u00e9v\u00e8nement hors du commun, alors tentez de gagner des places en vous inscrivant <strong>exclusivement<\/strong> sur <strong>Facebook<\/strong> <strong>jusqu\u2019au 12 avril<\/strong> \u00e0 cette adresse : <a rel=\"nofollow\" href=\"http:\/\/on.fb.me\/fTMPDO\">http:\/\/on.fb.me\/fTMPDO<\/a><\/p>\n<p style=\"text-align: right;\"><em>Pr\u00eat(e)s pour un grand moment de cin\u00e9ma ?!<\/em><\/p>\n","protected":false},"excerpt":{"rendered":"<p>&nbsp; Le 21 avril, LG France cr\u00e9era l\u2019\u00e9v\u00e8nement en mettant en \u0153uvre la plus grande projection priv\u00e9e en 3D au monde ! rien que \u00e7a ! En effet, le public aura la chance d\u2019assister \u00e0 deux records du monde : la projection sur un \u00e9cran de 27 m\u00e8tres de large et le plus grand nombre<\/p>\n","protected":false},"author":1,"featured_media":0,"comment_status":"open","ping_status":"open","sticky":false,"template":"","format":"standard","meta":{"footnotes":""},"categories":[20,5],"tags":[347,70,95,113,381],"class_list":["post-8814","post","type-post","status-publish","format-standard","hentry","category-buzz","category-cinema-musique-livres","tag-3d","tag-cinema","tag-facebook","tag-lg","tag-twitter"],"_links":{"self":[{"href":"https:\/\/www.au-pays-des-merveilles.com\/blog\/wp-json\/wp\/v2\/posts\/8814","targetHints":{"allow":["GET"]}}],"collection":[{"href":"https:\/\/www.au-pays-des-merveilles.com\/blog\/wp-json\/wp\/v2\/posts"}],"about":[{"href":"https:\/\/www.au-pays-des-merveilles.com\/blog\/wp-json\/wp\/v2\/types\/post"}],"author":[{"embeddable":true,"href":"https:\/\/www.au-pays-des-merveilles.com\/blog\/wp-json\/wp\/v2\/users\/1"}],"replies":[{"embeddable":true,"href":"https:\/\/www.au-pays-des-merveilles.com\/blog\/wp-json\/wp\/v2\/comments?post=8814"}],"version-history":[{"count":0,"href":"https:\/\/www.au-pays-des-merveilles.com\/blog\/wp-json\/wp\/v2\/posts\/8814\/revisions"}],"wp:attachment":[{"href":"https:\/\/www.au-pays-des-merveilles.com\/blog\/wp-json\/wp\/v2\/media?parent=8814"}],"wp:term":[{"taxonomy":"category","embeddable":true,"href":"https:\/\/www.au-pays-des-merveilles.com\/blog\/wp-json\/wp\/v2\/categories?post=8814"},{"taxonomy":"post_tag","embeddable":true,"href":"https:\/\/www.au-pays-des-merveilles.com\/blog\/wp-json\/wp\/v2\/tags?post=8814"}],"curies":[{"name":"wp","href":"https:\/\/api.w.org\/{rel}","templated":true}]}}