{"id":885,"date":"2008-07-15T13:02:47","date_gmt":"2008-07-15T11:02:47","guid":{"rendered":"http:\/\/www.au-pays-des-merveilles.com\/blog\/?p=885"},"modified":"2019-06-23T15:28:33","modified_gmt":"2019-06-23T13:28:33","slug":"roulez-en-4x4-cet-ete","status":"publish","type":"post","link":"https:\/\/www.au-pays-des-merveilles.com\/blog\/2008\/07\/15\/roulez-en-4x4-cet-ete\/","title":{"rendered":"Roulez en 4X4 cet \u00e9t\u00e9 !"},"content":{"rendered":"<p>\u00a0<\/p>\n<div><a rel=\"nofollow noopener noreferrer\" href=\"http:\/\/www.europcar.fr\/EBE\/module\/render\/Vehicule-du-mois\" target=\"_blank\" class=\"broken_link\"><\/a><\/div>\n<p>Encore quelques jours, et mon loulou &amp; moi serons sur les routes irlandaises. Pour ce faire, on a lou\u00e9 une voiture, sinon je pense qu&rsquo;on aurait gal\u00e9r\u00e9 en bus notamment pour visiter le Connemara ! Le truc c&rsquo;est que je ne sais pas encore ce qu&rsquo;on aura comme voiture. Un d\u00e9lire qui m&rsquo;aurait fait plaisir c&rsquo;est de rouler en 4X4 histoire de bien profiter du paysage ! Rien que de voir la photo \u00e7a me donne envie !<\/p>\n<p>En ce moment, EUROPCAR\u00a0 a choisi de mettre \u00e0 l&rsquo;honneur Renault\u00a0Kol\u00e9os le premier 4&#215;4 Renault. La marque au losange quitte enfin le bitume pour s&rsquo;aventurer au pays des 4\u00d74. V\u00e9ritable voiture \u00e0 vivre, Renault Koleos est \u00e0 la fois pratique et habitable en ville comme en off road. Multi talent, Koleos associe le confort d\u2019une berline, l\u2019habilit\u00e9 d\u2019un monospace et la technologie d\u2019un 4&#215;4.<\/p>\n<p>Cet \u00e9t\u00e9, et en exclu&rsquo; sur le site de location de voiture\u00a0 <strong>EUROPCAR <\/strong>, r\u00e9servez le Kol\u00e9os avant le 31 juillet 2008 pour un d\u00e9part avant fin Ao\u00fbt et b\u00e9n\u00e9ficiez de 25 % de remise ! Dommage qu&rsquo;on est pas su avant, je pense qu&rsquo;on se serait laisser tenter !\u00a0 Attention, l&rsquo;offre est valable pour les r\u00e9servation effectu\u00e9es en Juillet et pour un d\u00e9part avant fin Ao\u00fbt. Toutes les conditions de l&rsquo;offre se trouvent sur le site.<a rel=\"nofollow\" href=\"http:\/\/www.europcar.fr\/EBE\/module\/render\/Vehicule-du-mois\" class=\"broken_link\"><strong><br \/>\n<\/strong><\/a><\/p>\n<p>Allez, en voiture Simone !<\/p>\n<p><em>Article sponsoris\u00e9<\/em><\/p>\n","protected":false},"excerpt":{"rendered":"<p>\u00a0 Encore quelques jours, et mon loulou &amp; moi serons sur les routes irlandaises. Pour ce faire, on a lou\u00e9 une voiture, sinon je pense qu&rsquo;on aurait gal\u00e9r\u00e9 en bus notamment pour visiter le Connemara ! Le truc c&rsquo;est que je ne sais pas encore ce qu&rsquo;on aura comme voiture. Un d\u00e9lire qui m&rsquo;aurait fait<\/p>\n","protected":false},"author":1,"featured_media":0,"comment_status":"open","ping_status":"open","sticky":false,"template":"","format":"standard","meta":{"footnotes":""},"categories":[20],"tags":[],"class_list":["post-885","post","type-post","status-publish","format-standard","hentry","category-buzz"],"_links":{"self":[{"href":"https:\/\/www.au-pays-des-merveilles.com\/blog\/wp-json\/wp\/v2\/posts\/885","targetHints":{"allow":["GET"]}}],"collection":[{"href":"https:\/\/www.au-pays-des-merveilles.com\/blog\/wp-json\/wp\/v2\/posts"}],"about":[{"href":"https:\/\/www.au-pays-des-merveilles.com\/blog\/wp-json\/wp\/v2\/types\/post"}],"author":[{"embeddable":true,"href":"https:\/\/www.au-pays-des-merveilles.com\/blog\/wp-json\/wp\/v2\/users\/1"}],"replies":[{"embeddable":true,"href":"https:\/\/www.au-pays-des-merveilles.com\/blog\/wp-json\/wp\/v2\/comments?post=885"}],"version-history":[{"count":0,"href":"https:\/\/www.au-pays-des-merveilles.com\/blog\/wp-json\/wp\/v2\/posts\/885\/revisions"}],"wp:attachment":[{"href":"https:\/\/www.au-pays-des-merveilles.com\/blog\/wp-json\/wp\/v2\/media?parent=885"}],"wp:term":[{"taxonomy":"category","embeddable":true,"href":"https:\/\/www.au-pays-des-merveilles.com\/blog\/wp-json\/wp\/v2\/categories?post=885"},{"taxonomy":"post_tag","embeddable":true,"href":"https:\/\/www.au-pays-des-merveilles.com\/blog\/wp-json\/wp\/v2\/tags?post=885"}],"curies":[{"name":"wp","href":"https:\/\/api.w.org\/{rel}","templated":true}]}}