{"id":8916,"date":"2011-04-14T06:31:00","date_gmt":"2011-04-14T04:31:00","guid":{"rendered":"http:\/\/www.au-pays-des-merveilles.com\/blog\/?p=8916"},"modified":"2019-06-23T15:27:45","modified_gmt":"2019-06-23T13:27:45","slug":"porefessional-bella-bamba-benefit-cadeaux","status":"publish","type":"post","link":"https:\/\/www.au-pays-des-merveilles.com\/blog\/2011\/04\/14\/porefessional-bella-bamba-benefit-cadeaux\/","title":{"rendered":"Un visage \u00e9clatant grace \u00e0 BENEFIT {cadeaux}"},"content":{"rendered":"<p style=\"text-align: justify;\"><a href=\"https:\/\/www.au-pays-des-merveilles.com\/blog\/wp-content\/uploads\/2011\/04\/image4.png\"><img loading=\"lazy\" decoding=\"async\" style=\"background-image: none; margin: 15px auto; padding-left: 0px; padding-right: 0px; display: block; float: none; padding-top: 0px; border: 0px;\" title=\"image\" src=\"https:\/\/www.au-pays-des-merveilles.com\/blog\/wp-content\/uploads\/2011\/04\/image_thumb6.png\" border=\"0\" alt=\"image\" width=\"384\" height=\"384\" \/><\/a><\/p>\n<p style=\"text-align: justify;\">Ras le bol de la peau qui brille et des pores dilat\u00e9s ? BENEFIT a trouv\u00e9 THE solution pour rendre notre teint \u00e9clatant :<\/p>\n<p style=\"text-align: justify;\">**<strong> <a rel=\"nofollow\" href=\"http:\/\/ad.zanox.com\/ppc\/?18121303C452017093T&amp;ULP=[[http:\/\/www.sephora.fr\/Maquillage\/Teint\/Base-et-Primer\/The-POREfessional\/P112916?cm_mmc=Affiliation-_-Firstcoffe-_-0-_-0]]\" class=\"broken_link\">The POREfessional<\/a>.<\/strong><\/p>\n<p style=\"text-align: justify;\"><a href=\"https:\/\/www.au-pays-des-merveilles.com\/blog\/wp-content\/uploads\/2011\/04\/image5.png\"><img loading=\"lazy\" decoding=\"async\" style=\"background-image: none; margin: 15px auto; padding-left: 0px; padding-right: 0px; display: block; float: none; padding-top: 0px; border: 0px;\" title=\"image\" src=\"https:\/\/www.au-pays-des-merveilles.com\/blog\/wp-content\/uploads\/2011\/04\/image_thumb8.png\" border=\"0\" alt=\"image\" width=\"120\" height=\"303\" \/><\/a><\/p>\n<p style=\"text-align: justify;\"><span style=\"text-decoration: underline;\">Ce qu&rsquo;en dit la marque<\/span> :le POREfessional est un baume PRO qui va aider \u00e0 resserrer les pores. Vous le passez\u00a0 avant et pourquoi pas apr\u00e8s le fond de teint, pour dire adieu \u00e0 ces vilains sur-le-champ. L\u00e9ger et non-gras, il va donner \u00e0 votre teint un fini soyeux enviable. <em>Aah !<\/em> <em>Pore<\/em>fection totale pour tous les tons de peau.<br \/>\n<a href=\"https:\/\/www.au-pays-des-merveilles.com\/blog\/wp-content\/uploads\/2011\/04\/image6.png\"><img loading=\"lazy\" decoding=\"async\" style=\"background-image: none; margin: 15px auto; padding-left: 0px; padding-right: 0px; display: block; float: none; padding-top: 0px; border: 0px;\" title=\"image\" src=\"https:\/\/www.au-pays-des-merveilles.com\/blog\/wp-content\/uploads\/2011\/04\/image_thumb10.png\" border=\"0\" alt=\"image\" width=\"220\" height=\"240\" \/><\/a><\/p>\n<p style=\"text-align: justify;\"><span style=\"text-decoration: underline;\">Ce que j&rsquo;en dis<\/span> : je n&rsquo;ai pas les pores particuli\u00e8rement dilat\u00e9s, du coup je vous avouerai que j&rsquo;ai pas bien vu la diff\u00e9rence ! En revanche, la peau est plus lisse et plus douce au toucher, elle me fait penser \u00e0 une base de make up qui vient lisser le teint. Dans le m\u00eame genre, je pr\u00e9f\u00e8re une autre cr\u00e8me de la gamme PHILOSOPHY, je vous en reparle tr\u00e8s bient\u00f4t !<br \/>\nDe plus, je trouve qu&rsquo;ils auraient pu en mettre un peu plus parce que la contenance est petite, surtout vu le prix. (32 \u20ac les 22 ml)<\/p>\n<p style=\"text-align: justify;\">** <strong><a rel=\"nofollow\" href=\"http:\/\/ad.zanox.com\/ppc\/?18121303C452017093T&amp;ULP=[[http:\/\/www.sephora.fr\/Maquillage\/Teint\/Blush\/Bella-Bamba\/P401045?cm_mmc=Affiliation-_-Firstcoffe-_-0-_-0]]\" class=\"broken_link\">BELLA BAMBA<\/a>.<\/strong><\/p>\n<p style=\"text-align: justify;\"><a href=\"https:\/\/www.au-pays-des-merveilles.com\/blog\/wp-content\/uploads\/2011\/04\/5.jpg\"><img loading=\"lazy\" decoding=\"async\" style=\"background-image: none; margin: 15px auto; padding-left: 0px; padding-right: 0px; display: block; float: none; padding-top: 0px; border: 0px;\" title=\"5\" src=\"https:\/\/www.au-pays-des-merveilles.com\/blog\/wp-content\/uploads\/2011\/04\/5_thumb.jpg\" border=\"0\" alt=\"5\" width=\"300\" height=\"271\" \/><\/a><\/p>\n<p style=\"text-align: justify;\"><span style=\"text-decoration: underline;\">Ce qu&rsquo;en dit la marque<\/span> : Une nouvelle poudre pour un teint naturel, \u00e9clatant et en 3D !! La triple dimension du rose \u2026 Bella bamba enlumine, sculpte et d\u00e9finit. Avec ses nuances ros\u00e9es et l\u00e9g\u00e8rement iris\u00e9es, ce blush produit un effet multidimensionnel. S\u2019adapte \u00e0 toutes les formes du visage et tous les teints ! La teinte rose past\u00e8que aux nuances dor\u00e9es et paillet\u00e9es enlumine tous les visages. Il s\u2019applique tr\u00e8s facilement gr\u00e2ce \u00e0 son pinceau ultra doux et au petit miroir cach\u00e9 dans le couvercle. habill\u00e9 lui-m\u00eame d\u2019une jolie robe dentelle, et de plumes fa\u00e7on carnaval de Rio, Bella Bamba saura se faire discret dans les plus petits sacs \u00e0 mains. A utiliser comme blush sur les joues ou comme poudre sur le visage il fait scintiller la peau pour un effet \u00e0 tomber !<\/p>\n<p style=\"text-align: justify;\"><a href=\"https:\/\/www.au-pays-des-merveilles.com\/blog\/wp-content\/uploads\/2011\/04\/image7.png\"><img loading=\"lazy\" decoding=\"async\" style=\"background-image: none; margin: 15px auto; padding-left: 0px; padding-right: 0px; display: block; float: none; padding-top: 0px; border: 0px;\" title=\"image\" src=\"https:\/\/www.au-pays-des-merveilles.com\/blog\/wp-content\/uploads\/2011\/04\/image_thumb12.png\" border=\"0\" alt=\"image\" width=\"240\" height=\"229\" \/><\/a><\/p>\n<p style=\"text-align: justify;\"><span style=\"text-decoration: underline;\">Ce que j&rsquo;en dis<\/span> : GROS coup de &#x2665; pour ce blush ! J&rsquo;\u00e9tais d\u00e9j\u00e0 fan du Coralista de la m\u00eame marque ! Maintenant je suis une addict \u00e0 celui ci ! Le packaging d\u00e9j\u00e0, super mimi et tr\u00e8s pratique puisqu&rsquo;il fait petit coffret et du coup on ne perd pas le couvercle, et \u00e0 l&rsquo;int\u00e9rieur il y a une petite glace et un pinceau qui permettent de faire des retouches dans la journ\u00e9e. Ensuite, la couleur : ce rose est magnifique avec ses petites touches de dor\u00e9, \u00e7a rebooste le teint et donne tout de suite bonne mine sans ressembler \u00e0 une poup\u00e9e russe ! Bon \u00e9videmment inutile de vous dire qu&rsquo;il faut avoir la main l\u00e9g\u00e8re quand m\u00eame hein parce qu&rsquo;il est bien pigment\u00e9 ! Et pour le coup, pour ce produit l\u00e0, vous en avez pour votre argent ! Oui il fait aussi 32 \u20ac mais il va durer ! J&rsquo;ai mon Coralista depuis 2 ans maintenant et j&rsquo;ai l&rsquo;impression qu&rsquo;il est comme neuf, c&rsquo;est pour vous dire !<br \/>\nMaintenant que j&rsquo;ai test\u00e9 ces deux petites choses chez Benefit, je suis tr\u00e8s tent\u00e9e d&rsquo;essayer le High Beam &#8230;<\/p>\n<p style=\"text-align: justify;\">&nbsp;<\/p>\n<h1 style=\"text-align: justify;\"><span style=\"color: #ff99cc;\"><em><strong>~ CADEAUX ~<\/strong> <\/em><\/span><\/h1>\n<p style=\"text-align: justify;\">Vous voulez vous aussi vous la jouer Bella Bomba ?! Alors aujourd&rsquo;hui c&rsquo;est la f\u00eate <span style=\"text-decoration: line-through;\">(du slip)<\/span> puisque <a rel=\"nofollow\" href=\"http:\/\/www.sephora.fr\">Sephora<\/a> vous offre un baume \u00ab\u00a0<strong>The POREfessional<\/strong>\u00a0\u00bb et un blush \u00ab\u00a0<strong>BELLA BAMBA<\/strong>\u00ab\u00a0. Pour cela vous me laissez<strong> un commentaire<\/strong> avec une adresse mail valide et vous me dites pour quel produit de beaut\u00e9 vous participez. Comme \u00e7a il y aura 2 gagnantes !\u00a0 Vous avez <strong>jusqu&rsquo;au 22 avril 20h<\/strong> pour jouer. <strong>Tirage au sort et r\u00e9sultats le 23 avril 2011<\/strong> dans le billet du samedi. Je contacterai les gagnantes pour avoir leurs coordonn\u00e9es postales.<\/p>\n<p style=\"text-align: right;\"><em>Un GRAND Merci \u00e0 Camille de <\/em><em>Sephora<\/em><em> !<\/em><\/p>\n","protected":false},"excerpt":{"rendered":"<p>Ras le bol de la peau qui brille et des pores dilat\u00e9s ? BENEFIT a trouv\u00e9 THE solution pour rendre notre teint \u00e9clatant : ** The POREfessional. Ce qu&rsquo;en dit la marque :le POREfessional est un baume PRO qui va aider \u00e0 resserrer les pores. Vous le passez\u00a0 avant et pourquoi pas apr\u00e8s le fond<\/p>\n","protected":false},"author":1,"featured_media":0,"comment_status":"open","ping_status":"open","sticky":false,"template":"","format":"standard","meta":{"footnotes":""},"categories":[6],"tags":[49,500,497,498,245,359,499,206,106],"class_list":["post-8916","post","type-post","status-publish","format-standard","hentry","category-beautiful-girl","tag-beaute","tag-bella-bamba","tag-benefit","tag-blush","tag-cadeau","tag-jeu","tag-porefessional","tag-rose","tag-sephora"],"_links":{"self":[{"href":"https:\/\/www.au-pays-des-merveilles.com\/blog\/wp-json\/wp\/v2\/posts\/8916","targetHints":{"allow":["GET"]}}],"collection":[{"href":"https:\/\/www.au-pays-des-merveilles.com\/blog\/wp-json\/wp\/v2\/posts"}],"about":[{"href":"https:\/\/www.au-pays-des-merveilles.com\/blog\/wp-json\/wp\/v2\/types\/post"}],"author":[{"embeddable":true,"href":"https:\/\/www.au-pays-des-merveilles.com\/blog\/wp-json\/wp\/v2\/users\/1"}],"replies":[{"embeddable":true,"href":"https:\/\/www.au-pays-des-merveilles.com\/blog\/wp-json\/wp\/v2\/comments?post=8916"}],"version-history":[{"count":0,"href":"https:\/\/www.au-pays-des-merveilles.com\/blog\/wp-json\/wp\/v2\/posts\/8916\/revisions"}],"wp:attachment":[{"href":"https:\/\/www.au-pays-des-merveilles.com\/blog\/wp-json\/wp\/v2\/media?parent=8916"}],"wp:term":[{"taxonomy":"category","embeddable":true,"href":"https:\/\/www.au-pays-des-merveilles.com\/blog\/wp-json\/wp\/v2\/categories?post=8916"},{"taxonomy":"post_tag","embeddable":true,"href":"https:\/\/www.au-pays-des-merveilles.com\/blog\/wp-json\/wp\/v2\/tags?post=8916"}],"curies":[{"name":"wp","href":"https:\/\/api.w.org\/{rel}","templated":true}]}}