{"id":8998,"date":"2011-04-25T22:07:17","date_gmt":"2011-04-25T20:07:17","guid":{"rendered":"http:\/\/www.au-pays-des-merveilles.com\/blog\/?p=8998"},"modified":"2019-03-22T17:17:23","modified_gmt":"2019-03-22T15:17:23","slug":"petite-pause-printaniere","status":"publish","type":"post","link":"https:\/\/www.au-pays-des-merveilles.com\/blog\/2011\/04\/25\/petite-pause-printaniere\/","title":{"rendered":"Petite pause printani\u00e8re"},"content":{"rendered":"<p style=\"text-align: justify;\"><a href=\"https:\/\/www.au-pays-des-merveilles.com\/blog\/wp-content\/uploads\/2011\/04\/DSC00248.JPG_effected.jpg\"><img loading=\"lazy\" decoding=\"async\" style=\"background-image: none; margin: 15px 20px 15px 0px; padding-left: 0px; padding-right: 0px; display: inline; float: left; padding-top: 0px; border: 0px;\" title=\"DSC00248.JPG_effected\" src=\"https:\/\/www.au-pays-des-merveilles.com\/blog\/wp-content\/uploads\/2011\/04\/DSC00248.JPG_effected_thumb.jpg\" border=\"0\" alt=\"DSC00248.JPG_effected\" width=\"274\" height=\"484\" align=\"left\" \/><\/a>Alors que certains reprennent le chemin de l\u2019\u00e9cole, moi je pars quelques jours prendre l\u2019air ! Je vous raconterai \u00e7a bien entendu. Du coup, je ne pense pas \u00eatre tr\u00e8s pr\u00e9sente par ici.<\/p>\n<p style=\"text-align: justify;\">J\u2019essaierai de faire un maximum de jolies photos et surtout d\u2019avoir un peu de temps pour \u00e9crire tout ce que j\u2019ai \u00e0 vous dire !<\/p>\n<p style=\"text-align: justify;\">J\u2019en profite pour vous annoncer que j\u2019ai ouvert <a rel=\"nofollow noopener noreferrer\" href=\"http:\/\/www.etsy.com\/shop\/missginy\/\" target=\"_blank\" class=\"broken_link\">mon petit shop Etsy<\/a> sur lequel je vends des exemplaires de mes photos. J\u2019en suis tr\u00e8s heureuse parce que ce projet me tenait vraiment \u00e0 c\u0153ur,\u00a0 et c\u2019est grace \u00e0 l\u2019aide de <a rel=\"nofollow\" rel=\"nofollow noopener noreferrer\" href=\"http:\/\/www.vertcerise.com\/\" target=\"_blank\">Vert Cerise<\/a> <em>(et sa patience et ses pr\u00e9cieux conseils)<\/em> que j\u2019ai pu concr\u00e9tiser cette id\u00e9e. Merci merci Madame ! Ce ne fut pas tr\u00e8s facile \u00e0 mettre en place surtout niveau logistique mais m\u00eame si je ne compte pas faire fortune avec mes \u201c\u0153uvres\u201d, j\u2019esp\u00e8re surtout qu\u2019elles pourront m\u2019ouvrir certaines portes. A suivre \u2026 !<\/p>\n<p style=\"text-align: justify;\">Et sinon, j\u2019esp\u00e8re que vous avez pass\u00e9 de jolies f\u00eates de P\u00e2ques et que les cloches vous ont bien g\u00e2t\u00e9.<\/p>\n<p style=\"text-align: justify;\">Je vous souhaite une belle semaine et vous dis \u00e0 tr\u00e8s vite \u2026<\/p>\n","protected":false},"excerpt":{"rendered":"<p>Alors que certains reprennent le chemin de l\u2019\u00e9cole, moi je pars quelques jours prendre l\u2019air ! Je vous raconterai \u00e7a bien entendu. Du coup, je ne pense pas \u00eatre tr\u00e8s pr\u00e9sente par ici. J\u2019essaierai de faire un maximum de jolies photos et surtout d\u2019avoir un peu de temps pour \u00e9crire tout ce que j\u2019ai \u00e0<\/p>\n","protected":false},"author":1,"featured_media":0,"comment_status":"open","ping_status":"open","sticky":false,"template":"","format":"standard","meta":{"footnotes":""},"categories":[13,26],"tags":[357,517,520,516,195,69,519,518],"class_list":["post-8998","post","type-post","status-publish","format-standard","hentry","category-calendrier","category-photography","tag-calendrier-2","tag-etsy","tag-miss-giny-photography","tag-pause","tag-photo","tag-printemps","tag-shop","tag-vert-cerise"],"_links":{"self":[{"href":"https:\/\/www.au-pays-des-merveilles.com\/blog\/wp-json\/wp\/v2\/posts\/8998","targetHints":{"allow":["GET"]}}],"collection":[{"href":"https:\/\/www.au-pays-des-merveilles.com\/blog\/wp-json\/wp\/v2\/posts"}],"about":[{"href":"https:\/\/www.au-pays-des-merveilles.com\/blog\/wp-json\/wp\/v2\/types\/post"}],"author":[{"embeddable":true,"href":"https:\/\/www.au-pays-des-merveilles.com\/blog\/wp-json\/wp\/v2\/users\/1"}],"replies":[{"embeddable":true,"href":"https:\/\/www.au-pays-des-merveilles.com\/blog\/wp-json\/wp\/v2\/comments?post=8998"}],"version-history":[{"count":0,"href":"https:\/\/www.au-pays-des-merveilles.com\/blog\/wp-json\/wp\/v2\/posts\/8998\/revisions"}],"wp:attachment":[{"href":"https:\/\/www.au-pays-des-merveilles.com\/blog\/wp-json\/wp\/v2\/media?parent=8998"}],"wp:term":[{"taxonomy":"category","embeddable":true,"href":"https:\/\/www.au-pays-des-merveilles.com\/blog\/wp-json\/wp\/v2\/categories?post=8998"},{"taxonomy":"post_tag","embeddable":true,"href":"https:\/\/www.au-pays-des-merveilles.com\/blog\/wp-json\/wp\/v2\/tags?post=8998"}],"curies":[{"name":"wp","href":"https:\/\/api.w.org\/{rel}","templated":true}]}}