{"id":9,"date":"2007-12-29T09:24:18","date_gmt":"2007-12-29T08:24:18","guid":{"rendered":"http:\/\/www.au-pays-des-merveilles.com\/blog\/?p=9"},"modified":"2019-04-28T12:18:20","modified_gmt":"2019-04-28T10:18:20","slug":"douceur-autrichienne-le-sachertorte","status":"publish","type":"post","link":"https:\/\/www.au-pays-des-merveilles.com\/blog\/2007\/12\/29\/douceur-autrichienne-le-sachertorte\/","title":{"rendered":"Douceur autrichienne : le Sachertorte"},"content":{"rendered":"<p align=\"center\"><a href=\"https:\/\/www.au-pays-des-merveilles.com\/blog\/wp-content\/uploads\/2007\/12\/dsc00060.JPG\" title=\"sacher\"><\/a><a href=\"https:\/\/www.au-pays-des-merveilles.com\/blog\/wp-content\/uploads\/2007\/12\/dsc00043.JPG\" title=\"Sachertorte\"><img decoding=\"async\" src=\"https:\/\/www.au-pays-des-merveilles.com\/blog\/wp-content\/uploads\/2007\/12\/dsc00043.JPG\" alt=\"Sachertorte\" \/><\/a><\/p>\n<p align=\"center\">Depuis que je suis pass\u00e9e par l&rsquo;Autriche, ce g\u00e2teau est mon p\u00e9ch\u00e9 mignon ! A Vienne, on d\u00e9guste cette petite douceur avec un chocolat viennois &#8230; C&rsquo;est une g\u00e9noise l\u00e9g\u00e8re de chocolat fourr\u00e9 avec de la confiture d&rsquo;abricot, recouvert d&rsquo;une ganache chocolat-caramel. Un d\u00e9lice ! J&rsquo;ai m\u00eame trouv\u00e9 un site enti\u00e8rement consacr\u00e9 \u00e0 ce dessert ICI !<\/p>\n<p align=\"center\">Je me suis test\u00e9e pour le go\u00fbter de No\u00ebl ! j&rsquo;ai r\u00e9ussi. Il \u00e9tait vraiment tr\u00e8s bon. Ce n&rsquo;est pas difficile \u00e0 r\u00e9aliser mais un peu fastidieux. Le plus dur c&rsquo;est de r\u00e9ussir la ganache. Je l&rsquo;ai recommenc\u00e9 d&rsquo;ailleurs parce qu&rsquo;elle ne me plaisait pas ! j&rsquo;ai bien fait ! c&rsquo;est excellent ! Recette sur demande ! ^^<\/p>\n<p align=\"center\"><a href=\"https:\/\/www.au-pays-des-merveilles.com\/blog\/wp-content\/uploads\/2007\/12\/dsc00060.JPG\" title=\"sacher\"><img decoding=\"async\" src=\"https:\/\/www.au-pays-des-merveilles.com\/blog\/wp-content\/uploads\/2007\/12\/dsc00060.thumbnail.JPG\" alt=\"sacher\" \/><\/a><\/p>\n<p align=\"center\">Derri\u00e8re on peut voir \u00e9galement les petits sabl\u00e9s de No\u00ebl \u00e0 la cannelle ! tr\u00e8s bon \u00e9galement (<em>surtout pour les cuisses<\/em> !!). Recette sur demande \u00e9galement &#8230;<\/p>\n<p align=\"center\"><em>Et vous, avez vous test\u00e9 des nouvelles recettes pendant ces petites vacances ?!<\/em><\/p>\n<p align=\"center\">&nbsp;<\/p>\n","protected":false},"excerpt":{"rendered":"<p>Depuis que je suis pass\u00e9e par l&rsquo;Autriche, ce g\u00e2teau est mon p\u00e9ch\u00e9 mignon ! A Vienne, on d\u00e9guste cette petite douceur avec un chocolat viennois &#8230; C&rsquo;est une g\u00e9noise l\u00e9g\u00e8re de chocolat fourr\u00e9 avec de la confiture d&rsquo;abricot, recouvert d&rsquo;une ganache chocolat-caramel. Un d\u00e9lice ! J&rsquo;ai m\u00eame trouv\u00e9 un site enti\u00e8rement consacr\u00e9 \u00e0 ce dessert<\/p>\n","protected":false},"author":1,"featured_media":0,"comment_status":"open","ping_status":"open","sticky":false,"template":"","format":"standard","meta":{"footnotes":""},"categories":[10],"tags":[],"class_list":["post-9","post","type-post","status-publish","format-standard","hentry","category-cook-book"],"_links":{"self":[{"href":"https:\/\/www.au-pays-des-merveilles.com\/blog\/wp-json\/wp\/v2\/posts\/9","targetHints":{"allow":["GET"]}}],"collection":[{"href":"https:\/\/www.au-pays-des-merveilles.com\/blog\/wp-json\/wp\/v2\/posts"}],"about":[{"href":"https:\/\/www.au-pays-des-merveilles.com\/blog\/wp-json\/wp\/v2\/types\/post"}],"author":[{"embeddable":true,"href":"https:\/\/www.au-pays-des-merveilles.com\/blog\/wp-json\/wp\/v2\/users\/1"}],"replies":[{"embeddable":true,"href":"https:\/\/www.au-pays-des-merveilles.com\/blog\/wp-json\/wp\/v2\/comments?post=9"}],"version-history":[{"count":0,"href":"https:\/\/www.au-pays-des-merveilles.com\/blog\/wp-json\/wp\/v2\/posts\/9\/revisions"}],"wp:attachment":[{"href":"https:\/\/www.au-pays-des-merveilles.com\/blog\/wp-json\/wp\/v2\/media?parent=9"}],"wp:term":[{"taxonomy":"category","embeddable":true,"href":"https:\/\/www.au-pays-des-merveilles.com\/blog\/wp-json\/wp\/v2\/categories?post=9"},{"taxonomy":"post_tag","embeddable":true,"href":"https:\/\/www.au-pays-des-merveilles.com\/blog\/wp-json\/wp\/v2\/tags?post=9"}],"curies":[{"name":"wp","href":"https:\/\/api.w.org\/{rel}","templated":true}]}}